{"id":17306,"date":"2014-06-25T13:12:50","date_gmt":"2014-06-25T12:12:50","guid":{"rendered":"http:\/\/www.lacoifferie.ch\/new\/?p=17306"},"modified":"2025-06-11T18:25:25","modified_gmt":"2025-06-11T16:25:25","slug":"colorzoom-challenge-2014-stephanie-est-nominee","status":"publish","type":"post","link":"https:\/\/www.lacoifferie.ch\/?p=17306","title":{"rendered":"ColorZoom Challenge 2014, St\u00e9phanie est nomin\u00e9e !!!"},"content":{"rendered":"<div class=\"wpb-content-wrapper\"><div     class=\"vc_row wpb_row section \" style=' text-align:left;'><div class=\" full_section_inner clearfix\"><div class=\"wpb_column vc_column_container vc_col-sm-12\"><div class=\"vc_column-inner\"><div class=\"wpb_wrapper\">\n\t<div class=\"wpb_text_column wpb_content_element \">\n\t\t<div class=\"wpb_wrapper\">\n\t\t\t<p style=\"text-align: center;\"><span class=\"userContent\"><strong>MAGNIFIQUE NOUVELLE LES AMIS !!!<\/strong><br \/>\n<strong>St\u00e9phanie Bergmann<\/strong> est s\u00e9lectionn\u00e9e parmi les 5 meilleurs dans la cat\u00e9gorie <strong>\u00ab\u00a0Creative Colorist\u00a0\u00bb<\/strong> du concours<br \/>\n<strong>\u00ab\u00a0Color Zoom Challenge 14\u2033<\/strong> organis\u00e9 par <strong>Goldwell<\/strong> !<br \/>\nToutes nos f\u00e9licitations et merci \u00e0 toute l\u2019\u00e9quipe pour ce magnifique travail !<br \/>\nOn croise les doigts pour les r\u00e9sultats le 11 juillet prochain ! <\/span>D\u00e9couvrez les 13 nomin\u00e9s &#8230;<\/p>\n<p>Coiffure : <em><strong>St\u00e9phanie Bergmann<\/strong><\/em><br \/>\nSalon : <em><strong>La Coifferie<\/strong><\/em><br \/>\nModel : <em><strong>Lou<\/strong><\/em><br \/>\nPhoto : <em><a title=\"Looka\" href=\"http:\/\/www.looka.ch\" target=\"_blank\" rel=\"noopener\"><strong>Luca Carmagnola<\/strong><\/a><\/em><\/p>\n<div id=\"attachment_17763\" style=\"width: 438px\" class=\"wp-caption aligncenter\"><a href=\"http:\/\/www.lacoifferie.ch\/new\/wp-content\/uploads\/2014\/08\/Creative-Colorist_Stephanie-Bergmann_La-Coifferie_Vevey.jpg\"><img loading=\"lazy\" decoding=\"async\" aria-describedby=\"caption-attachment-17763\" class=\"wp-image-17763\" src=\"http:\/\/www.lacoifferie.ch\/new\/wp-content\/uploads\/2014\/08\/Creative-Colorist_Stephanie-Bergmann_La-Coifferie_Vevey-797x1024.jpg\" alt=\"Creative Colorist - St\u00e9phanie Bergmann - La Coifferie \u00e0 Vevey\" width=\"428\" height=\"550\" srcset=\"https:\/\/www.lacoifferie.ch\/new\/wp-content\/uploads\/2014\/08\/Creative-Colorist_Stephanie-Bergmann_La-Coifferie_Vevey-797x1024.jpg 797w, https:\/\/www.lacoifferie.ch\/new\/wp-content\/uploads\/2014\/08\/Creative-Colorist_Stephanie-Bergmann_La-Coifferie_Vevey-233x300.jpg 233w, https:\/\/www.lacoifferie.ch\/new\/wp-content\/uploads\/2014\/08\/Creative-Colorist_Stephanie-Bergmann_La-Coifferie_Vevey.jpg 1595w\" sizes=\"auto, (max-width: 428px) 100vw, 428px\" \/><\/a><p id=\"caption-attachment-17763\" class=\"wp-caption-text\">Creative Colorist &#8211; St\u00e9phanie Bergmann &#8211; La Coifferie \u00e0 Vevey<\/p><\/div>\n<p>&nbsp;<\/p>\n\n\t\t<style type=\"text\/css\">\n\t\t\t#gallery-1 {\n\t\t\t\tmargin: auto;\n\t\t\t}\n\t\t\t#gallery-1 .gallery-item {\n\t\t\t\tfloat: left;\n\t\t\t\tmargin-top: 10px;\n\t\t\t\ttext-align: center;\n\t\t\t\twidth: 33%;\n\t\t\t}\n\t\t\t#gallery-1 img {\n\t\t\t\tborder: 2px solid #cfcfcf;\n\t\t\t}\n\t\t\t#gallery-1 .gallery-caption {\n\t\t\t\tmargin-left: 0;\n\t\t\t}\n\t\t\t\/* see gallery_shortcode() in wp-includes\/media.php *\/\n\t\t<\/style>\n\t\t<div id='gallery-1' class='gallery galleryid-17306 gallery-columns-3 gallery-size-thumbnail'><dl class='gallery-item'>\n\t\t\t<dt class='gallery-icon portrait'>\n\t\t\t\t<a href='https:\/\/www.lacoifferie.ch\/new\/wp-content\/uploads\/2014\/08\/Creative-Colorist_Stephanie-Bergmann_La-Coifferie_Vevey.jpg'><img loading=\"lazy\" decoding=\"async\" width=\"150\" height=\"150\" src=\"https:\/\/www.lacoifferie.ch\/new\/wp-content\/uploads\/2014\/08\/Creative-Colorist_Stephanie-Bergmann_La-Coifferie_Vevey-150x150.jpg\" class=\"attachment-thumbnail size-thumbnail\" alt=\"\" aria-describedby=\"gallery-1-17763\" srcset=\"https:\/\/www.lacoifferie.ch\/new\/wp-content\/uploads\/2014\/08\/Creative-Colorist_Stephanie-Bergmann_La-Coifferie_Vevey-150x150.jpg 150w, https:\/\/www.lacoifferie.ch\/new\/wp-content\/uploads\/2014\/08\/Creative-Colorist_Stephanie-Bergmann_La-Coifferie_Vevey-85x85.jpg 85w, https:\/\/www.lacoifferie.ch\/new\/wp-content\/uploads\/2014\/08\/Creative-Colorist_Stephanie-Bergmann_La-Coifferie_Vevey-550x550.jpg 550w\" sizes=\"auto, (max-width: 150px) 100vw, 150px\" \/><\/a>\n\t\t\t<\/dt>\n\t\t\t\t<dd class='wp-caption-text gallery-caption' id='gallery-1-17763'>\n\t\t\t\tCreative Colorist &#8211; St\u00e9phanie Bergmann &#8211; La Coifferie \u00e0 Vevey\n\t\t\t\t<\/dd><\/dl><dl class='gallery-item'>\n\t\t\t<dt class='gallery-icon portrait'>\n\t\t\t\t<a href='https:\/\/www.lacoifferie.ch\/new\/wp-content\/uploads\/2014\/08\/New-Talent-Colorist_Melanie-Jacquemoud_Oceane-Coiffure_Monthey.jpg'><img loading=\"lazy\" decoding=\"async\" width=\"150\" height=\"150\" src=\"https:\/\/www.lacoifferie.ch\/new\/wp-content\/uploads\/2014\/08\/New-Talent-Colorist_Melanie-Jacquemoud_Oceane-Coiffure_Monthey-150x150.jpg\" class=\"attachment-thumbnail size-thumbnail\" alt=\"\" aria-describedby=\"gallery-1-17767\" srcset=\"https:\/\/www.lacoifferie.ch\/new\/wp-content\/uploads\/2014\/08\/New-Talent-Colorist_Melanie-Jacquemoud_Oceane-Coiffure_Monthey-150x150.jpg 150w, https:\/\/www.lacoifferie.ch\/new\/wp-content\/uploads\/2014\/08\/New-Talent-Colorist_Melanie-Jacquemoud_Oceane-Coiffure_Monthey-85x85.jpg 85w, https:\/\/www.lacoifferie.ch\/new\/wp-content\/uploads\/2014\/08\/New-Talent-Colorist_Melanie-Jacquemoud_Oceane-Coiffure_Monthey-550x550.jpg 550w\" sizes=\"auto, (max-width: 150px) 100vw, 150px\" \/><\/a>\n\t\t\t<\/dt>\n\t\t\t\t<dd class='wp-caption-text gallery-caption' id='gallery-1-17767'>\n\t\t\t\tNew Talent Colorist &#8211; Melanie Jacquemoud &#8211; Oceane Coiffure \u00e0 Monthey\n\t\t\t\t<\/dd><\/dl><dl class='gallery-item'>\n\t\t\t<dt class='gallery-icon landscape'>\n\t\t\t\t<a href='https:\/\/www.lacoifferie.ch\/new\/wp-content\/uploads\/2014\/08\/Partner-Colorist_Fabrice-Chesaux_Au-Travers-d-une-Odysee_Monthey.jpg'><img loading=\"lazy\" decoding=\"async\" width=\"150\" height=\"150\" src=\"https:\/\/www.lacoifferie.ch\/new\/wp-content\/uploads\/2014\/08\/Partner-Colorist_Fabrice-Chesaux_Au-Travers-d-une-Odysee_Monthey-150x150.jpg\" class=\"attachment-thumbnail size-thumbnail\" alt=\"\" aria-describedby=\"gallery-1-17770\" srcset=\"https:\/\/www.lacoifferie.ch\/new\/wp-content\/uploads\/2014\/08\/Partner-Colorist_Fabrice-Chesaux_Au-Travers-d-une-Odysee_Monthey-150x150.jpg 150w, https:\/\/www.lacoifferie.ch\/new\/wp-content\/uploads\/2014\/08\/Partner-Colorist_Fabrice-Chesaux_Au-Travers-d-une-Odysee_Monthey-85x85.jpg 85w, https:\/\/www.lacoifferie.ch\/new\/wp-content\/uploads\/2014\/08\/Partner-Colorist_Fabrice-Chesaux_Au-Travers-d-une-Odysee_Monthey-550x550.jpg 550w\" sizes=\"auto, (max-width: 150px) 100vw, 150px\" \/><\/a>\n\t\t\t<\/dt>\n\t\t\t\t<dd class='wp-caption-text gallery-caption' id='gallery-1-17770'>\n\t\t\t\tPartner Colorist &#8211; Fabrice Chesaux &#8211; Au Travers d&rsquo;une Odysee \u00e0 Monthey\n\t\t\t\t<\/dd><\/dl><br style=\"clear: both\" \/><dl class='gallery-item'>\n\t\t\t<dt class='gallery-icon portrait'>\n\t\t\t\t<a href='https:\/\/www.lacoifferie.ch\/new\/wp-content\/uploads\/2014\/08\/New-Talent-Colorist_Dany-Maugeri_Au-Travers-d-une-Odysee_Monthey.jpg'><img loading=\"lazy\" decoding=\"async\" width=\"150\" height=\"150\" src=\"https:\/\/www.lacoifferie.ch\/new\/wp-content\/uploads\/2014\/08\/New-Talent-Colorist_Dany-Maugeri_Au-Travers-d-une-Odysee_Monthey-150x150.jpg\" class=\"attachment-thumbnail size-thumbnail\" alt=\"\" aria-describedby=\"gallery-1-17765\" srcset=\"https:\/\/www.lacoifferie.ch\/new\/wp-content\/uploads\/2014\/08\/New-Talent-Colorist_Dany-Maugeri_Au-Travers-d-une-Odysee_Monthey-150x150.jpg 150w, https:\/\/www.lacoifferie.ch\/new\/wp-content\/uploads\/2014\/08\/New-Talent-Colorist_Dany-Maugeri_Au-Travers-d-une-Odysee_Monthey-85x85.jpg 85w, https:\/\/www.lacoifferie.ch\/new\/wp-content\/uploads\/2014\/08\/New-Talent-Colorist_Dany-Maugeri_Au-Travers-d-une-Odysee_Monthey-550x550.jpg 550w\" sizes=\"auto, (max-width: 150px) 100vw, 150px\" \/><\/a>\n\t\t\t<\/dt>\n\t\t\t\t<dd class='wp-caption-text gallery-caption' id='gallery-1-17765'>\n\t\t\t\tNew Talent Colorist  &#8211; Au Travers d&rsquo;une Odysee \u00e0 Monthey\n\t\t\t\t<\/dd><\/dl><dl class='gallery-item'>\n\t\t\t<dt class='gallery-icon portrait'>\n\t\t\t\t<a href='https:\/\/www.lacoifferie.ch\/new\/wp-content\/uploads\/2014\/08\/Creative-Colorist_Kevin-Erni_Roberto-Hair-Beauty_Chur.jpg'><img loading=\"lazy\" decoding=\"async\" width=\"150\" height=\"150\" src=\"https:\/\/www.lacoifferie.ch\/new\/wp-content\/uploads\/2014\/08\/Creative-Colorist_Kevin-Erni_Roberto-Hair-Beauty_Chur-150x150.jpg\" class=\"attachment-thumbnail size-thumbnail\" alt=\"\" aria-describedby=\"gallery-1-17760\" srcset=\"https:\/\/www.lacoifferie.ch\/new\/wp-content\/uploads\/2014\/08\/Creative-Colorist_Kevin-Erni_Roberto-Hair-Beauty_Chur-150x150.jpg 150w, https:\/\/www.lacoifferie.ch\/new\/wp-content\/uploads\/2014\/08\/Creative-Colorist_Kevin-Erni_Roberto-Hair-Beauty_Chur-85x85.jpg 85w, https:\/\/www.lacoifferie.ch\/new\/wp-content\/uploads\/2014\/08\/Creative-Colorist_Kevin-Erni_Roberto-Hair-Beauty_Chur-550x550.jpg 550w\" sizes=\"auto, (max-width: 150px) 100vw, 150px\" \/><\/a>\n\t\t\t<\/dt>\n\t\t\t\t<dd class='wp-caption-text gallery-caption' id='gallery-1-17760'>\n\t\t\t\tCreative Colorist &#8211; Kevin Erni\n\t\t\t\t<\/dd><\/dl><dl class='gallery-item'>\n\t\t\t<dt class='gallery-icon portrait'>\n\t\t\t\t<a href='https:\/\/www.lacoifferie.ch\/new\/wp-content\/uploads\/2014\/08\/Creative-Colorist_Laurent-Trachsler_R-play-Studio_Conthey.jpg'><img loading=\"lazy\" decoding=\"async\" width=\"150\" height=\"150\" src=\"https:\/\/www.lacoifferie.ch\/new\/wp-content\/uploads\/2014\/08\/Creative-Colorist_Laurent-Trachsler_R-play-Studio_Conthey-150x150.jpg\" class=\"attachment-thumbnail size-thumbnail\" alt=\"\" aria-describedby=\"gallery-1-17761\" srcset=\"https:\/\/www.lacoifferie.ch\/new\/wp-content\/uploads\/2014\/08\/Creative-Colorist_Laurent-Trachsler_R-play-Studio_Conthey-150x150.jpg 150w, https:\/\/www.lacoifferie.ch\/new\/wp-content\/uploads\/2014\/08\/Creative-Colorist_Laurent-Trachsler_R-play-Studio_Conthey-85x85.jpg 85w, https:\/\/www.lacoifferie.ch\/new\/wp-content\/uploads\/2014\/08\/Creative-Colorist_Laurent-Trachsler_R-play-Studio_Conthey-550x550.jpg 550w\" sizes=\"auto, (max-width: 150px) 100vw, 150px\" \/><\/a>\n\t\t\t<\/dt>\n\t\t\t\t<dd class='wp-caption-text gallery-caption' id='gallery-1-17761'>\n\t\t\t\tCreative Colorist &#8211; Laurent Trachsler\n\t\t\t\t<\/dd><\/dl><br style=\"clear: both\" \/><dl class='gallery-item'>\n\t\t\t<dt class='gallery-icon portrait'>\n\t\t\t\t<a href='https:\/\/www.lacoifferie.ch\/new\/wp-content\/uploads\/2014\/08\/Creative-Colorist_Yvonne-Huber_Coiffure-Topline_Ebikon.jpg'><img loading=\"lazy\" decoding=\"async\" width=\"150\" height=\"150\" src=\"https:\/\/www.lacoifferie.ch\/new\/wp-content\/uploads\/2014\/08\/Creative-Colorist_Yvonne-Huber_Coiffure-Topline_Ebikon-150x150.jpg\" class=\"attachment-thumbnail size-thumbnail\" alt=\"\" aria-describedby=\"gallery-1-17764\" srcset=\"https:\/\/www.lacoifferie.ch\/new\/wp-content\/uploads\/2014\/08\/Creative-Colorist_Yvonne-Huber_Coiffure-Topline_Ebikon-150x150.jpg 150w, https:\/\/www.lacoifferie.ch\/new\/wp-content\/uploads\/2014\/08\/Creative-Colorist_Yvonne-Huber_Coiffure-Topline_Ebikon-85x85.jpg 85w, https:\/\/www.lacoifferie.ch\/new\/wp-content\/uploads\/2014\/08\/Creative-Colorist_Yvonne-Huber_Coiffure-Topline_Ebikon-550x550.jpg 550w\" sizes=\"auto, (max-width: 150px) 100vw, 150px\" \/><\/a>\n\t\t\t<\/dt>\n\t\t\t\t<dd class='wp-caption-text gallery-caption' id='gallery-1-17764'>\n\t\t\t\tCreative Colorist &#8211; Yvonne Huber\n\t\t\t\t<\/dd><\/dl><dl class='gallery-item'>\n\t\t\t<dt class='gallery-icon landscape'>\n\t\t\t\t<a href='https:\/\/www.lacoifferie.ch\/new\/wp-content\/uploads\/2014\/08\/New-Talent-Colorist_Lendita-Nikolla_Coiffure-L3_Zurich.jpg'><img loading=\"lazy\" decoding=\"async\" width=\"150\" height=\"150\" src=\"https:\/\/www.lacoifferie.ch\/new\/wp-content\/uploads\/2014\/08\/New-Talent-Colorist_Lendita-Nikolla_Coiffure-L3_Zurich-150x150.jpg\" class=\"attachment-thumbnail size-thumbnail\" alt=\"\" aria-describedby=\"gallery-1-17766\" srcset=\"https:\/\/www.lacoifferie.ch\/new\/wp-content\/uploads\/2014\/08\/New-Talent-Colorist_Lendita-Nikolla_Coiffure-L3_Zurich-150x150.jpg 150w, https:\/\/www.lacoifferie.ch\/new\/wp-content\/uploads\/2014\/08\/New-Talent-Colorist_Lendita-Nikolla_Coiffure-L3_Zurich-85x85.jpg 85w, https:\/\/www.lacoifferie.ch\/new\/wp-content\/uploads\/2014\/08\/New-Talent-Colorist_Lendita-Nikolla_Coiffure-L3_Zurich-550x550.jpg 550w\" sizes=\"auto, (max-width: 150px) 100vw, 150px\" \/><\/a>\n\t\t\t<\/dt>\n\t\t\t\t<dd class='wp-caption-text gallery-caption' id='gallery-1-17766'>\n\t\t\t\tNew Talent Colorist &#8211; Lendita Nikolla\n\t\t\t\t<\/dd><\/dl><dl class='gallery-item'>\n\t\t\t<dt class='gallery-icon portrait'>\n\t\t\t\t<a href='https:\/\/www.lacoifferie.ch\/new\/wp-content\/uploads\/2014\/08\/New-Talent-Colorist_Simona-Fumm_Sonja-Walker-s-Haarmacherei_Luzern.jpg'><img loading=\"lazy\" decoding=\"async\" width=\"150\" height=\"150\" src=\"https:\/\/www.lacoifferie.ch\/new\/wp-content\/uploads\/2014\/08\/New-Talent-Colorist_Simona-Fumm_Sonja-Walker-s-Haarmacherei_Luzern-150x150.jpg\" class=\"attachment-thumbnail size-thumbnail\" alt=\"\" aria-describedby=\"gallery-1-17768\" srcset=\"https:\/\/www.lacoifferie.ch\/new\/wp-content\/uploads\/2014\/08\/New-Talent-Colorist_Simona-Fumm_Sonja-Walker-s-Haarmacherei_Luzern-150x150.jpg 150w, https:\/\/www.lacoifferie.ch\/new\/wp-content\/uploads\/2014\/08\/New-Talent-Colorist_Simona-Fumm_Sonja-Walker-s-Haarmacherei_Luzern-85x85.jpg 85w, https:\/\/www.lacoifferie.ch\/new\/wp-content\/uploads\/2014\/08\/New-Talent-Colorist_Simona-Fumm_Sonja-Walker-s-Haarmacherei_Luzern-550x550.jpg 550w\" sizes=\"auto, (max-width: 150px) 100vw, 150px\" \/><\/a>\n\t\t\t<\/dt>\n\t\t\t\t<dd class='wp-caption-text gallery-caption' id='gallery-1-17768'>\n\t\t\t\tNew Talent Colorist &#8211; Simona Fumm\n\t\t\t\t<\/dd><\/dl><br style=\"clear: both\" \/><dl class='gallery-item'>\n\t\t\t<dt class='gallery-icon landscape'>\n\t\t\t\t<a href='https:\/\/www.lacoifferie.ch\/new\/wp-content\/uploads\/2014\/08\/New-Talent-Colorist_Suleika-Brot_Roberto-Hair-Beauty_Chur.jpg'><img loading=\"lazy\" decoding=\"async\" width=\"150\" height=\"150\" src=\"https:\/\/www.lacoifferie.ch\/new\/wp-content\/uploads\/2014\/08\/New-Talent-Colorist_Suleika-Brot_Roberto-Hair-Beauty_Chur-150x150.jpg\" class=\"attachment-thumbnail size-thumbnail\" alt=\"\" aria-describedby=\"gallery-1-17769\" srcset=\"https:\/\/www.lacoifferie.ch\/new\/wp-content\/uploads\/2014\/08\/New-Talent-Colorist_Suleika-Brot_Roberto-Hair-Beauty_Chur-150x150.jpg 150w, https:\/\/www.lacoifferie.ch\/new\/wp-content\/uploads\/2014\/08\/New-Talent-Colorist_Suleika-Brot_Roberto-Hair-Beauty_Chur-85x85.jpg 85w, https:\/\/www.lacoifferie.ch\/new\/wp-content\/uploads\/2014\/08\/New-Talent-Colorist_Suleika-Brot_Roberto-Hair-Beauty_Chur-550x550.jpg 550w\" sizes=\"auto, (max-width: 150px) 100vw, 150px\" \/><\/a>\n\t\t\t<\/dt>\n\t\t\t\t<dd class='wp-caption-text gallery-caption' id='gallery-1-17769'>\n\t\t\t\tNew-Talent Colorist &#8211; Suleika Brot\n\t\t\t\t<\/dd><\/dl><dl class='gallery-item'>\n\t\t\t<dt class='gallery-icon portrait'>\n\t\t\t\t<a href='https:\/\/www.lacoifferie.ch\/new\/wp-content\/uploads\/2014\/08\/Partner-Colorist_Myriam_Egli-Coiffure_Helena-Sagogn.jpg'><img loading=\"lazy\" decoding=\"async\" width=\"150\" height=\"150\" src=\"https:\/\/www.lacoifferie.ch\/new\/wp-content\/uploads\/2014\/08\/Partner-Colorist_Myriam_Egli-Coiffure_Helena-Sagogn-150x150.jpg\" class=\"attachment-thumbnail size-thumbnail\" alt=\"\" aria-describedby=\"gallery-1-17771\" srcset=\"https:\/\/www.lacoifferie.ch\/new\/wp-content\/uploads\/2014\/08\/Partner-Colorist_Myriam_Egli-Coiffure_Helena-Sagogn-150x150.jpg 150w, https:\/\/www.lacoifferie.ch\/new\/wp-content\/uploads\/2014\/08\/Partner-Colorist_Myriam_Egli-Coiffure_Helena-Sagogn-85x85.jpg 85w, https:\/\/www.lacoifferie.ch\/new\/wp-content\/uploads\/2014\/08\/Partner-Colorist_Myriam_Egli-Coiffure_Helena-Sagogn-550x550.jpg 550w\" sizes=\"auto, (max-width: 150px) 100vw, 150px\" \/><\/a>\n\t\t\t<\/dt>\n\t\t\t\t<dd class='wp-caption-text gallery-caption' id='gallery-1-17771'>\n\t\t\t\tPartner Colorist &#8211; Myriam Egli\n\t\t\t\t<\/dd><\/dl><dl class='gallery-item'>\n\t\t\t<dt class='gallery-icon portrait'>\n\t\t\t\t<a href='https:\/\/www.lacoifferie.ch\/new\/wp-content\/uploads\/2014\/08\/Partner-Colorist_Sibylle-Friederich_Friedhairich_Worb.jpg'><img loading=\"lazy\" decoding=\"async\" width=\"150\" height=\"150\" src=\"https:\/\/www.lacoifferie.ch\/new\/wp-content\/uploads\/2014\/08\/Partner-Colorist_Sibylle-Friederich_Friedhairich_Worb-150x150.jpg\" class=\"attachment-thumbnail size-thumbnail\" alt=\"\" aria-describedby=\"gallery-1-17772\" srcset=\"https:\/\/www.lacoifferie.ch\/new\/wp-content\/uploads\/2014\/08\/Partner-Colorist_Sibylle-Friederich_Friedhairich_Worb-150x150.jpg 150w, https:\/\/www.lacoifferie.ch\/new\/wp-content\/uploads\/2014\/08\/Partner-Colorist_Sibylle-Friederich_Friedhairich_Worb-85x85.jpg 85w, https:\/\/www.lacoifferie.ch\/new\/wp-content\/uploads\/2014\/08\/Partner-Colorist_Sibylle-Friederich_Friedhairich_Worb-550x550.jpg 550w\" sizes=\"auto, (max-width: 150px) 100vw, 150px\" \/><\/a>\n\t\t\t<\/dt>\n\t\t\t\t<dd class='wp-caption-text gallery-caption' id='gallery-1-17772'>\n\t\t\t\tPartner Colorist &#8211; Sibylle Friederich\n\t\t\t\t<\/dd><\/dl><br style=\"clear: both\" \/>\n\t\t<\/div>\n\n\n\t\t<\/div> \n\t<\/div> <\/div><\/div><\/div><\/div><\/div>\n<\/div>","protected":false},"excerpt":{"rendered":"MAGNIFIQUE NOUVELLE LES AMIS !!! St\u00e9phanie Bergmann est s\u00e9lectionn\u00e9e parmi les 5 meilleurs dans la cat\u00e9gorie \"Creative Colorist\" du concours \"Color Zoom Challenge 14\u2033 organis\u00e9 par Goldwell ! Toutes nos f\u00e9licitations et merci \u00e0 toute l\u2019\u00e9quipe pour ce magnifique travail ! On croise les doigts...","protected":false},"author":3,"featured_media":0,"comment_status":"open","ping_status":"open","sticky":false,"template":"","format":"standard","meta":{"footnotes":""},"categories":[104,100,115,102,109],"tags":[144,138,143,142,141,133,139,134,140,137,97],"class_list":["post-17306","post","type-post","status-publish","format-standard","hentry","category-blog-la-coifferie","category-colorzoom","category-goldwell","category-la-coifferie","category-les-creations","tag-berlin","tag-buchs","tag-challenge-2014","tag-colorzoom-2","tag-goldwell-2","tag-la-coifferie-2","tag-stephanie","tag-team","tag-tendances","tag-veronique","tag-vevey"],"yoast_head":"<!-- This site is optimized with the Yoast SEO plugin v27.1.1 - https:\/\/yoast.com\/product\/yoast-seo-wordpress\/ -->\n<title>ColorZoom Challenge 2014, St\u00e9phanie est nomin\u00e9e !!! - La Coifferie par V\u00e9ronique Buchs - salon de coiffure \u00e0 Vevey<\/title>\n<meta name=\"robots\" content=\"index, follow, max-snippet:-1, max-image-preview:large, max-video-preview:-1\" \/>\n<link rel=\"canonical\" href=\"https:\/\/www.lacoifferie.ch\/?p=17306\" \/>\n<meta property=\"og:locale\" content=\"fr_FR\" \/>\n<meta property=\"og:type\" content=\"article\" \/>\n<meta property=\"og:title\" content=\"ColorZoom Challenge 2014, St\u00e9phanie est nomin\u00e9e !!! - La Coifferie par V\u00e9ronique Buchs - salon de coiffure \u00e0 Vevey\" \/>\n<meta property=\"og:url\" content=\"https:\/\/www.lacoifferie.ch\/?p=17306\" \/>\n<meta property=\"og:site_name\" content=\"La Coifferie par V\u00e9ronique Buchs - salon de coiffure \u00e0 Vevey\" \/>\n<meta property=\"article:publisher\" content=\"https:\/\/www.facebook.com\/lacoifferievevey\" \/>\n<meta property=\"article:published_time\" content=\"2014-06-25T12:12:50+00:00\" \/>\n<meta property=\"article:modified_time\" content=\"2025-06-11T16:25:25+00:00\" \/>\n<meta property=\"og:image\" content=\"https:\/\/www.lacoifferie.ch\/new\/wp-content\/uploads\/2014\/08\/Creative-Colorist_Stephanie-Bergmann_La-Coifferie_Vevey.jpg\" \/>\n\t<meta property=\"og:image:width\" content=\"1595\" \/>\n\t<meta property=\"og:image:height\" content=\"2048\" \/>\n\t<meta property=\"og:image:type\" content=\"image\/jpeg\" \/>\n<meta name=\"author\" content=\"Luca Carmagnola\" \/>\n<meta name=\"twitter:card\" content=\"summary_large_image\" \/>\n<meta name=\"twitter:label1\" content=\"\u00c9crit par\" \/>\n\t<meta name=\"twitter:data1\" content=\"Luca Carmagnola\" \/>\n\t<meta name=\"twitter:label2\" content=\"Dur\u00e9e de lecture estim\u00e9e\" \/>\n\t<meta name=\"twitter:data2\" content=\"1 minute\" \/>\n<script type=\"application\/ld+json\" class=\"yoast-schema-graph\">{\"@context\":\"https:\/\/schema.org\",\"@graph\":[{\"@type\":\"Article\",\"@id\":\"https:\/\/www.lacoifferie.ch\/?p=17306#article\",\"isPartOf\":{\"@id\":\"https:\/\/www.lacoifferie.ch\/?p=17306\"},\"author\":{\"name\":\"Luca Carmagnola\",\"@id\":\"https:\/\/www.lacoifferie.ch\/#\/schema\/person\/f29f7fa0af92315442d1c512255e9c38\"},\"headline\":\"ColorZoom Challenge 2014, St\u00e9phanie est nomin\u00e9e !!!\",\"datePublished\":\"2014-06-25T12:12:50+00:00\",\"dateModified\":\"2025-06-11T16:25:25+00:00\",\"mainEntityOfPage\":{\"@id\":\"https:\/\/www.lacoifferie.ch\/?p=17306\"},\"wordCount\":112,\"commentCount\":0,\"publisher\":{\"@id\":\"https:\/\/www.lacoifferie.ch\/#organization\"},\"image\":{\"@id\":\"https:\/\/www.lacoifferie.ch\/?p=17306#primaryimage\"},\"thumbnailUrl\":\"http:\/\/www.lacoifferie.ch\/new\/wp-content\/uploads\/2014\/08\/Creative-Colorist_Stephanie-Bergmann_La-Coifferie_Vevey-797x1024.jpg\",\"keywords\":[\"Berlin\",\"buchs\",\"challenge 2014\",\"colorzoom\",\"goldwell\",\"la coifferie\",\"st\u00e9phanie\",\"team\",\"tendances\",\"v\u00e9ronique\",\"vevey\"],\"articleSection\":[\"Blog\",\"Colorzoom\",\"Goldwell\",\"La Coifferie\",\"Les Cr\u00e9ations\"],\"inLanguage\":\"fr-FR\",\"potentialAction\":[{\"@type\":\"CommentAction\",\"name\":\"Comment\",\"target\":[\"https:\/\/www.lacoifferie.ch\/?p=17306#respond\"]}]},{\"@type\":\"WebPage\",\"@id\":\"https:\/\/www.lacoifferie.ch\/?p=17306\",\"url\":\"https:\/\/www.lacoifferie.ch\/?p=17306\",\"name\":\"ColorZoom Challenge 2014, St\u00e9phanie est nomin\u00e9e !!! - La Coifferie par V\u00e9ronique Buchs - salon de coiffure \u00e0 Vevey\",\"isPartOf\":{\"@id\":\"https:\/\/www.lacoifferie.ch\/#website\"},\"primaryImageOfPage\":{\"@id\":\"https:\/\/www.lacoifferie.ch\/?p=17306#primaryimage\"},\"image\":{\"@id\":\"https:\/\/www.lacoifferie.ch\/?p=17306#primaryimage\"},\"thumbnailUrl\":\"http:\/\/www.lacoifferie.ch\/new\/wp-content\/uploads\/2014\/08\/Creative-Colorist_Stephanie-Bergmann_La-Coifferie_Vevey-797x1024.jpg\",\"datePublished\":\"2014-06-25T12:12:50+00:00\",\"dateModified\":\"2025-06-11T16:25:25+00:00\",\"breadcrumb\":{\"@id\":\"https:\/\/www.lacoifferie.ch\/?p=17306#breadcrumb\"},\"inLanguage\":\"fr-FR\",\"potentialAction\":[{\"@type\":\"ReadAction\",\"target\":[\"https:\/\/www.lacoifferie.ch\/?p=17306\"]}]},{\"@type\":\"ImageObject\",\"inLanguage\":\"fr-FR\",\"@id\":\"https:\/\/www.lacoifferie.ch\/?p=17306#primaryimage\",\"url\":\"https:\/\/www.lacoifferie.ch\/new\/wp-content\/uploads\/2014\/08\/Creative-Colorist_Stephanie-Bergmann_La-Coifferie_Vevey.jpg\",\"contentUrl\":\"https:\/\/www.lacoifferie.ch\/new\/wp-content\/uploads\/2014\/08\/Creative-Colorist_Stephanie-Bergmann_La-Coifferie_Vevey.jpg\",\"width\":1595,\"height\":2048,\"caption\":\"Creative Colorist - St\u00e9phanie Bergmann - La Coifferie \u00e0 Vevey\"},{\"@type\":\"BreadcrumbList\",\"@id\":\"https:\/\/www.lacoifferie.ch\/?p=17306#breadcrumb\",\"itemListElement\":[{\"@type\":\"ListItem\",\"position\":1,\"name\":\"Accueil\",\"item\":\"https:\/\/www.lacoifferie.ch\/\"},{\"@type\":\"ListItem\",\"position\":2,\"name\":\"ColorZoom Challenge 2014, St\u00e9phanie est nomin\u00e9e !!!\"}]},{\"@type\":\"WebSite\",\"@id\":\"https:\/\/www.lacoifferie.ch\/#website\",\"url\":\"https:\/\/www.lacoifferie.ch\/\",\"name\":\"La Coifferie par V\u00e9ronique Buchs - salon de coiffure \u00e0 Vevey\",\"description\":\"Pour votre bien \u00eatre ...\",\"publisher\":{\"@id\":\"https:\/\/www.lacoifferie.ch\/#organization\"},\"potentialAction\":[{\"@type\":\"SearchAction\",\"target\":{\"@type\":\"EntryPoint\",\"urlTemplate\":\"https:\/\/www.lacoifferie.ch\/?s={search_term_string}\"},\"query-input\":{\"@type\":\"PropertyValueSpecification\",\"valueRequired\":true,\"valueName\":\"search_term_string\"}}],\"inLanguage\":\"fr-FR\"},{\"@type\":\"Organization\",\"@id\":\"https:\/\/www.lacoifferie.ch\/#organization\",\"name\":\"La Coifferie par V\u00e9ronique Buchs - salon de coiffure \u00e0 Vevey\",\"url\":\"https:\/\/www.lacoifferie.ch\/\",\"logo\":{\"@type\":\"ImageObject\",\"inLanguage\":\"fr-FR\",\"@id\":\"https:\/\/www.lacoifferie.ch\/#\/schema\/logo\/image\/\",\"url\":\"https:\/\/www.lacoifferie.ch\/new\/wp-content\/uploads\/2014\/09\/logo2017_black-1.png\",\"contentUrl\":\"https:\/\/www.lacoifferie.ch\/new\/wp-content\/uploads\/2014\/09\/logo2017_black-1.png\",\"width\":376,\"height\":190,\"caption\":\"La Coifferie par V\u00e9ronique Buchs - salon de coiffure \u00e0 Vevey\"},\"image\":{\"@id\":\"https:\/\/www.lacoifferie.ch\/#\/schema\/logo\/image\/\"},\"sameAs\":[\"https:\/\/www.facebook.com\/lacoifferievevey\",\"https:\/\/www.instagram.com\/lacoifferievevey\/\"]},{\"@type\":\"Person\",\"@id\":\"https:\/\/www.lacoifferie.ch\/#\/schema\/person\/f29f7fa0af92315442d1c512255e9c38\",\"name\":\"Luca Carmagnola\",\"image\":{\"@type\":\"ImageObject\",\"inLanguage\":\"fr-FR\",\"@id\":\"https:\/\/www.lacoifferie.ch\/#\/schema\/person\/image\/\",\"url\":\"https:\/\/secure.gravatar.com\/avatar\/774b97a236576c6cd100e82452aeb7f3a9fcfe500434645d2ad3dda557f6980e?s=96&d=mm&r=g\",\"contentUrl\":\"https:\/\/secure.gravatar.com\/avatar\/774b97a236576c6cd100e82452aeb7f3a9fcfe500434645d2ad3dda557f6980e?s=96&d=mm&r=g\",\"caption\":\"Luca Carmagnola\"},\"url\":\"https:\/\/www.lacoifferie.ch\/?author=3\"}]}<\/script>\n<!-- \/ Yoast SEO plugin. -->","yoast_head_json":{"title":"ColorZoom Challenge 2014, St\u00e9phanie est nomin\u00e9e !!! - La Coifferie par V\u00e9ronique Buchs - salon de coiffure \u00e0 Vevey","robots":{"index":"index","follow":"follow","max-snippet":"max-snippet:-1","max-image-preview":"max-image-preview:large","max-video-preview":"max-video-preview:-1"},"canonical":"https:\/\/www.lacoifferie.ch\/?p=17306","og_locale":"fr_FR","og_type":"article","og_title":"ColorZoom Challenge 2014, St\u00e9phanie est nomin\u00e9e !!! - La Coifferie par V\u00e9ronique Buchs - salon de coiffure \u00e0 Vevey","og_url":"https:\/\/www.lacoifferie.ch\/?p=17306","og_site_name":"La Coifferie par V\u00e9ronique Buchs - salon de coiffure \u00e0 Vevey","article_publisher":"https:\/\/www.facebook.com\/lacoifferievevey","article_published_time":"2014-06-25T12:12:50+00:00","article_modified_time":"2025-06-11T16:25:25+00:00","og_image":[{"width":1595,"height":2048,"url":"https:\/\/www.lacoifferie.ch\/new\/wp-content\/uploads\/2014\/08\/Creative-Colorist_Stephanie-Bergmann_La-Coifferie_Vevey.jpg","type":"image\/jpeg"}],"author":"Luca Carmagnola","twitter_card":"summary_large_image","twitter_misc":{"\u00c9crit par":"Luca Carmagnola","Dur\u00e9e de lecture estim\u00e9e":"1 minute"},"schema":{"@context":"https:\/\/schema.org","@graph":[{"@type":"Article","@id":"https:\/\/www.lacoifferie.ch\/?p=17306#article","isPartOf":{"@id":"https:\/\/www.lacoifferie.ch\/?p=17306"},"author":{"name":"Luca Carmagnola","@id":"https:\/\/www.lacoifferie.ch\/#\/schema\/person\/f29f7fa0af92315442d1c512255e9c38"},"headline":"ColorZoom Challenge 2014, St\u00e9phanie est nomin\u00e9e !!!","datePublished":"2014-06-25T12:12:50+00:00","dateModified":"2025-06-11T16:25:25+00:00","mainEntityOfPage":{"@id":"https:\/\/www.lacoifferie.ch\/?p=17306"},"wordCount":112,"commentCount":0,"publisher":{"@id":"https:\/\/www.lacoifferie.ch\/#organization"},"image":{"@id":"https:\/\/www.lacoifferie.ch\/?p=17306#primaryimage"},"thumbnailUrl":"http:\/\/www.lacoifferie.ch\/new\/wp-content\/uploads\/2014\/08\/Creative-Colorist_Stephanie-Bergmann_La-Coifferie_Vevey-797x1024.jpg","keywords":["Berlin","buchs","challenge 2014","colorzoom","goldwell","la coifferie","st\u00e9phanie","team","tendances","v\u00e9ronique","vevey"],"articleSection":["Blog","Colorzoom","Goldwell","La Coifferie","Les Cr\u00e9ations"],"inLanguage":"fr-FR","potentialAction":[{"@type":"CommentAction","name":"Comment","target":["https:\/\/www.lacoifferie.ch\/?p=17306#respond"]}]},{"@type":"WebPage","@id":"https:\/\/www.lacoifferie.ch\/?p=17306","url":"https:\/\/www.lacoifferie.ch\/?p=17306","name":"ColorZoom Challenge 2014, St\u00e9phanie est nomin\u00e9e !!! - La Coifferie par V\u00e9ronique Buchs - salon de coiffure \u00e0 Vevey","isPartOf":{"@id":"https:\/\/www.lacoifferie.ch\/#website"},"primaryImageOfPage":{"@id":"https:\/\/www.lacoifferie.ch\/?p=17306#primaryimage"},"image":{"@id":"https:\/\/www.lacoifferie.ch\/?p=17306#primaryimage"},"thumbnailUrl":"http:\/\/www.lacoifferie.ch\/new\/wp-content\/uploads\/2014\/08\/Creative-Colorist_Stephanie-Bergmann_La-Coifferie_Vevey-797x1024.jpg","datePublished":"2014-06-25T12:12:50+00:00","dateModified":"2025-06-11T16:25:25+00:00","breadcrumb":{"@id":"https:\/\/www.lacoifferie.ch\/?p=17306#breadcrumb"},"inLanguage":"fr-FR","potentialAction":[{"@type":"ReadAction","target":["https:\/\/www.lacoifferie.ch\/?p=17306"]}]},{"@type":"ImageObject","inLanguage":"fr-FR","@id":"https:\/\/www.lacoifferie.ch\/?p=17306#primaryimage","url":"https:\/\/www.lacoifferie.ch\/new\/wp-content\/uploads\/2014\/08\/Creative-Colorist_Stephanie-Bergmann_La-Coifferie_Vevey.jpg","contentUrl":"https:\/\/www.lacoifferie.ch\/new\/wp-content\/uploads\/2014\/08\/Creative-Colorist_Stephanie-Bergmann_La-Coifferie_Vevey.jpg","width":1595,"height":2048,"caption":"Creative Colorist - St\u00e9phanie Bergmann - La Coifferie \u00e0 Vevey"},{"@type":"BreadcrumbList","@id":"https:\/\/www.lacoifferie.ch\/?p=17306#breadcrumb","itemListElement":[{"@type":"ListItem","position":1,"name":"Accueil","item":"https:\/\/www.lacoifferie.ch\/"},{"@type":"ListItem","position":2,"name":"ColorZoom Challenge 2014, St\u00e9phanie est nomin\u00e9e !!!"}]},{"@type":"WebSite","@id":"https:\/\/www.lacoifferie.ch\/#website","url":"https:\/\/www.lacoifferie.ch\/","name":"La Coifferie par V\u00e9ronique Buchs - salon de coiffure \u00e0 Vevey","description":"Pour votre bien \u00eatre ...","publisher":{"@id":"https:\/\/www.lacoifferie.ch\/#organization"},"potentialAction":[{"@type":"SearchAction","target":{"@type":"EntryPoint","urlTemplate":"https:\/\/www.lacoifferie.ch\/?s={search_term_string}"},"query-input":{"@type":"PropertyValueSpecification","valueRequired":true,"valueName":"search_term_string"}}],"inLanguage":"fr-FR"},{"@type":"Organization","@id":"https:\/\/www.lacoifferie.ch\/#organization","name":"La Coifferie par V\u00e9ronique Buchs - salon de coiffure \u00e0 Vevey","url":"https:\/\/www.lacoifferie.ch\/","logo":{"@type":"ImageObject","inLanguage":"fr-FR","@id":"https:\/\/www.lacoifferie.ch\/#\/schema\/logo\/image\/","url":"https:\/\/www.lacoifferie.ch\/new\/wp-content\/uploads\/2014\/09\/logo2017_black-1.png","contentUrl":"https:\/\/www.lacoifferie.ch\/new\/wp-content\/uploads\/2014\/09\/logo2017_black-1.png","width":376,"height":190,"caption":"La Coifferie par V\u00e9ronique Buchs - salon de coiffure \u00e0 Vevey"},"image":{"@id":"https:\/\/www.lacoifferie.ch\/#\/schema\/logo\/image\/"},"sameAs":["https:\/\/www.facebook.com\/lacoifferievevey","https:\/\/www.instagram.com\/lacoifferievevey\/"]},{"@type":"Person","@id":"https:\/\/www.lacoifferie.ch\/#\/schema\/person\/f29f7fa0af92315442d1c512255e9c38","name":"Luca Carmagnola","image":{"@type":"ImageObject","inLanguage":"fr-FR","@id":"https:\/\/www.lacoifferie.ch\/#\/schema\/person\/image\/","url":"https:\/\/secure.gravatar.com\/avatar\/774b97a236576c6cd100e82452aeb7f3a9fcfe500434645d2ad3dda557f6980e?s=96&d=mm&r=g","contentUrl":"https:\/\/secure.gravatar.com\/avatar\/774b97a236576c6cd100e82452aeb7f3a9fcfe500434645d2ad3dda557f6980e?s=96&d=mm&r=g","caption":"Luca Carmagnola"},"url":"https:\/\/www.lacoifferie.ch\/?author=3"}]}},"_links":{"self":[{"href":"https:\/\/www.lacoifferie.ch\/index.php?rest_route=\/wp\/v2\/posts\/17306","targetHints":{"allow":["GET"]}}],"collection":[{"href":"https:\/\/www.lacoifferie.ch\/index.php?rest_route=\/wp\/v2\/posts"}],"about":[{"href":"https:\/\/www.lacoifferie.ch\/index.php?rest_route=\/wp\/v2\/types\/post"}],"author":[{"embeddable":true,"href":"https:\/\/www.lacoifferie.ch\/index.php?rest_route=\/wp\/v2\/users\/3"}],"replies":[{"embeddable":true,"href":"https:\/\/www.lacoifferie.ch\/index.php?rest_route=%2Fwp%2Fv2%2Fcomments&post=17306"}],"version-history":[{"count":6,"href":"https:\/\/www.lacoifferie.ch\/index.php?rest_route=\/wp\/v2\/posts\/17306\/revisions"}],"predecessor-version":[{"id":20412,"href":"https:\/\/www.lacoifferie.ch\/index.php?rest_route=\/wp\/v2\/posts\/17306\/revisions\/20412"}],"wp:attachment":[{"href":"https:\/\/www.lacoifferie.ch\/index.php?rest_route=%2Fwp%2Fv2%2Fmedia&parent=17306"}],"wp:term":[{"taxonomy":"category","embeddable":true,"href":"https:\/\/www.lacoifferie.ch\/index.php?rest_route=%2Fwp%2Fv2%2Fcategories&post=17306"},{"taxonomy":"post_tag","embeddable":true,"href":"https:\/\/www.lacoifferie.ch\/index.php?rest_route=%2Fwp%2Fv2%2Ftags&post=17306"}],"curies":[{"name":"wp","href":"https:\/\/api.w.org\/{rel}","templated":true}]}}