{"id":17993,"date":"2015-02-22T12:25:40","date_gmt":"2015-02-22T10:25:40","guid":{"rendered":"http:\/\/www.lacoifferie.ch\/?p=17993"},"modified":"2015-03-05T11:33:41","modified_gmt":"2015-03-05T09:33:41","slug":"paula-et-kevin-se-presentent-au-colorzoom-2015","status":"publish","type":"post","link":"https:\/\/www.lacoifferie.ch\/?p=17993","title":{"rendered":"Paula et Kevin se pr\u00e9sentent au ColorZoom 2015"},"content":{"rendered":"<div class=\"wpb-content-wrapper\"><div class=\"vc_row wpb_row section \" style=' text-align:left;'><div class=\" full_section_inner clearfix\"><div class=\"wpb_column vc_column_container vc_col-sm-12\"><div class=\"vc_column-inner\"><div class=\"wpb_wrapper\">\n\t<div class=\"wpb_text_column wpb_content_element \">\n\t\t<div class=\"wpb_wrapper\">\n\t\t\t<p>Pour l&rsquo;\u00e9dition <strong>2015<\/strong> du <strong><em>Concours International ColorZoom Challenge<\/em><\/strong> organis\u00e9 par <a href=\"http:\/\/www.goldwell.ch\/\" target=\"_blank\"><strong>Goldwell<\/strong><\/a>, <strong><em>Paula <\/em>et<em> Kevin<\/em><\/strong> ont d\u00e9cid\u00e9 de se lancer dans cette aventure fabuleuse.<\/p>\n<p>Pour les aider, ils pourront compter sur l&rsquo;aide de toute une \u00e9quipe de coiffeurs :<\/p>\n<h4 style=\"text-align: center;\"><strong>\u00ab\u00a0<\/strong><strong>i-IGT\u00a0\u00bb<\/strong> =&gt; <strong>\u00ab\u00a0i &#8211; Inspiration Global Team\u00a0\u00bb<\/strong><\/h4>\n<p>avec <strong><em>M\u00e9lanie, Kevin, V\u00e9ronique, Fabrice et Paula<\/em><\/strong> &#8230; \u00e0 savoir pas moins de trois salons de coiffure participants aussi au concours.<\/p>\n<p>L&rsquo;id\u00e9e est de cr\u00e9er une <strong>\u00e9quipe<\/strong> <em><strong>soud\u00e9e<\/strong><\/em> et <strong><em>dynamique<\/em><\/strong> avec un <strong>partage<\/strong> des <strong><em>id\u00e9es<\/em><\/strong> et des <strong><em>comp\u00e9tences<\/em><\/strong> de chacun et ainsi profiter de la <strong><em>synergie<\/em><\/strong> du groupe. Ces coiffeuses et coiffeurs s&rsquo;entra\u00eenent les dimanches et vont continuer \u00e0 ce rythme jusqu&rsquo;en mai.<\/p>\n\n\t\t<\/div> \n\t<\/div> <\/div><\/div><\/div><\/div><\/div><div     class=\"vc_row wpb_row section \" style=' text-align:left;'><div class=\" full_section_inner clearfix\"><div class=\"wpb_column vc_column_container vc_col-sm-12\"><div class=\"vc_column-inner\"><div class=\"wpb_wrapper\">\n\t<div class=\"wpb_single_image wpb_content_element vc_align_center\">\n\t\t<div class=\"wpb_wrapper\">\n\t\t\t\n\t\t\t<div class=\"vc_single_image-wrapper   vc_box_border_grey\"><img loading=\"lazy\" decoding=\"async\" width=\"1200\" height=\"900\" src=\"https:\/\/www.lacoifferie.ch\/new\/wp-content\/uploads\/2015\/02\/team_i-IGT_low.jpg\" class=\"vc_single_image-img attachment-full\" alt=\"\" title=\"team_i-IGT_low\" srcset=\"https:\/\/www.lacoifferie.ch\/new\/wp-content\/uploads\/2015\/02\/team_i-IGT_low.jpg 1200w, https:\/\/www.lacoifferie.ch\/new\/wp-content\/uploads\/2015\/02\/team_i-IGT_low-300x225.jpg 300w, https:\/\/www.lacoifferie.ch\/new\/wp-content\/uploads\/2015\/02\/team_i-IGT_low-1024x768.jpg 1024w, https:\/\/www.lacoifferie.ch\/new\/wp-content\/uploads\/2015\/02\/team_i-IGT_low-600x450.jpg 600w, https:\/\/www.lacoifferie.ch\/new\/wp-content\/uploads\/2015\/02\/team_i-IGT_low-480x360.jpg 480w\" sizes=\"auto, (max-width: 1200px) 100vw, 1200px\" \/><\/div>\n\t\t<\/div>\n\t<\/div>\n<\/div><\/div><\/div><\/div><\/div><div     class=\"vc_row wpb_row section \" style=' text-align:left;'><div class=\" full_section_inner clearfix\"><div class=\"wpb_column vc_column_container vc_col-sm-12\"><div class=\"vc_column-inner\"><div class=\"wpb_wrapper\">\n\t<div class=\"wpb_text_column wpb_content_element \">\n\t\t<div class=\"wpb_wrapper\">\n\t\t\t<h3 class=\"yt watch-title-container\" style=\"text-align: center;\"><span id=\"eow-title\" class=\"watch-title long-title\" dir=\"ltr\" title=\"\u041a\u043e\u043b\u043b\u0435\u043a\u0446\u0438\u044f Goldwell Color Zoom 2015 &quot;Traditional Rebels&quot;\">Goldwell Color Zoom 2015 \u00ab\u00a0Traditional Rebels\u00a0\u00bb <\/span><\/h3>\n\n\t\t<\/div> \n\t<\/div> \n\t<div class=\"wpb_video_widget wpb_content_element vc_clearfix   vc_video-aspect-ratio-169 vc_video-el-width-100 vc_video-align-left\" >\n\t\t<div class=\"wpb_wrapper\">\n\t\t\t\n\t\t\t<div class=\"wpb_video_wrapper\"><iframe loading=\"lazy\" title=\"\u041a\u043e\u043b\u043b\u0435\u043a\u0446\u0438\u044f Goldwell Color Zoom 2015 &quot;Traditional Rebels&quot;\" width=\"500\" height=\"281\" src=\"https:\/\/www.youtube.com\/embed\/irUpelh-z8A?feature=oembed\" frameborder=\"0\" allow=\"accelerometer; autoplay; clipboard-write; encrypted-media; gyroscope; picture-in-picture; web-share\" referrerpolicy=\"strict-origin-when-cross-origin\" allowfullscreen><\/iframe><\/div>\n\t\t<\/div>\n\t<\/div>\n<\/div><\/div><\/div><\/div><\/div>\n<\/div>","protected":false},"excerpt":{"rendered":"Pour l'\u00e9dition 2015 du Concours International ColorZoom Challenge organis\u00e9 par Goldwell, Paula et Kevin ont d\u00e9cid\u00e9 de se lancer dans cette aventure fabuleuse. Pour les aider, ils pourront compter sur l'aide de toute une \u00e9quipe de coiffeurs : \"i-IGT\" =&gt; \"i - Inspiration Global Team\"...","protected":false},"author":3,"featured_media":18031,"comment_status":"open","ping_status":"open","sticky":false,"template":"","format":"standard","meta":{"footnotes":""},"categories":[157,100,115,102,106,111,128],"tags":[138,317,142,141,308,133,208,134,140,137,97],"class_list":["post-17993","post","type-post","status-publish","format-standard","has-post-thumbnail","hentry","category-blog-2","category-colorzoom","category-goldwell","category-la-coifferie","category-le-salon","category-le-team","category-technique","tag-buchs","tag-challenge-2015","tag-colorzoom-2","tag-goldwell-2","tag-kevin","tag-la-coifferie-2","tag-paula","tag-team","tag-tendances","tag-veronique","tag-vevey"],"yoast_head":"<!-- This site is optimized with the Yoast SEO plugin v27.1.1 - https:\/\/yoast.com\/product\/yoast-seo-wordpress\/ -->\n<title>Paula et Kevin se pr\u00e9sentent au ColorZoom 2015 - La Coifferie par V\u00e9ronique Buchs - salon de coiffure \u00e0 Vevey<\/title>\n<meta name=\"robots\" content=\"index, follow, max-snippet:-1, max-image-preview:large, max-video-preview:-1\" \/>\n<link rel=\"canonical\" href=\"https:\/\/www.lacoifferie.ch\/?p=17993\" \/>\n<meta property=\"og:locale\" content=\"fr_FR\" \/>\n<meta property=\"og:type\" content=\"article\" \/>\n<meta property=\"og:title\" content=\"Paula et Kevin se pr\u00e9sentent au ColorZoom 2015 - La Coifferie par V\u00e9ronique Buchs - salon de coiffure \u00e0 Vevey\" \/>\n<meta property=\"og:url\" content=\"https:\/\/www.lacoifferie.ch\/?p=17993\" \/>\n<meta property=\"og:site_name\" content=\"La Coifferie par V\u00e9ronique Buchs - salon de coiffure \u00e0 Vevey\" \/>\n<meta property=\"article:publisher\" content=\"https:\/\/www.facebook.com\/lacoifferievevey\" \/>\n<meta property=\"article:published_time\" content=\"2015-02-22T10:25:40+00:00\" \/>\n<meta property=\"article:modified_time\" content=\"2015-03-05T09:33:41+00:00\" \/>\n<meta property=\"og:image\" content=\"https:\/\/www.lacoifferie.ch\/new\/wp-content\/uploads\/2015\/02\/colorzoom-logovisuel.jpg\" \/>\n\t<meta property=\"og:image:width\" content=\"727\" \/>\n\t<meta property=\"og:image:height\" content=\"407\" \/>\n\t<meta property=\"og:image:type\" content=\"image\/jpeg\" \/>\n<meta name=\"author\" content=\"Luca Carmagnola\" \/>\n<meta name=\"twitter:card\" content=\"summary_large_image\" \/>\n<meta name=\"twitter:label1\" content=\"\u00c9crit par\" \/>\n\t<meta name=\"twitter:data1\" content=\"Luca Carmagnola\" \/>\n\t<meta name=\"twitter:label2\" content=\"Dur\u00e9e de lecture estim\u00e9e\" \/>\n\t<meta name=\"twitter:data2\" content=\"1 minute\" \/>\n<script type=\"application\/ld+json\" class=\"yoast-schema-graph\">{\"@context\":\"https:\/\/schema.org\",\"@graph\":[{\"@type\":\"Article\",\"@id\":\"https:\/\/www.lacoifferie.ch\/?p=17993#article\",\"isPartOf\":{\"@id\":\"https:\/\/www.lacoifferie.ch\/?p=17993\"},\"author\":{\"name\":\"Luca Carmagnola\",\"@id\":\"https:\/\/www.lacoifferie.ch\/#\/schema\/person\/f29f7fa0af92315442d1c512255e9c38\"},\"headline\":\"Paula et Kevin se pr\u00e9sentent au ColorZoom 2015\",\"datePublished\":\"2015-02-22T10:25:40+00:00\",\"dateModified\":\"2015-03-05T09:33:41+00:00\",\"mainEntityOfPage\":{\"@id\":\"https:\/\/www.lacoifferie.ch\/?p=17993\"},\"wordCount\":193,\"commentCount\":0,\"publisher\":{\"@id\":\"https:\/\/www.lacoifferie.ch\/#organization\"},\"image\":{\"@id\":\"https:\/\/www.lacoifferie.ch\/?p=17993#primaryimage\"},\"thumbnailUrl\":\"https:\/\/www.lacoifferie.ch\/new\/wp-content\/uploads\/2015\/02\/colorzoom-logovisuel.jpg\",\"keywords\":[\"buchs\",\"challenge 2015\",\"colorzoom\",\"goldwell\",\"kevin\",\"la coifferie\",\"paula\",\"team\",\"tendances\",\"v\u00e9ronique\",\"vevey\"],\"articleSection\":[\"Blog\",\"Colorzoom\",\"Goldwell\",\"La Coifferie\",\"Le Salon\",\"Le Team\",\"Technique\"],\"inLanguage\":\"fr-FR\",\"potentialAction\":[{\"@type\":\"CommentAction\",\"name\":\"Comment\",\"target\":[\"https:\/\/www.lacoifferie.ch\/?p=17993#respond\"]}]},{\"@type\":\"WebPage\",\"@id\":\"https:\/\/www.lacoifferie.ch\/?p=17993\",\"url\":\"https:\/\/www.lacoifferie.ch\/?p=17993\",\"name\":\"Paula et Kevin se pr\u00e9sentent au ColorZoom 2015 - La Coifferie par V\u00e9ronique Buchs - salon de coiffure \u00e0 Vevey\",\"isPartOf\":{\"@id\":\"https:\/\/www.lacoifferie.ch\/#website\"},\"primaryImageOfPage\":{\"@id\":\"https:\/\/www.lacoifferie.ch\/?p=17993#primaryimage\"},\"image\":{\"@id\":\"https:\/\/www.lacoifferie.ch\/?p=17993#primaryimage\"},\"thumbnailUrl\":\"https:\/\/www.lacoifferie.ch\/new\/wp-content\/uploads\/2015\/02\/colorzoom-logovisuel.jpg\",\"datePublished\":\"2015-02-22T10:25:40+00:00\",\"dateModified\":\"2015-03-05T09:33:41+00:00\",\"breadcrumb\":{\"@id\":\"https:\/\/www.lacoifferie.ch\/?p=17993#breadcrumb\"},\"inLanguage\":\"fr-FR\",\"potentialAction\":[{\"@type\":\"ReadAction\",\"target\":[\"https:\/\/www.lacoifferie.ch\/?p=17993\"]}]},{\"@type\":\"ImageObject\",\"inLanguage\":\"fr-FR\",\"@id\":\"https:\/\/www.lacoifferie.ch\/?p=17993#primaryimage\",\"url\":\"https:\/\/www.lacoifferie.ch\/new\/wp-content\/uploads\/2015\/02\/colorzoom-logovisuel.jpg\",\"contentUrl\":\"https:\/\/www.lacoifferie.ch\/new\/wp-content\/uploads\/2015\/02\/colorzoom-logovisuel.jpg\",\"width\":727,\"height\":407},{\"@type\":\"BreadcrumbList\",\"@id\":\"https:\/\/www.lacoifferie.ch\/?p=17993#breadcrumb\",\"itemListElement\":[{\"@type\":\"ListItem\",\"position\":1,\"name\":\"Accueil\",\"item\":\"https:\/\/www.lacoifferie.ch\/\"},{\"@type\":\"ListItem\",\"position\":2,\"name\":\"Paula et Kevin se pr\u00e9sentent au ColorZoom 2015\"}]},{\"@type\":\"WebSite\",\"@id\":\"https:\/\/www.lacoifferie.ch\/#website\",\"url\":\"https:\/\/www.lacoifferie.ch\/\",\"name\":\"La Coifferie par V\u00e9ronique Buchs - salon de coiffure \u00e0 Vevey\",\"description\":\"Pour votre bien \u00eatre ...\",\"publisher\":{\"@id\":\"https:\/\/www.lacoifferie.ch\/#organization\"},\"potentialAction\":[{\"@type\":\"SearchAction\",\"target\":{\"@type\":\"EntryPoint\",\"urlTemplate\":\"https:\/\/www.lacoifferie.ch\/?s={search_term_string}\"},\"query-input\":{\"@type\":\"PropertyValueSpecification\",\"valueRequired\":true,\"valueName\":\"search_term_string\"}}],\"inLanguage\":\"fr-FR\"},{\"@type\":\"Organization\",\"@id\":\"https:\/\/www.lacoifferie.ch\/#organization\",\"name\":\"La Coifferie par V\u00e9ronique Buchs - salon de coiffure \u00e0 Vevey\",\"url\":\"https:\/\/www.lacoifferie.ch\/\",\"logo\":{\"@type\":\"ImageObject\",\"inLanguage\":\"fr-FR\",\"@id\":\"https:\/\/www.lacoifferie.ch\/#\/schema\/logo\/image\/\",\"url\":\"https:\/\/www.lacoifferie.ch\/new\/wp-content\/uploads\/2014\/09\/logo2017_black-1.png\",\"contentUrl\":\"https:\/\/www.lacoifferie.ch\/new\/wp-content\/uploads\/2014\/09\/logo2017_black-1.png\",\"width\":376,\"height\":190,\"caption\":\"La Coifferie par V\u00e9ronique Buchs - salon de coiffure \u00e0 Vevey\"},\"image\":{\"@id\":\"https:\/\/www.lacoifferie.ch\/#\/schema\/logo\/image\/\"},\"sameAs\":[\"https:\/\/www.facebook.com\/lacoifferievevey\",\"https:\/\/www.instagram.com\/lacoifferievevey\/\"]},{\"@type\":\"Person\",\"@id\":\"https:\/\/www.lacoifferie.ch\/#\/schema\/person\/f29f7fa0af92315442d1c512255e9c38\",\"name\":\"Luca Carmagnola\",\"image\":{\"@type\":\"ImageObject\",\"inLanguage\":\"fr-FR\",\"@id\":\"https:\/\/www.lacoifferie.ch\/#\/schema\/person\/image\/\",\"url\":\"https:\/\/secure.gravatar.com\/avatar\/774b97a236576c6cd100e82452aeb7f3a9fcfe500434645d2ad3dda557f6980e?s=96&d=mm&r=g\",\"contentUrl\":\"https:\/\/secure.gravatar.com\/avatar\/774b97a236576c6cd100e82452aeb7f3a9fcfe500434645d2ad3dda557f6980e?s=96&d=mm&r=g\",\"caption\":\"Luca Carmagnola\"},\"url\":\"https:\/\/www.lacoifferie.ch\/?author=3\"}]}<\/script>\n<!-- \/ Yoast SEO plugin. -->","yoast_head_json":{"title":"Paula et Kevin se pr\u00e9sentent au ColorZoom 2015 - La Coifferie par V\u00e9ronique Buchs - salon de coiffure \u00e0 Vevey","robots":{"index":"index","follow":"follow","max-snippet":"max-snippet:-1","max-image-preview":"max-image-preview:large","max-video-preview":"max-video-preview:-1"},"canonical":"https:\/\/www.lacoifferie.ch\/?p=17993","og_locale":"fr_FR","og_type":"article","og_title":"Paula et Kevin se pr\u00e9sentent au ColorZoom 2015 - La Coifferie par V\u00e9ronique Buchs - salon de coiffure \u00e0 Vevey","og_url":"https:\/\/www.lacoifferie.ch\/?p=17993","og_site_name":"La Coifferie par V\u00e9ronique Buchs - salon de coiffure \u00e0 Vevey","article_publisher":"https:\/\/www.facebook.com\/lacoifferievevey","article_published_time":"2015-02-22T10:25:40+00:00","article_modified_time":"2015-03-05T09:33:41+00:00","og_image":[{"width":727,"height":407,"url":"https:\/\/www.lacoifferie.ch\/new\/wp-content\/uploads\/2015\/02\/colorzoom-logovisuel.jpg","type":"image\/jpeg"}],"author":"Luca Carmagnola","twitter_card":"summary_large_image","twitter_misc":{"\u00c9crit par":"Luca Carmagnola","Dur\u00e9e de lecture estim\u00e9e":"1 minute"},"schema":{"@context":"https:\/\/schema.org","@graph":[{"@type":"Article","@id":"https:\/\/www.lacoifferie.ch\/?p=17993#article","isPartOf":{"@id":"https:\/\/www.lacoifferie.ch\/?p=17993"},"author":{"name":"Luca Carmagnola","@id":"https:\/\/www.lacoifferie.ch\/#\/schema\/person\/f29f7fa0af92315442d1c512255e9c38"},"headline":"Paula et Kevin se pr\u00e9sentent au ColorZoom 2015","datePublished":"2015-02-22T10:25:40+00:00","dateModified":"2015-03-05T09:33:41+00:00","mainEntityOfPage":{"@id":"https:\/\/www.lacoifferie.ch\/?p=17993"},"wordCount":193,"commentCount":0,"publisher":{"@id":"https:\/\/www.lacoifferie.ch\/#organization"},"image":{"@id":"https:\/\/www.lacoifferie.ch\/?p=17993#primaryimage"},"thumbnailUrl":"https:\/\/www.lacoifferie.ch\/new\/wp-content\/uploads\/2015\/02\/colorzoom-logovisuel.jpg","keywords":["buchs","challenge 2015","colorzoom","goldwell","kevin","la coifferie","paula","team","tendances","v\u00e9ronique","vevey"],"articleSection":["Blog","Colorzoom","Goldwell","La Coifferie","Le Salon","Le Team","Technique"],"inLanguage":"fr-FR","potentialAction":[{"@type":"CommentAction","name":"Comment","target":["https:\/\/www.lacoifferie.ch\/?p=17993#respond"]}]},{"@type":"WebPage","@id":"https:\/\/www.lacoifferie.ch\/?p=17993","url":"https:\/\/www.lacoifferie.ch\/?p=17993","name":"Paula et Kevin se pr\u00e9sentent au ColorZoom 2015 - La Coifferie par V\u00e9ronique Buchs - salon de coiffure \u00e0 Vevey","isPartOf":{"@id":"https:\/\/www.lacoifferie.ch\/#website"},"primaryImageOfPage":{"@id":"https:\/\/www.lacoifferie.ch\/?p=17993#primaryimage"},"image":{"@id":"https:\/\/www.lacoifferie.ch\/?p=17993#primaryimage"},"thumbnailUrl":"https:\/\/www.lacoifferie.ch\/new\/wp-content\/uploads\/2015\/02\/colorzoom-logovisuel.jpg","datePublished":"2015-02-22T10:25:40+00:00","dateModified":"2015-03-05T09:33:41+00:00","breadcrumb":{"@id":"https:\/\/www.lacoifferie.ch\/?p=17993#breadcrumb"},"inLanguage":"fr-FR","potentialAction":[{"@type":"ReadAction","target":["https:\/\/www.lacoifferie.ch\/?p=17993"]}]},{"@type":"ImageObject","inLanguage":"fr-FR","@id":"https:\/\/www.lacoifferie.ch\/?p=17993#primaryimage","url":"https:\/\/www.lacoifferie.ch\/new\/wp-content\/uploads\/2015\/02\/colorzoom-logovisuel.jpg","contentUrl":"https:\/\/www.lacoifferie.ch\/new\/wp-content\/uploads\/2015\/02\/colorzoom-logovisuel.jpg","width":727,"height":407},{"@type":"BreadcrumbList","@id":"https:\/\/www.lacoifferie.ch\/?p=17993#breadcrumb","itemListElement":[{"@type":"ListItem","position":1,"name":"Accueil","item":"https:\/\/www.lacoifferie.ch\/"},{"@type":"ListItem","position":2,"name":"Paula et Kevin se pr\u00e9sentent au ColorZoom 2015"}]},{"@type":"WebSite","@id":"https:\/\/www.lacoifferie.ch\/#website","url":"https:\/\/www.lacoifferie.ch\/","name":"La Coifferie par V\u00e9ronique Buchs - salon de coiffure \u00e0 Vevey","description":"Pour votre bien \u00eatre ...","publisher":{"@id":"https:\/\/www.lacoifferie.ch\/#organization"},"potentialAction":[{"@type":"SearchAction","target":{"@type":"EntryPoint","urlTemplate":"https:\/\/www.lacoifferie.ch\/?s={search_term_string}"},"query-input":{"@type":"PropertyValueSpecification","valueRequired":true,"valueName":"search_term_string"}}],"inLanguage":"fr-FR"},{"@type":"Organization","@id":"https:\/\/www.lacoifferie.ch\/#organization","name":"La Coifferie par V\u00e9ronique Buchs - salon de coiffure \u00e0 Vevey","url":"https:\/\/www.lacoifferie.ch\/","logo":{"@type":"ImageObject","inLanguage":"fr-FR","@id":"https:\/\/www.lacoifferie.ch\/#\/schema\/logo\/image\/","url":"https:\/\/www.lacoifferie.ch\/new\/wp-content\/uploads\/2014\/09\/logo2017_black-1.png","contentUrl":"https:\/\/www.lacoifferie.ch\/new\/wp-content\/uploads\/2014\/09\/logo2017_black-1.png","width":376,"height":190,"caption":"La Coifferie par V\u00e9ronique Buchs - salon de coiffure \u00e0 Vevey"},"image":{"@id":"https:\/\/www.lacoifferie.ch\/#\/schema\/logo\/image\/"},"sameAs":["https:\/\/www.facebook.com\/lacoifferievevey","https:\/\/www.instagram.com\/lacoifferievevey\/"]},{"@type":"Person","@id":"https:\/\/www.lacoifferie.ch\/#\/schema\/person\/f29f7fa0af92315442d1c512255e9c38","name":"Luca Carmagnola","image":{"@type":"ImageObject","inLanguage":"fr-FR","@id":"https:\/\/www.lacoifferie.ch\/#\/schema\/person\/image\/","url":"https:\/\/secure.gravatar.com\/avatar\/774b97a236576c6cd100e82452aeb7f3a9fcfe500434645d2ad3dda557f6980e?s=96&d=mm&r=g","contentUrl":"https:\/\/secure.gravatar.com\/avatar\/774b97a236576c6cd100e82452aeb7f3a9fcfe500434645d2ad3dda557f6980e?s=96&d=mm&r=g","caption":"Luca Carmagnola"},"url":"https:\/\/www.lacoifferie.ch\/?author=3"}]}},"_links":{"self":[{"href":"https:\/\/www.lacoifferie.ch\/index.php?rest_route=\/wp\/v2\/posts\/17993","targetHints":{"allow":["GET"]}}],"collection":[{"href":"https:\/\/www.lacoifferie.ch\/index.php?rest_route=\/wp\/v2\/posts"}],"about":[{"href":"https:\/\/www.lacoifferie.ch\/index.php?rest_route=\/wp\/v2\/types\/post"}],"author":[{"embeddable":true,"href":"https:\/\/www.lacoifferie.ch\/index.php?rest_route=\/wp\/v2\/users\/3"}],"replies":[{"embeddable":true,"href":"https:\/\/www.lacoifferie.ch\/index.php?rest_route=%2Fwp%2Fv2%2Fcomments&post=17993"}],"version-history":[{"count":4,"href":"https:\/\/www.lacoifferie.ch\/index.php?rest_route=\/wp\/v2\/posts\/17993\/revisions"}],"predecessor-version":[{"id":18407,"href":"https:\/\/www.lacoifferie.ch\/index.php?rest_route=\/wp\/v2\/posts\/17993\/revisions\/18407"}],"wp:featuredmedia":[{"embeddable":true,"href":"https:\/\/www.lacoifferie.ch\/index.php?rest_route=\/wp\/v2\/media\/18031"}],"wp:attachment":[{"href":"https:\/\/www.lacoifferie.ch\/index.php?rest_route=%2Fwp%2Fv2%2Fmedia&parent=17993"}],"wp:term":[{"taxonomy":"category","embeddable":true,"href":"https:\/\/www.lacoifferie.ch\/index.php?rest_route=%2Fwp%2Fv2%2Fcategories&post=17993"},{"taxonomy":"post_tag","embeddable":true,"href":"https:\/\/www.lacoifferie.ch\/index.php?rest_route=%2Fwp%2Fv2%2Ftags&post=17993"}],"curies":[{"name":"wp","href":"https:\/\/api.w.org\/{rel}","templated":true}]}}