{"id":18037,"date":"2015-04-02T17:30:25","date_gmt":"2015-04-02T15:30:25","guid":{"rendered":"http:\/\/www.lacoifferie.ch\/?p=18037"},"modified":"2015-04-07T17:39:52","modified_gmt":"2015-04-07T15:39:52","slug":"american-crew-challenge-2015-les-resultats","status":"publish","type":"post","link":"https:\/\/www.lacoifferie.ch\/?p=18037","title":{"rendered":"American Crew Challenge 2015 : les r\u00e9sultats !"},"content":{"rendered":"<div class=\"wpb-content-wrapper\"><div class=\"vc_row wpb_row section \" style=' text-align:left;'><div class=\" full_section_inner clearfix\"><div class=\"wpb_column vc_column_container vc_col-sm-12\"><div class=\"vc_column-inner\"><div class=\"wpb_wrapper\">\n\t<div class=\"wpb_text_column wpb_content_element \">\n\t\t<div class=\"wpb_wrapper\">\n\t\t\t<p>Nous venons de recevoir les <strong><em>r\u00e9sultats<\/em><\/strong> du concours et malgr\u00e9 son excellent travail,\u00a0 <strong><em>K\u00e9vin<\/em><\/strong> n&rsquo;a pas \u00e9t\u00e9 d\u00e9sign\u00e9 vainqueur pour la Suisse.<\/p>\n<p>Voici les photos de sa cr\u00e9ation ainsi que quelques images <strong><em>backstage<\/em><\/strong> prises lors du shooting en studio en f\u00e9vrier dernier.<\/p>\n<p>Stylist : <em><strong>K\u00e9vin<\/strong><\/em> <strong><em>Morival<\/em><\/strong><br \/>\nModel : <em><strong>Andreas<\/strong><\/em><br \/>\nSalon : <strong><em>La Coifferie &#8211; Vevey<br \/>\n<\/em><\/strong>Photographe : <a title=\"Looka\" href=\"http:\/\/www.looka.ch\" target=\"_blank\"><em><strong>Look&rsquo;Art<\/strong><\/em><\/a><\/p>\n<p>Bravo \u00e0 toi <em><strong>K\u00e9vin<\/strong><\/em> et \u00e0 l&rsquo;ann\u00e9e prochaine pour le <strong><em>Challenge 2016<\/em><\/strong> !!!<\/p>\n\n\t\t<\/div> \n\t<\/div> <\/div><\/div><\/div><\/div><\/div><div     class=\"vc_row wpb_row section \" style=' text-align:left;'><div class=\" full_section_inner clearfix\"><div class=\"wpb_column vc_column_container vc_col-sm-12\"><div class=\"vc_column-inner\"><div class=\"wpb_wrapper\"><div class=\"wpb_gallery wpb_content_element vc_clearfix\"><div class=\"wpb_wrapper\"><h2 class=\"wpb_heading wpb_gallery_heading\">Sa cr\u00e9ation de face et de profil<\/h2><div class=\"wpb_gallery_slides wpb_image_grid\" data-interval=\"3\"><div class=\"gallery_holder\"><ul class=\"gallery_inner v2\"><li class=\"no_grayscale\"><a class=\"prettyphoto\" href=\"https:\/\/www.lacoifferie.ch\/new\/wp-content\/uploads\/2015\/04\/AC_Kevin-face2.jpg\" data-rel=\"prettyPhoto[rel-18037-1131932249]\"><span class=\"q_gallery_slider\" data-image_title=\"AC_Kevin-face2\" data-image_caption=\"\" data-image_url=\"\" data-image_url_target=\"\"><img loading=\"lazy\" decoding=\"async\" width=\"599\" height=\"900\" src=\"https:\/\/www.lacoifferie.ch\/new\/wp-content\/uploads\/2015\/04\/AC_Kevin-face2.jpg\" class=\"attachment-large\" alt=\"\" title=\"AC_Kevin-face2\" srcset=\"https:\/\/www.lacoifferie.ch\/new\/wp-content\/uploads\/2015\/04\/AC_Kevin-face2.jpg 599w, https:\/\/www.lacoifferie.ch\/new\/wp-content\/uploads\/2015\/04\/AC_Kevin-face2-200x300.jpg 200w\" sizes=\"auto, (max-width: 599px) 100vw, 599px\" \/><\/span><\/a><\/li><li class=\"no_grayscale\"><a class=\"prettyphoto\" href=\"https:\/\/www.lacoifferie.ch\/new\/wp-content\/uploads\/2015\/04\/AC_Kevin-profil2.jpg\" data-rel=\"prettyPhoto[rel-18037-1131932249]\"><span class=\"q_gallery_slider\" data-image_title=\"AC_Kevin-profil2\" data-image_caption=\"\" data-image_url=\"\" data-image_url_target=\"\"><img loading=\"lazy\" decoding=\"async\" width=\"599\" height=\"900\" src=\"https:\/\/www.lacoifferie.ch\/new\/wp-content\/uploads\/2015\/04\/AC_Kevin-profil2.jpg\" class=\"attachment-large\" alt=\"\" title=\"AC_Kevin-profil2\" srcset=\"https:\/\/www.lacoifferie.ch\/new\/wp-content\/uploads\/2015\/04\/AC_Kevin-profil2.jpg 599w, https:\/\/www.lacoifferie.ch\/new\/wp-content\/uploads\/2015\/04\/AC_Kevin-profil2-200x300.jpg 200w\" sizes=\"auto, (max-width: 599px) 100vw, 599px\" \/><\/span><\/a><\/li><\/ul><\/div><\/div><\/div><\/div><\/div><\/div><\/div><\/div><\/div><div     class=\"vc_row wpb_row section \" style=' text-align:left;'><div class=\" full_section_inner clearfix\"><div class=\"wpb_column vc_column_container vc_col-sm-12\"><div class=\"vc_column-inner\"><div class=\"wpb_wrapper\"><div class=\"wpb_gallery wpb_content_element vc_clearfix\"><div class=\"wpb_wrapper\"><h2 class=\"wpb_heading wpb_gallery_heading\">Backstage<\/h2><div class=\"wpb_gallery_slides wpb_image_grid\" data-interval=\"3\"><div class=\"gallery_holder\"><ul class=\"gallery_inner v4\"><li class=\"no_grayscale\"><a class=\"prettyphoto\" href=\"https:\/\/www.lacoifferie.ch\/new\/wp-content\/uploads\/2015\/04\/DD4_0435.jpg\" data-rel=\"prettyPhoto[rel-18037-952065536]\"><span class=\"q_gallery_slider\" data-image_title=\"DD4_0435\" data-image_caption=\"\" data-image_url=\"\" data-image_url_target=\"\"><img loading=\"lazy\" decoding=\"async\" width=\"150\" height=\"150\" src=\"https:\/\/www.lacoifferie.ch\/new\/wp-content\/uploads\/2015\/04\/DD4_0435-150x150.jpg\" class=\"attachment-thumbnail\" alt=\"\" title=\"DD4_0435\" srcset=\"https:\/\/www.lacoifferie.ch\/new\/wp-content\/uploads\/2015\/04\/DD4_0435-150x150.jpg 150w, https:\/\/www.lacoifferie.ch\/new\/wp-content\/uploads\/2015\/04\/DD4_0435-85x85.jpg 85w, https:\/\/www.lacoifferie.ch\/new\/wp-content\/uploads\/2015\/04\/DD4_0435-550x550.jpg 550w\" sizes=\"auto, (max-width: 150px) 100vw, 150px\" \/><\/span><\/a><\/li><li class=\"no_grayscale\"><a class=\"prettyphoto\" href=\"https:\/\/www.lacoifferie.ch\/new\/wp-content\/uploads\/2015\/04\/DD4_0446.jpg\" data-rel=\"prettyPhoto[rel-18037-952065536]\"><span class=\"q_gallery_slider\" data-image_title=\"DD4_0446\" data-image_caption=\"\" data-image_url=\"\" data-image_url_target=\"\"><img loading=\"lazy\" decoding=\"async\" width=\"150\" height=\"150\" src=\"https:\/\/www.lacoifferie.ch\/new\/wp-content\/uploads\/2015\/04\/DD4_0446-150x150.jpg\" class=\"attachment-thumbnail\" alt=\"\" title=\"DD4_0446\" srcset=\"https:\/\/www.lacoifferie.ch\/new\/wp-content\/uploads\/2015\/04\/DD4_0446-150x150.jpg 150w, https:\/\/www.lacoifferie.ch\/new\/wp-content\/uploads\/2015\/04\/DD4_0446-85x85.jpg 85w, https:\/\/www.lacoifferie.ch\/new\/wp-content\/uploads\/2015\/04\/DD4_0446-550x550.jpg 550w\" sizes=\"auto, (max-width: 150px) 100vw, 150px\" \/><\/span><\/a><\/li><li class=\"no_grayscale\"><a class=\"prettyphoto\" href=\"https:\/\/www.lacoifferie.ch\/new\/wp-content\/uploads\/2015\/04\/DD4_0450.jpg\" data-rel=\"prettyPhoto[rel-18037-952065536]\"><span class=\"q_gallery_slider\" data-image_title=\"DD4_0450\" data-image_caption=\"\" data-image_url=\"\" data-image_url_target=\"\"><img loading=\"lazy\" decoding=\"async\" width=\"150\" height=\"150\" src=\"https:\/\/www.lacoifferie.ch\/new\/wp-content\/uploads\/2015\/04\/DD4_0450-150x150.jpg\" class=\"attachment-thumbnail\" alt=\"\" title=\"DD4_0450\" srcset=\"https:\/\/www.lacoifferie.ch\/new\/wp-content\/uploads\/2015\/04\/DD4_0450-150x150.jpg 150w, https:\/\/www.lacoifferie.ch\/new\/wp-content\/uploads\/2015\/04\/DD4_0450-85x85.jpg 85w, https:\/\/www.lacoifferie.ch\/new\/wp-content\/uploads\/2015\/04\/DD4_0450-550x550.jpg 550w\" sizes=\"auto, (max-width: 150px) 100vw, 150px\" \/><\/span><\/a><\/li><li class=\"no_grayscale\"><a class=\"prettyphoto\" href=\"https:\/\/www.lacoifferie.ch\/new\/wp-content\/uploads\/2015\/04\/DD4_0498.jpg\" data-rel=\"prettyPhoto[rel-18037-952065536]\"><span class=\"q_gallery_slider\" data-image_title=\"DD4_0498\" data-image_caption=\"\" data-image_url=\"\" data-image_url_target=\"\"><img loading=\"lazy\" decoding=\"async\" width=\"150\" height=\"150\" src=\"https:\/\/www.lacoifferie.ch\/new\/wp-content\/uploads\/2015\/04\/DD4_0498-150x150.jpg\" class=\"attachment-thumbnail\" alt=\"\" title=\"DD4_0498\" srcset=\"https:\/\/www.lacoifferie.ch\/new\/wp-content\/uploads\/2015\/04\/DD4_0498-150x150.jpg 150w, https:\/\/www.lacoifferie.ch\/new\/wp-content\/uploads\/2015\/04\/DD4_0498-85x85.jpg 85w, https:\/\/www.lacoifferie.ch\/new\/wp-content\/uploads\/2015\/04\/DD4_0498-550x550.jpg 550w\" sizes=\"auto, (max-width: 150px) 100vw, 150px\" \/><\/span><\/a><\/li><li class=\"no_grayscale\"><a class=\"prettyphoto\" href=\"https:\/\/www.lacoifferie.ch\/new\/wp-content\/uploads\/2015\/04\/DD4_0499.jpg\" data-rel=\"prettyPhoto[rel-18037-952065536]\"><span class=\"q_gallery_slider\" data-image_title=\"DD4_0499\" data-image_caption=\"\" data-image_url=\"\" data-image_url_target=\"\"><img loading=\"lazy\" decoding=\"async\" width=\"150\" height=\"150\" src=\"https:\/\/www.lacoifferie.ch\/new\/wp-content\/uploads\/2015\/04\/DD4_0499-150x150.jpg\" class=\"attachment-thumbnail\" alt=\"\" title=\"DD4_0499\" srcset=\"https:\/\/www.lacoifferie.ch\/new\/wp-content\/uploads\/2015\/04\/DD4_0499-150x150.jpg 150w, https:\/\/www.lacoifferie.ch\/new\/wp-content\/uploads\/2015\/04\/DD4_0499-85x85.jpg 85w, https:\/\/www.lacoifferie.ch\/new\/wp-content\/uploads\/2015\/04\/DD4_0499-550x550.jpg 550w\" sizes=\"auto, (max-width: 150px) 100vw, 150px\" \/><\/span><\/a><\/li><li class=\"no_grayscale\"><a class=\"prettyphoto\" href=\"https:\/\/www.lacoifferie.ch\/new\/wp-content\/uploads\/2015\/04\/DD4_0520.jpg\" data-rel=\"prettyPhoto[rel-18037-952065536]\"><span class=\"q_gallery_slider\" data-image_title=\"DD4_0520\" data-image_caption=\"\" data-image_url=\"\" data-image_url_target=\"\"><img loading=\"lazy\" decoding=\"async\" width=\"150\" height=\"150\" src=\"https:\/\/www.lacoifferie.ch\/new\/wp-content\/uploads\/2015\/04\/DD4_0520-150x150.jpg\" class=\"attachment-thumbnail\" alt=\"\" title=\"DD4_0520\" srcset=\"https:\/\/www.lacoifferie.ch\/new\/wp-content\/uploads\/2015\/04\/DD4_0520-150x150.jpg 150w, https:\/\/www.lacoifferie.ch\/new\/wp-content\/uploads\/2015\/04\/DD4_0520-85x85.jpg 85w, https:\/\/www.lacoifferie.ch\/new\/wp-content\/uploads\/2015\/04\/DD4_0520-550x550.jpg 550w\" sizes=\"auto, (max-width: 150px) 100vw, 150px\" \/><\/span><\/a><\/li><li class=\"no_grayscale\"><a class=\"prettyphoto\" href=\"https:\/\/www.lacoifferie.ch\/new\/wp-content\/uploads\/2015\/04\/DD4_0544.jpg\" data-rel=\"prettyPhoto[rel-18037-952065536]\"><span class=\"q_gallery_slider\" data-image_title=\"DD4_0544\" data-image_caption=\"\" data-image_url=\"\" data-image_url_target=\"\"><img loading=\"lazy\" decoding=\"async\" width=\"150\" height=\"150\" src=\"https:\/\/www.lacoifferie.ch\/new\/wp-content\/uploads\/2015\/04\/DD4_0544-150x150.jpg\" class=\"attachment-thumbnail\" alt=\"\" title=\"DD4_0544\" srcset=\"https:\/\/www.lacoifferie.ch\/new\/wp-content\/uploads\/2015\/04\/DD4_0544-150x150.jpg 150w, https:\/\/www.lacoifferie.ch\/new\/wp-content\/uploads\/2015\/04\/DD4_0544-85x85.jpg 85w, https:\/\/www.lacoifferie.ch\/new\/wp-content\/uploads\/2015\/04\/DD4_0544-550x550.jpg 550w\" sizes=\"auto, (max-width: 150px) 100vw, 150px\" \/><\/span><\/a><\/li><li class=\"no_grayscale\"><a class=\"prettyphoto\" href=\"https:\/\/www.lacoifferie.ch\/new\/wp-content\/uploads\/2015\/04\/DD4_0547.jpg\" data-rel=\"prettyPhoto[rel-18037-952065536]\"><span class=\"q_gallery_slider\" data-image_title=\"DD4_0547\" data-image_caption=\"\" data-image_url=\"\" data-image_url_target=\"\"><img loading=\"lazy\" decoding=\"async\" width=\"150\" height=\"150\" src=\"https:\/\/www.lacoifferie.ch\/new\/wp-content\/uploads\/2015\/04\/DD4_0547-150x150.jpg\" class=\"attachment-thumbnail\" alt=\"\" title=\"DD4_0547\" srcset=\"https:\/\/www.lacoifferie.ch\/new\/wp-content\/uploads\/2015\/04\/DD4_0547-150x150.jpg 150w, https:\/\/www.lacoifferie.ch\/new\/wp-content\/uploads\/2015\/04\/DD4_0547-85x85.jpg 85w, https:\/\/www.lacoifferie.ch\/new\/wp-content\/uploads\/2015\/04\/DD4_0547-550x550.jpg 550w\" sizes=\"auto, (max-width: 150px) 100vw, 150px\" \/><\/span><\/a><\/li><\/ul><\/div><\/div><\/div><\/div><\/div><\/div><\/div><\/div><\/div><div     class=\"vc_row wpb_row section \" style=' text-align:left;'><div class=\" full_section_inner clearfix\"><div class=\"wpb_column vc_column_container vc_col-sm-12\"><div class=\"vc_column-inner\"><div class=\"wpb_wrapper\">\n\t<div class=\"wpb_single_image wpb_content_element vc_align_center\">\n\t\t<div class=\"wpb_wrapper\">\n\t\t\t<h2 class=\"wpb_heading wpb_singleimage_heading\">Le vainqueur Suisse 2015<\/h2>\n\t\t\t<div class=\"vc_single_image-wrapper   vc_box_border_grey\"><img loading=\"lazy\" decoding=\"async\" width=\"541\" height=\"404\" src=\"https:\/\/www.lacoifferie.ch\/new\/wp-content\/uploads\/2015\/04\/CHwinner2015.jpg\" class=\"vc_single_image-img attachment-full\" alt=\"\" title=\"CHwinner2015\" srcset=\"https:\/\/www.lacoifferie.ch\/new\/wp-content\/uploads\/2015\/04\/CHwinner2015.jpg 541w, https:\/\/www.lacoifferie.ch\/new\/wp-content\/uploads\/2015\/04\/CHwinner2015-300x224.jpg 300w\" sizes=\"auto, (max-width: 541px) 100vw, 541px\" \/><\/div>\n\t\t<\/div>\n\t<\/div>\n<\/div><\/div><\/div><\/div><\/div><div     class=\"vc_row wpb_row section \" style=' text-align:left;'><div class=\" full_section_inner clearfix\"><div class=\"wpb_column vc_column_container vc_col-sm-12\"><div class=\"vc_column-inner\"><div class=\"wpb_wrapper\"><div class=\"vc_empty_space\"   style=\"height: 22px\"><span class=\"vc_empty_space_inner\"><\/span><\/div><\/div><\/div><\/div><\/div><\/div>\n<\/div>","protected":false},"excerpt":{"rendered":"Nous venons de recevoir les r\u00e9sultats du concours et malgr\u00e9 son excellent travail,\u00a0 K\u00e9vin n'a pas \u00e9t\u00e9 d\u00e9sign\u00e9 vainqueur pour la Suisse. Voici les photos de sa cr\u00e9ation ainsi que quelques images backstage prises lors du shooting en studio en f\u00e9vrier dernier. Stylist : K\u00e9vin...","protected":false},"author":3,"featured_media":18032,"comment_status":"open","ping_status":"open","sticky":false,"template":"","format":"standard","meta":{"footnotes":""},"categories":[124,104,102,106,109,114],"tags":[310,312,311,138,323,313,308,133,321,322,137,97],"class_list":["post-18037","post","type-post","status-publish","format-standard","has-post-thumbnail","hentry","category-american-crew","category-blog-la-coifferie","category-la-coifferie","category-le-salon","category-les-creations","category-services","tag-310","tag-all-stars-challenge","tag-american-crew","tag-buchs","tag-carmagnola","tag-concours","tag-kevin","tag-la-coifferie-2","tag-looka","tag-luca","tag-veronique","tag-vevey"],"yoast_head":"<!-- This site is optimized with the Yoast SEO plugin v27.1.1 - https:\/\/yoast.com\/product\/yoast-seo-wordpress\/ -->\n<title>American Crew Challenge 2015 : les r\u00e9sultats ! - La Coifferie par V\u00e9ronique Buchs - salon de coiffure \u00e0 Vevey<\/title>\n<meta name=\"robots\" content=\"index, follow, max-snippet:-1, max-image-preview:large, max-video-preview:-1\" \/>\n<link rel=\"canonical\" href=\"https:\/\/www.lacoifferie.ch\/?p=18037\" \/>\n<meta property=\"og:locale\" content=\"fr_FR\" \/>\n<meta property=\"og:type\" content=\"article\" \/>\n<meta property=\"og:title\" content=\"American Crew Challenge 2015 : les r\u00e9sultats ! - La Coifferie par V\u00e9ronique Buchs - salon de coiffure \u00e0 Vevey\" \/>\n<meta property=\"og:url\" content=\"https:\/\/www.lacoifferie.ch\/?p=18037\" \/>\n<meta property=\"og:site_name\" content=\"La Coifferie par V\u00e9ronique Buchs - salon de coiffure \u00e0 Vevey\" \/>\n<meta property=\"article:publisher\" content=\"https:\/\/www.facebook.com\/lacoifferievevey\" \/>\n<meta property=\"article:published_time\" content=\"2015-04-02T15:30:25+00:00\" \/>\n<meta property=\"article:modified_time\" content=\"2015-04-07T15:39:52+00:00\" \/>\n<meta property=\"og:image\" content=\"https:\/\/www.lacoifferie.ch\/new\/wp-content\/uploads\/2015\/02\/video-top-banner-2015.jpg\" \/>\n\t<meta property=\"og:image:width\" content=\"1278\" \/>\n\t<meta property=\"og:image:height\" content=\"394\" \/>\n\t<meta property=\"og:image:type\" content=\"image\/jpeg\" \/>\n<meta name=\"author\" content=\"Luca Carmagnola\" \/>\n<meta name=\"twitter:card\" content=\"summary_large_image\" \/>\n<meta name=\"twitter:label1\" content=\"\u00c9crit par\" \/>\n\t<meta name=\"twitter:data1\" content=\"Luca Carmagnola\" \/>\n\t<meta name=\"twitter:label2\" content=\"Dur\u00e9e de lecture estim\u00e9e\" \/>\n\t<meta name=\"twitter:data2\" content=\"1 minute\" \/>\n<script type=\"application\/ld+json\" class=\"yoast-schema-graph\">{\"@context\":\"https:\/\/schema.org\",\"@graph\":[{\"@type\":\"Article\",\"@id\":\"https:\/\/www.lacoifferie.ch\/?p=18037#article\",\"isPartOf\":{\"@id\":\"https:\/\/www.lacoifferie.ch\/?p=18037\"},\"author\":{\"name\":\"Luca Carmagnola\",\"@id\":\"https:\/\/www.lacoifferie.ch\/#\/schema\/person\/f29f7fa0af92315442d1c512255e9c38\"},\"headline\":\"American Crew Challenge 2015 : les r\u00e9sultats !\",\"datePublished\":\"2015-04-02T15:30:25+00:00\",\"dateModified\":\"2015-04-07T15:39:52+00:00\",\"mainEntityOfPage\":{\"@id\":\"https:\/\/www.lacoifferie.ch\/?p=18037\"},\"wordCount\":206,\"commentCount\":0,\"publisher\":{\"@id\":\"https:\/\/www.lacoifferie.ch\/#organization\"},\"image\":{\"@id\":\"https:\/\/www.lacoifferie.ch\/?p=18037#primaryimage\"},\"thumbnailUrl\":\"https:\/\/www.lacoifferie.ch\/new\/wp-content\/uploads\/2015\/02\/video-top-banner-2015.jpg\",\"keywords\":[\"2015\",\"all stars challenge\",\"american crew\",\"buchs\",\"carmagnola\",\"concours\",\"kevin\",\"la coifferie\",\"looka\",\"luca\",\"v\u00e9ronique\",\"vevey\"],\"articleSection\":[\"American Crew\",\"Blog\",\"La Coifferie\",\"Le Salon\",\"Les Cr\u00e9ations\",\"Services\"],\"inLanguage\":\"fr-FR\",\"potentialAction\":[{\"@type\":\"CommentAction\",\"name\":\"Comment\",\"target\":[\"https:\/\/www.lacoifferie.ch\/?p=18037#respond\"]}]},{\"@type\":\"WebPage\",\"@id\":\"https:\/\/www.lacoifferie.ch\/?p=18037\",\"url\":\"https:\/\/www.lacoifferie.ch\/?p=18037\",\"name\":\"American Crew Challenge 2015 : les r\u00e9sultats ! - La Coifferie par V\u00e9ronique Buchs - salon de coiffure \u00e0 Vevey\",\"isPartOf\":{\"@id\":\"https:\/\/www.lacoifferie.ch\/#website\"},\"primaryImageOfPage\":{\"@id\":\"https:\/\/www.lacoifferie.ch\/?p=18037#primaryimage\"},\"image\":{\"@id\":\"https:\/\/www.lacoifferie.ch\/?p=18037#primaryimage\"},\"thumbnailUrl\":\"https:\/\/www.lacoifferie.ch\/new\/wp-content\/uploads\/2015\/02\/video-top-banner-2015.jpg\",\"datePublished\":\"2015-04-02T15:30:25+00:00\",\"dateModified\":\"2015-04-07T15:39:52+00:00\",\"breadcrumb\":{\"@id\":\"https:\/\/www.lacoifferie.ch\/?p=18037#breadcrumb\"},\"inLanguage\":\"fr-FR\",\"potentialAction\":[{\"@type\":\"ReadAction\",\"target\":[\"https:\/\/www.lacoifferie.ch\/?p=18037\"]}]},{\"@type\":\"ImageObject\",\"inLanguage\":\"fr-FR\",\"@id\":\"https:\/\/www.lacoifferie.ch\/?p=18037#primaryimage\",\"url\":\"https:\/\/www.lacoifferie.ch\/new\/wp-content\/uploads\/2015\/02\/video-top-banner-2015.jpg\",\"contentUrl\":\"https:\/\/www.lacoifferie.ch\/new\/wp-content\/uploads\/2015\/02\/video-top-banner-2015.jpg\",\"width\":1278,\"height\":394},{\"@type\":\"BreadcrumbList\",\"@id\":\"https:\/\/www.lacoifferie.ch\/?p=18037#breadcrumb\",\"itemListElement\":[{\"@type\":\"ListItem\",\"position\":1,\"name\":\"Accueil\",\"item\":\"https:\/\/www.lacoifferie.ch\/\"},{\"@type\":\"ListItem\",\"position\":2,\"name\":\"American Crew Challenge 2015 : les r\u00e9sultats !\"}]},{\"@type\":\"WebSite\",\"@id\":\"https:\/\/www.lacoifferie.ch\/#website\",\"url\":\"https:\/\/www.lacoifferie.ch\/\",\"name\":\"La Coifferie par V\u00e9ronique Buchs - salon de coiffure \u00e0 Vevey\",\"description\":\"Pour votre bien \u00eatre ...\",\"publisher\":{\"@id\":\"https:\/\/www.lacoifferie.ch\/#organization\"},\"potentialAction\":[{\"@type\":\"SearchAction\",\"target\":{\"@type\":\"EntryPoint\",\"urlTemplate\":\"https:\/\/www.lacoifferie.ch\/?s={search_term_string}\"},\"query-input\":{\"@type\":\"PropertyValueSpecification\",\"valueRequired\":true,\"valueName\":\"search_term_string\"}}],\"inLanguage\":\"fr-FR\"},{\"@type\":\"Organization\",\"@id\":\"https:\/\/www.lacoifferie.ch\/#organization\",\"name\":\"La Coifferie par V\u00e9ronique Buchs - salon de coiffure \u00e0 Vevey\",\"url\":\"https:\/\/www.lacoifferie.ch\/\",\"logo\":{\"@type\":\"ImageObject\",\"inLanguage\":\"fr-FR\",\"@id\":\"https:\/\/www.lacoifferie.ch\/#\/schema\/logo\/image\/\",\"url\":\"https:\/\/www.lacoifferie.ch\/new\/wp-content\/uploads\/2014\/09\/logo2017_black-1.png\",\"contentUrl\":\"https:\/\/www.lacoifferie.ch\/new\/wp-content\/uploads\/2014\/09\/logo2017_black-1.png\",\"width\":376,\"height\":190,\"caption\":\"La Coifferie par V\u00e9ronique Buchs - salon de coiffure \u00e0 Vevey\"},\"image\":{\"@id\":\"https:\/\/www.lacoifferie.ch\/#\/schema\/logo\/image\/\"},\"sameAs\":[\"https:\/\/www.facebook.com\/lacoifferievevey\",\"https:\/\/www.instagram.com\/lacoifferievevey\/\"]},{\"@type\":\"Person\",\"@id\":\"https:\/\/www.lacoifferie.ch\/#\/schema\/person\/f29f7fa0af92315442d1c512255e9c38\",\"name\":\"Luca Carmagnola\",\"image\":{\"@type\":\"ImageObject\",\"inLanguage\":\"fr-FR\",\"@id\":\"https:\/\/www.lacoifferie.ch\/#\/schema\/person\/image\/\",\"url\":\"https:\/\/secure.gravatar.com\/avatar\/774b97a236576c6cd100e82452aeb7f3a9fcfe500434645d2ad3dda557f6980e?s=96&d=mm&r=g\",\"contentUrl\":\"https:\/\/secure.gravatar.com\/avatar\/774b97a236576c6cd100e82452aeb7f3a9fcfe500434645d2ad3dda557f6980e?s=96&d=mm&r=g\",\"caption\":\"Luca Carmagnola\"},\"url\":\"https:\/\/www.lacoifferie.ch\/?author=3\"}]}<\/script>\n<!-- \/ Yoast SEO plugin. -->","yoast_head_json":{"title":"American Crew Challenge 2015 : les r\u00e9sultats ! - La Coifferie par V\u00e9ronique Buchs - salon de coiffure \u00e0 Vevey","robots":{"index":"index","follow":"follow","max-snippet":"max-snippet:-1","max-image-preview":"max-image-preview:large","max-video-preview":"max-video-preview:-1"},"canonical":"https:\/\/www.lacoifferie.ch\/?p=18037","og_locale":"fr_FR","og_type":"article","og_title":"American Crew Challenge 2015 : les r\u00e9sultats ! - La Coifferie par V\u00e9ronique Buchs - salon de coiffure \u00e0 Vevey","og_url":"https:\/\/www.lacoifferie.ch\/?p=18037","og_site_name":"La Coifferie par V\u00e9ronique Buchs - salon de coiffure \u00e0 Vevey","article_publisher":"https:\/\/www.facebook.com\/lacoifferievevey","article_published_time":"2015-04-02T15:30:25+00:00","article_modified_time":"2015-04-07T15:39:52+00:00","og_image":[{"width":1278,"height":394,"url":"https:\/\/www.lacoifferie.ch\/new\/wp-content\/uploads\/2015\/02\/video-top-banner-2015.jpg","type":"image\/jpeg"}],"author":"Luca Carmagnola","twitter_card":"summary_large_image","twitter_misc":{"\u00c9crit par":"Luca Carmagnola","Dur\u00e9e de lecture estim\u00e9e":"1 minute"},"schema":{"@context":"https:\/\/schema.org","@graph":[{"@type":"Article","@id":"https:\/\/www.lacoifferie.ch\/?p=18037#article","isPartOf":{"@id":"https:\/\/www.lacoifferie.ch\/?p=18037"},"author":{"name":"Luca Carmagnola","@id":"https:\/\/www.lacoifferie.ch\/#\/schema\/person\/f29f7fa0af92315442d1c512255e9c38"},"headline":"American Crew Challenge 2015 : les r\u00e9sultats !","datePublished":"2015-04-02T15:30:25+00:00","dateModified":"2015-04-07T15:39:52+00:00","mainEntityOfPage":{"@id":"https:\/\/www.lacoifferie.ch\/?p=18037"},"wordCount":206,"commentCount":0,"publisher":{"@id":"https:\/\/www.lacoifferie.ch\/#organization"},"image":{"@id":"https:\/\/www.lacoifferie.ch\/?p=18037#primaryimage"},"thumbnailUrl":"https:\/\/www.lacoifferie.ch\/new\/wp-content\/uploads\/2015\/02\/video-top-banner-2015.jpg","keywords":["2015","all stars challenge","american crew","buchs","carmagnola","concours","kevin","la coifferie","looka","luca","v\u00e9ronique","vevey"],"articleSection":["American Crew","Blog","La Coifferie","Le Salon","Les Cr\u00e9ations","Services"],"inLanguage":"fr-FR","potentialAction":[{"@type":"CommentAction","name":"Comment","target":["https:\/\/www.lacoifferie.ch\/?p=18037#respond"]}]},{"@type":"WebPage","@id":"https:\/\/www.lacoifferie.ch\/?p=18037","url":"https:\/\/www.lacoifferie.ch\/?p=18037","name":"American Crew Challenge 2015 : les r\u00e9sultats ! - La Coifferie par V\u00e9ronique Buchs - salon de coiffure \u00e0 Vevey","isPartOf":{"@id":"https:\/\/www.lacoifferie.ch\/#website"},"primaryImageOfPage":{"@id":"https:\/\/www.lacoifferie.ch\/?p=18037#primaryimage"},"image":{"@id":"https:\/\/www.lacoifferie.ch\/?p=18037#primaryimage"},"thumbnailUrl":"https:\/\/www.lacoifferie.ch\/new\/wp-content\/uploads\/2015\/02\/video-top-banner-2015.jpg","datePublished":"2015-04-02T15:30:25+00:00","dateModified":"2015-04-07T15:39:52+00:00","breadcrumb":{"@id":"https:\/\/www.lacoifferie.ch\/?p=18037#breadcrumb"},"inLanguage":"fr-FR","potentialAction":[{"@type":"ReadAction","target":["https:\/\/www.lacoifferie.ch\/?p=18037"]}]},{"@type":"ImageObject","inLanguage":"fr-FR","@id":"https:\/\/www.lacoifferie.ch\/?p=18037#primaryimage","url":"https:\/\/www.lacoifferie.ch\/new\/wp-content\/uploads\/2015\/02\/video-top-banner-2015.jpg","contentUrl":"https:\/\/www.lacoifferie.ch\/new\/wp-content\/uploads\/2015\/02\/video-top-banner-2015.jpg","width":1278,"height":394},{"@type":"BreadcrumbList","@id":"https:\/\/www.lacoifferie.ch\/?p=18037#breadcrumb","itemListElement":[{"@type":"ListItem","position":1,"name":"Accueil","item":"https:\/\/www.lacoifferie.ch\/"},{"@type":"ListItem","position":2,"name":"American Crew Challenge 2015 : les r\u00e9sultats !"}]},{"@type":"WebSite","@id":"https:\/\/www.lacoifferie.ch\/#website","url":"https:\/\/www.lacoifferie.ch\/","name":"La Coifferie par V\u00e9ronique Buchs - salon de coiffure \u00e0 Vevey","description":"Pour votre bien \u00eatre ...","publisher":{"@id":"https:\/\/www.lacoifferie.ch\/#organization"},"potentialAction":[{"@type":"SearchAction","target":{"@type":"EntryPoint","urlTemplate":"https:\/\/www.lacoifferie.ch\/?s={search_term_string}"},"query-input":{"@type":"PropertyValueSpecification","valueRequired":true,"valueName":"search_term_string"}}],"inLanguage":"fr-FR"},{"@type":"Organization","@id":"https:\/\/www.lacoifferie.ch\/#organization","name":"La Coifferie par V\u00e9ronique Buchs - salon de coiffure \u00e0 Vevey","url":"https:\/\/www.lacoifferie.ch\/","logo":{"@type":"ImageObject","inLanguage":"fr-FR","@id":"https:\/\/www.lacoifferie.ch\/#\/schema\/logo\/image\/","url":"https:\/\/www.lacoifferie.ch\/new\/wp-content\/uploads\/2014\/09\/logo2017_black-1.png","contentUrl":"https:\/\/www.lacoifferie.ch\/new\/wp-content\/uploads\/2014\/09\/logo2017_black-1.png","width":376,"height":190,"caption":"La Coifferie par V\u00e9ronique Buchs - salon de coiffure \u00e0 Vevey"},"image":{"@id":"https:\/\/www.lacoifferie.ch\/#\/schema\/logo\/image\/"},"sameAs":["https:\/\/www.facebook.com\/lacoifferievevey","https:\/\/www.instagram.com\/lacoifferievevey\/"]},{"@type":"Person","@id":"https:\/\/www.lacoifferie.ch\/#\/schema\/person\/f29f7fa0af92315442d1c512255e9c38","name":"Luca Carmagnola","image":{"@type":"ImageObject","inLanguage":"fr-FR","@id":"https:\/\/www.lacoifferie.ch\/#\/schema\/person\/image\/","url":"https:\/\/secure.gravatar.com\/avatar\/774b97a236576c6cd100e82452aeb7f3a9fcfe500434645d2ad3dda557f6980e?s=96&d=mm&r=g","contentUrl":"https:\/\/secure.gravatar.com\/avatar\/774b97a236576c6cd100e82452aeb7f3a9fcfe500434645d2ad3dda557f6980e?s=96&d=mm&r=g","caption":"Luca Carmagnola"},"url":"https:\/\/www.lacoifferie.ch\/?author=3"}]}},"_links":{"self":[{"href":"https:\/\/www.lacoifferie.ch\/index.php?rest_route=\/wp\/v2\/posts\/18037","targetHints":{"allow":["GET"]}}],"collection":[{"href":"https:\/\/www.lacoifferie.ch\/index.php?rest_route=\/wp\/v2\/posts"}],"about":[{"href":"https:\/\/www.lacoifferie.ch\/index.php?rest_route=\/wp\/v2\/types\/post"}],"author":[{"embeddable":true,"href":"https:\/\/www.lacoifferie.ch\/index.php?rest_route=\/wp\/v2\/users\/3"}],"replies":[{"embeddable":true,"href":"https:\/\/www.lacoifferie.ch\/index.php?rest_route=%2Fwp%2Fv2%2Fcomments&post=18037"}],"version-history":[{"count":8,"href":"https:\/\/www.lacoifferie.ch\/index.php?rest_route=\/wp\/v2\/posts\/18037\/revisions"}],"predecessor-version":[{"id":18059,"href":"https:\/\/www.lacoifferie.ch\/index.php?rest_route=\/wp\/v2\/posts\/18037\/revisions\/18059"}],"wp:featuredmedia":[{"embeddable":true,"href":"https:\/\/www.lacoifferie.ch\/index.php?rest_route=\/wp\/v2\/media\/18032"}],"wp:attachment":[{"href":"https:\/\/www.lacoifferie.ch\/index.php?rest_route=%2Fwp%2Fv2%2Fmedia&parent=18037"}],"wp:term":[{"taxonomy":"category","embeddable":true,"href":"https:\/\/www.lacoifferie.ch\/index.php?rest_route=%2Fwp%2Fv2%2Fcategories&post=18037"},{"taxonomy":"post_tag","embeddable":true,"href":"https:\/\/www.lacoifferie.ch\/index.php?rest_route=%2Fwp%2Fv2%2Ftags&post=18037"}],"curies":[{"name":"wp","href":"https:\/\/api.w.org\/{rel}","templated":true}]}}