{"id":18255,"date":"2015-09-01T11:27:22","date_gmt":"2015-09-01T09:27:22","guid":{"rendered":"http:\/\/www.lacoifferie.ch\/?p=18255"},"modified":"2015-09-02T11:43:37","modified_gmt":"2015-09-02T09:43:37","slug":"departs-et-arrivees-a-la-coifferie-2","status":"publish","type":"post","link":"https:\/\/www.lacoifferie.ch\/?p=18255","title":{"rendered":"D\u00e9parts et arriv\u00e9es \u00e0 La Coifferie"},"content":{"rendered":"<div class=\"wpb-content-wrapper\"><div class=\"vc_row wpb_row section \" style=' text-align:left;'><div class=\" full_section_inner clearfix\"><div class=\"wpb_column vc_column_container vc_col-sm-12\"><div class=\"vc_column-inner\"><div class=\"wpb_wrapper\">\n\t<div class=\"wpb_text_column wpb_content_element \">\n\t\t<div class=\"wpb_wrapper\">\n\t\t\t<p>Cet \u00e9t\u00e9, <em><strong>Marina<\/strong><\/em> et <em><strong>Ana\u00efs<\/strong><\/em> ont quitt\u00e9 <strong>La Coifferie<\/strong> \u00e0 la fin de leur apprentissage, formation couronn\u00e9e de succ\u00e8s avec l&rsquo;obtention du <strong><em>CFC<\/em><\/strong>.<br \/>\nDepuis, trois nouveaux visages ont fait leur apparition au sein du Team, ce sont :<\/p>\n<p>&#8211; <em><strong>Alexia<\/strong><\/em> : coiffeuse<br \/>\n&#8211; <em><strong>Melissa<\/strong><\/em> et <em><strong>Tania<\/strong><\/em> : apprenties de 1\u00e8re ann\u00e9e.<\/p>\n<p>Bienvenue aux unes et bonne continuation aux autres &#8230; !!!<\/p>\n\n\t\t<\/div> \n\t<\/div> <\/div><\/div><\/div><\/div><\/div><div     class=\"vc_row wpb_row section \" style=' text-align:left;'><div class=\" full_section_inner clearfix\"><div class=\"wpb_column vc_column_container vc_col-sm-4\"><div class=\"vc_column-inner\"><div class=\"wpb_wrapper\">\n\t<div class=\"wpb_single_image wpb_content_element vc_align_center\">\n\t\t<div class=\"wpb_wrapper\">\n\t\t\t<h2 class=\"wpb_heading wpb_singleimage_heading\">Alexia<\/h2>\n\t\t\t<div class=\"vc_single_image-wrapper   vc_box_border_grey\"><img loading=\"lazy\" decoding=\"async\" width=\"200\" height=\"300\" src=\"https:\/\/www.lacoifferie.ch\/new\/wp-content\/uploads\/2014\/04\/Alexia1-200x300.jpg\" class=\"vc_single_image-img attachment-medium\" alt=\"\" title=\"Alexia\" srcset=\"https:\/\/www.lacoifferie.ch\/new\/wp-content\/uploads\/2014\/04\/Alexia1-200x300.jpg 200w, https:\/\/www.lacoifferie.ch\/new\/wp-content\/uploads\/2014\/04\/Alexia1.jpg 599w\" sizes=\"auto, (max-width: 200px) 100vw, 200px\" \/><\/div>\n\t\t<\/div>\n\t<\/div>\n<\/div><\/div><\/div><div class=\"wpb_column vc_column_container vc_col-sm-4\"><div class=\"vc_column-inner\"><div class=\"wpb_wrapper\">\n\t<div class=\"wpb_single_image wpb_content_element vc_align_center\">\n\t\t<div class=\"wpb_wrapper\">\n\t\t\t<h2 class=\"wpb_heading wpb_singleimage_heading\">Melissa<\/h2>\n\t\t\t<div class=\"vc_single_image-wrapper   vc_box_border_grey\"><img loading=\"lazy\" decoding=\"async\" width=\"200\" height=\"300\" src=\"https:\/\/www.lacoifferie.ch\/new\/wp-content\/uploads\/2014\/04\/Melissa1-200x300.jpg\" class=\"vc_single_image-img attachment-medium\" alt=\"\" title=\"Melissa\" srcset=\"https:\/\/www.lacoifferie.ch\/new\/wp-content\/uploads\/2014\/04\/Melissa1-200x300.jpg 200w, https:\/\/www.lacoifferie.ch\/new\/wp-content\/uploads\/2014\/04\/Melissa1.jpg 599w\" sizes=\"auto, (max-width: 200px) 100vw, 200px\" \/><\/div>\n\t\t<\/div>\n\t<\/div>\n<\/div><\/div><\/div><div class=\"wpb_column vc_column_container vc_col-sm-4\"><div class=\"vc_column-inner\"><div class=\"wpb_wrapper\"><br \/>\n<b>Warning<\/b>:  Attempt to read property \"post_title\" on null in <b>\/home\/clients\/62a376204bf6637645f39dc6f0d7633c\/web\/new\/wp-content\/plugins\/js_composer\/include\/helpers\/helpers.php<\/b> on line <b>615<\/b><br \/>\n\n\t<div class=\"wpb_single_image wpb_content_element vc_align_center\">\n\t\t<div class=\"wpb_wrapper\">\n\t\t\t<h2 class=\"wpb_heading wpb_singleimage_heading\">Tania<\/h2>\n\t\t\t<div class=\"vc_single_image-wrapper   vc_box_border_grey\"><\/div>\n\t\t<\/div>\n\t<\/div>\n<\/div><\/div><\/div><\/div><\/div>\n<\/div>","protected":false},"excerpt":{"rendered":"Cet \u00e9t\u00e9, Marina et Ana\u00efs ont quitt\u00e9 La Coifferie \u00e0 la fin de leur apprentissage, formation couronn\u00e9e de succ\u00e8s avec l'obtention du CFC. Depuis, trois nouveaux visages ont fait leur apparition au sein du Team, ce sont : - Alexia : coiffeuse - Melissa et...","protected":false},"author":3,"featured_media":18259,"comment_status":"open","ping_status":"open","sticky":false,"template":"","format":"standard","meta":{"footnotes":""},"categories":[107,104,102,106,111],"tags":[310,335,138,133,337,336,134,137,97],"class_list":["post-18255","post","type-post","status-publish","format-standard","has-post-thumbnail","hentry","category-actualite","category-blog-la-coifferie","category-la-coifferie","category-le-salon","category-le-team","tag-310","tag-alexia","tag-buchs","tag-la-coifferie-2","tag-melissa","tag-tania","tag-team","tag-veronique","tag-vevey"],"yoast_head":"<!-- This site is optimized with the Yoast SEO plugin v27.1.1 - https:\/\/yoast.com\/product\/yoast-seo-wordpress\/ -->\n<title>D\u00e9parts et arriv\u00e9es \u00e0 La Coifferie - La Coifferie par V\u00e9ronique Buchs - salon de coiffure \u00e0 Vevey<\/title>\n<meta name=\"robots\" content=\"index, follow, max-snippet:-1, max-image-preview:large, max-video-preview:-1\" \/>\n<link rel=\"canonical\" href=\"https:\/\/www.lacoifferie.ch\/?p=18255\" \/>\n<meta property=\"og:locale\" content=\"fr_FR\" \/>\n<meta property=\"og:type\" content=\"article\" \/>\n<meta property=\"og:title\" content=\"D\u00e9parts et arriv\u00e9es \u00e0 La Coifferie - La Coifferie par V\u00e9ronique Buchs - salon de coiffure \u00e0 Vevey\" \/>\n<meta property=\"og:url\" content=\"https:\/\/www.lacoifferie.ch\/?p=18255\" \/>\n<meta property=\"og:site_name\" content=\"La Coifferie par V\u00e9ronique Buchs - salon de coiffure \u00e0 Vevey\" \/>\n<meta property=\"article:publisher\" content=\"https:\/\/www.facebook.com\/lacoifferievevey\" \/>\n<meta property=\"article:published_time\" content=\"2015-09-01T09:27:22+00:00\" \/>\n<meta property=\"article:modified_time\" content=\"2015-09-02T09:43:37+00:00\" \/>\n<meta property=\"og:image\" content=\"https:\/\/www.lacoifferie.ch\/new\/wp-content\/uploads\/2015\/09\/team2.jpg\" \/>\n\t<meta property=\"og:image:width\" content=\"792\" \/>\n\t<meta property=\"og:image:height\" content=\"152\" \/>\n\t<meta property=\"og:image:type\" content=\"image\/jpeg\" \/>\n<meta name=\"author\" content=\"Luca Carmagnola\" \/>\n<meta name=\"twitter:card\" content=\"summary_large_image\" \/>\n<meta name=\"twitter:label1\" content=\"\u00c9crit par\" \/>\n\t<meta name=\"twitter:data1\" content=\"Luca Carmagnola\" \/>\n\t<meta name=\"twitter:label2\" content=\"Dur\u00e9e de lecture estim\u00e9e\" \/>\n\t<meta name=\"twitter:data2\" content=\"1 minute\" \/>\n<script type=\"application\/ld+json\" class=\"yoast-schema-graph\">{\"@context\":\"https:\/\/schema.org\",\"@graph\":[{\"@type\":\"Article\",\"@id\":\"https:\/\/www.lacoifferie.ch\/?p=18255#article\",\"isPartOf\":{\"@id\":\"https:\/\/www.lacoifferie.ch\/?p=18255\"},\"author\":{\"name\":\"Luca Carmagnola\",\"@id\":\"https:\/\/www.lacoifferie.ch\/#\/schema\/person\/f29f7fa0af92315442d1c512255e9c38\"},\"headline\":\"D\u00e9parts et arriv\u00e9es \u00e0 La Coifferie\",\"datePublished\":\"2015-09-01T09:27:22+00:00\",\"dateModified\":\"2015-09-02T09:43:37+00:00\",\"mainEntityOfPage\":{\"@id\":\"https:\/\/www.lacoifferie.ch\/?p=18255\"},\"wordCount\":133,\"commentCount\":0,\"publisher\":{\"@id\":\"https:\/\/www.lacoifferie.ch\/#organization\"},\"image\":{\"@id\":\"https:\/\/www.lacoifferie.ch\/?p=18255#primaryimage\"},\"thumbnailUrl\":\"https:\/\/www.lacoifferie.ch\/new\/wp-content\/uploads\/2015\/09\/team2.jpg\",\"keywords\":[\"2015\",\"alexia\",\"buchs\",\"la coifferie\",\"melissa\",\"tania\",\"team\",\"v\u00e9ronique\",\"vevey\"],\"articleSection\":[\"Actualit\u00e9\",\"Blog\",\"La Coifferie\",\"Le Salon\",\"Le Team\"],\"inLanguage\":\"fr-FR\",\"potentialAction\":[{\"@type\":\"CommentAction\",\"name\":\"Comment\",\"target\":[\"https:\/\/www.lacoifferie.ch\/?p=18255#respond\"]}]},{\"@type\":\"WebPage\",\"@id\":\"https:\/\/www.lacoifferie.ch\/?p=18255\",\"url\":\"https:\/\/www.lacoifferie.ch\/?p=18255\",\"name\":\"D\u00e9parts et arriv\u00e9es \u00e0 La Coifferie - La Coifferie par V\u00e9ronique Buchs - salon de coiffure \u00e0 Vevey\",\"isPartOf\":{\"@id\":\"https:\/\/www.lacoifferie.ch\/#website\"},\"primaryImageOfPage\":{\"@id\":\"https:\/\/www.lacoifferie.ch\/?p=18255#primaryimage\"},\"image\":{\"@id\":\"https:\/\/www.lacoifferie.ch\/?p=18255#primaryimage\"},\"thumbnailUrl\":\"https:\/\/www.lacoifferie.ch\/new\/wp-content\/uploads\/2015\/09\/team2.jpg\",\"datePublished\":\"2015-09-01T09:27:22+00:00\",\"dateModified\":\"2015-09-02T09:43:37+00:00\",\"breadcrumb\":{\"@id\":\"https:\/\/www.lacoifferie.ch\/?p=18255#breadcrumb\"},\"inLanguage\":\"fr-FR\",\"potentialAction\":[{\"@type\":\"ReadAction\",\"target\":[\"https:\/\/www.lacoifferie.ch\/?p=18255\"]}]},{\"@type\":\"ImageObject\",\"inLanguage\":\"fr-FR\",\"@id\":\"https:\/\/www.lacoifferie.ch\/?p=18255#primaryimage\",\"url\":\"https:\/\/www.lacoifferie.ch\/new\/wp-content\/uploads\/2015\/09\/team2.jpg\",\"contentUrl\":\"https:\/\/www.lacoifferie.ch\/new\/wp-content\/uploads\/2015\/09\/team2.jpg\",\"width\":792,\"height\":152},{\"@type\":\"BreadcrumbList\",\"@id\":\"https:\/\/www.lacoifferie.ch\/?p=18255#breadcrumb\",\"itemListElement\":[{\"@type\":\"ListItem\",\"position\":1,\"name\":\"Accueil\",\"item\":\"https:\/\/www.lacoifferie.ch\/\"},{\"@type\":\"ListItem\",\"position\":2,\"name\":\"D\u00e9parts et arriv\u00e9es \u00e0 La Coifferie\"}]},{\"@type\":\"WebSite\",\"@id\":\"https:\/\/www.lacoifferie.ch\/#website\",\"url\":\"https:\/\/www.lacoifferie.ch\/\",\"name\":\"La Coifferie par V\u00e9ronique Buchs - salon de coiffure \u00e0 Vevey\",\"description\":\"Pour votre bien \u00eatre ...\",\"publisher\":{\"@id\":\"https:\/\/www.lacoifferie.ch\/#organization\"},\"potentialAction\":[{\"@type\":\"SearchAction\",\"target\":{\"@type\":\"EntryPoint\",\"urlTemplate\":\"https:\/\/www.lacoifferie.ch\/?s={search_term_string}\"},\"query-input\":{\"@type\":\"PropertyValueSpecification\",\"valueRequired\":true,\"valueName\":\"search_term_string\"}}],\"inLanguage\":\"fr-FR\"},{\"@type\":\"Organization\",\"@id\":\"https:\/\/www.lacoifferie.ch\/#organization\",\"name\":\"La Coifferie par V\u00e9ronique Buchs - salon de coiffure \u00e0 Vevey\",\"url\":\"https:\/\/www.lacoifferie.ch\/\",\"logo\":{\"@type\":\"ImageObject\",\"inLanguage\":\"fr-FR\",\"@id\":\"https:\/\/www.lacoifferie.ch\/#\/schema\/logo\/image\/\",\"url\":\"https:\/\/www.lacoifferie.ch\/new\/wp-content\/uploads\/2014\/09\/logo2017_black-1.png\",\"contentUrl\":\"https:\/\/www.lacoifferie.ch\/new\/wp-content\/uploads\/2014\/09\/logo2017_black-1.png\",\"width\":376,\"height\":190,\"caption\":\"La Coifferie par V\u00e9ronique Buchs - salon de coiffure \u00e0 Vevey\"},\"image\":{\"@id\":\"https:\/\/www.lacoifferie.ch\/#\/schema\/logo\/image\/\"},\"sameAs\":[\"https:\/\/www.facebook.com\/lacoifferievevey\",\"https:\/\/www.instagram.com\/lacoifferievevey\/\"]},{\"@type\":\"Person\",\"@id\":\"https:\/\/www.lacoifferie.ch\/#\/schema\/person\/f29f7fa0af92315442d1c512255e9c38\",\"name\":\"Luca Carmagnola\",\"image\":{\"@type\":\"ImageObject\",\"inLanguage\":\"fr-FR\",\"@id\":\"https:\/\/www.lacoifferie.ch\/#\/schema\/person\/image\/\",\"url\":\"https:\/\/secure.gravatar.com\/avatar\/774b97a236576c6cd100e82452aeb7f3a9fcfe500434645d2ad3dda557f6980e?s=96&d=mm&r=g\",\"contentUrl\":\"https:\/\/secure.gravatar.com\/avatar\/774b97a236576c6cd100e82452aeb7f3a9fcfe500434645d2ad3dda557f6980e?s=96&d=mm&r=g\",\"caption\":\"Luca Carmagnola\"},\"url\":\"https:\/\/www.lacoifferie.ch\/?author=3\"}]}<\/script>\n<!-- \/ Yoast SEO plugin. -->","yoast_head_json":{"title":"D\u00e9parts et arriv\u00e9es \u00e0 La Coifferie - La Coifferie par V\u00e9ronique Buchs - salon de coiffure \u00e0 Vevey","robots":{"index":"index","follow":"follow","max-snippet":"max-snippet:-1","max-image-preview":"max-image-preview:large","max-video-preview":"max-video-preview:-1"},"canonical":"https:\/\/www.lacoifferie.ch\/?p=18255","og_locale":"fr_FR","og_type":"article","og_title":"D\u00e9parts et arriv\u00e9es \u00e0 La Coifferie - La Coifferie par V\u00e9ronique Buchs - salon de coiffure \u00e0 Vevey","og_url":"https:\/\/www.lacoifferie.ch\/?p=18255","og_site_name":"La Coifferie par V\u00e9ronique Buchs - salon de coiffure \u00e0 Vevey","article_publisher":"https:\/\/www.facebook.com\/lacoifferievevey","article_published_time":"2015-09-01T09:27:22+00:00","article_modified_time":"2015-09-02T09:43:37+00:00","og_image":[{"width":792,"height":152,"url":"https:\/\/www.lacoifferie.ch\/new\/wp-content\/uploads\/2015\/09\/team2.jpg","type":"image\/jpeg"}],"author":"Luca Carmagnola","twitter_card":"summary_large_image","twitter_misc":{"\u00c9crit par":"Luca Carmagnola","Dur\u00e9e de lecture estim\u00e9e":"1 minute"},"schema":{"@context":"https:\/\/schema.org","@graph":[{"@type":"Article","@id":"https:\/\/www.lacoifferie.ch\/?p=18255#article","isPartOf":{"@id":"https:\/\/www.lacoifferie.ch\/?p=18255"},"author":{"name":"Luca Carmagnola","@id":"https:\/\/www.lacoifferie.ch\/#\/schema\/person\/f29f7fa0af92315442d1c512255e9c38"},"headline":"D\u00e9parts et arriv\u00e9es \u00e0 La Coifferie","datePublished":"2015-09-01T09:27:22+00:00","dateModified":"2015-09-02T09:43:37+00:00","mainEntityOfPage":{"@id":"https:\/\/www.lacoifferie.ch\/?p=18255"},"wordCount":133,"commentCount":0,"publisher":{"@id":"https:\/\/www.lacoifferie.ch\/#organization"},"image":{"@id":"https:\/\/www.lacoifferie.ch\/?p=18255#primaryimage"},"thumbnailUrl":"https:\/\/www.lacoifferie.ch\/new\/wp-content\/uploads\/2015\/09\/team2.jpg","keywords":["2015","alexia","buchs","la coifferie","melissa","tania","team","v\u00e9ronique","vevey"],"articleSection":["Actualit\u00e9","Blog","La Coifferie","Le Salon","Le Team"],"inLanguage":"fr-FR","potentialAction":[{"@type":"CommentAction","name":"Comment","target":["https:\/\/www.lacoifferie.ch\/?p=18255#respond"]}]},{"@type":"WebPage","@id":"https:\/\/www.lacoifferie.ch\/?p=18255","url":"https:\/\/www.lacoifferie.ch\/?p=18255","name":"D\u00e9parts et arriv\u00e9es \u00e0 La Coifferie - La Coifferie par V\u00e9ronique Buchs - salon de coiffure \u00e0 Vevey","isPartOf":{"@id":"https:\/\/www.lacoifferie.ch\/#website"},"primaryImageOfPage":{"@id":"https:\/\/www.lacoifferie.ch\/?p=18255#primaryimage"},"image":{"@id":"https:\/\/www.lacoifferie.ch\/?p=18255#primaryimage"},"thumbnailUrl":"https:\/\/www.lacoifferie.ch\/new\/wp-content\/uploads\/2015\/09\/team2.jpg","datePublished":"2015-09-01T09:27:22+00:00","dateModified":"2015-09-02T09:43:37+00:00","breadcrumb":{"@id":"https:\/\/www.lacoifferie.ch\/?p=18255#breadcrumb"},"inLanguage":"fr-FR","potentialAction":[{"@type":"ReadAction","target":["https:\/\/www.lacoifferie.ch\/?p=18255"]}]},{"@type":"ImageObject","inLanguage":"fr-FR","@id":"https:\/\/www.lacoifferie.ch\/?p=18255#primaryimage","url":"https:\/\/www.lacoifferie.ch\/new\/wp-content\/uploads\/2015\/09\/team2.jpg","contentUrl":"https:\/\/www.lacoifferie.ch\/new\/wp-content\/uploads\/2015\/09\/team2.jpg","width":792,"height":152},{"@type":"BreadcrumbList","@id":"https:\/\/www.lacoifferie.ch\/?p=18255#breadcrumb","itemListElement":[{"@type":"ListItem","position":1,"name":"Accueil","item":"https:\/\/www.lacoifferie.ch\/"},{"@type":"ListItem","position":2,"name":"D\u00e9parts et arriv\u00e9es \u00e0 La Coifferie"}]},{"@type":"WebSite","@id":"https:\/\/www.lacoifferie.ch\/#website","url":"https:\/\/www.lacoifferie.ch\/","name":"La Coifferie par V\u00e9ronique Buchs - salon de coiffure \u00e0 Vevey","description":"Pour votre bien \u00eatre ...","publisher":{"@id":"https:\/\/www.lacoifferie.ch\/#organization"},"potentialAction":[{"@type":"SearchAction","target":{"@type":"EntryPoint","urlTemplate":"https:\/\/www.lacoifferie.ch\/?s={search_term_string}"},"query-input":{"@type":"PropertyValueSpecification","valueRequired":true,"valueName":"search_term_string"}}],"inLanguage":"fr-FR"},{"@type":"Organization","@id":"https:\/\/www.lacoifferie.ch\/#organization","name":"La Coifferie par V\u00e9ronique Buchs - salon de coiffure \u00e0 Vevey","url":"https:\/\/www.lacoifferie.ch\/","logo":{"@type":"ImageObject","inLanguage":"fr-FR","@id":"https:\/\/www.lacoifferie.ch\/#\/schema\/logo\/image\/","url":"https:\/\/www.lacoifferie.ch\/new\/wp-content\/uploads\/2014\/09\/logo2017_black-1.png","contentUrl":"https:\/\/www.lacoifferie.ch\/new\/wp-content\/uploads\/2014\/09\/logo2017_black-1.png","width":376,"height":190,"caption":"La Coifferie par V\u00e9ronique Buchs - salon de coiffure \u00e0 Vevey"},"image":{"@id":"https:\/\/www.lacoifferie.ch\/#\/schema\/logo\/image\/"},"sameAs":["https:\/\/www.facebook.com\/lacoifferievevey","https:\/\/www.instagram.com\/lacoifferievevey\/"]},{"@type":"Person","@id":"https:\/\/www.lacoifferie.ch\/#\/schema\/person\/f29f7fa0af92315442d1c512255e9c38","name":"Luca Carmagnola","image":{"@type":"ImageObject","inLanguage":"fr-FR","@id":"https:\/\/www.lacoifferie.ch\/#\/schema\/person\/image\/","url":"https:\/\/secure.gravatar.com\/avatar\/774b97a236576c6cd100e82452aeb7f3a9fcfe500434645d2ad3dda557f6980e?s=96&d=mm&r=g","contentUrl":"https:\/\/secure.gravatar.com\/avatar\/774b97a236576c6cd100e82452aeb7f3a9fcfe500434645d2ad3dda557f6980e?s=96&d=mm&r=g","caption":"Luca Carmagnola"},"url":"https:\/\/www.lacoifferie.ch\/?author=3"}]}},"_links":{"self":[{"href":"https:\/\/www.lacoifferie.ch\/index.php?rest_route=\/wp\/v2\/posts\/18255","targetHints":{"allow":["GET"]}}],"collection":[{"href":"https:\/\/www.lacoifferie.ch\/index.php?rest_route=\/wp\/v2\/posts"}],"about":[{"href":"https:\/\/www.lacoifferie.ch\/index.php?rest_route=\/wp\/v2\/types\/post"}],"author":[{"embeddable":true,"href":"https:\/\/www.lacoifferie.ch\/index.php?rest_route=\/wp\/v2\/users\/3"}],"replies":[{"embeddable":true,"href":"https:\/\/www.lacoifferie.ch\/index.php?rest_route=%2Fwp%2Fv2%2Fcomments&post=18255"}],"version-history":[{"count":2,"href":"https:\/\/www.lacoifferie.ch\/index.php?rest_route=\/wp\/v2\/posts\/18255\/revisions"}],"predecessor-version":[{"id":18258,"href":"https:\/\/www.lacoifferie.ch\/index.php?rest_route=\/wp\/v2\/posts\/18255\/revisions\/18258"}],"wp:featuredmedia":[{"embeddable":true,"href":"https:\/\/www.lacoifferie.ch\/index.php?rest_route=\/wp\/v2\/media\/18259"}],"wp:attachment":[{"href":"https:\/\/www.lacoifferie.ch\/index.php?rest_route=%2Fwp%2Fv2%2Fmedia&parent=18255"}],"wp:term":[{"taxonomy":"category","embeddable":true,"href":"https:\/\/www.lacoifferie.ch\/index.php?rest_route=%2Fwp%2Fv2%2Fcategories&post=18255"},{"taxonomy":"post_tag","embeddable":true,"href":"https:\/\/www.lacoifferie.ch\/index.php?rest_route=%2Fwp%2Fv2%2Ftags&post=18255"}],"curies":[{"name":"wp","href":"https:\/\/api.w.org\/{rel}","templated":true}]}}