{"id":18406,"date":"2016-06-21T17:28:46","date_gmt":"2016-06-21T15:28:46","guid":{"rendered":"https:\/\/www.lacoifferie.ch\/?p=18406"},"modified":"2016-06-21T17:31:34","modified_gmt":"2016-06-21T15:31:34","slug":"alexia-et-kevin-se-presentent-au-colorzoom-2016","status":"publish","type":"post","link":"https:\/\/www.lacoifferie.ch\/?p=18406","title":{"rendered":"Alexia et Kevin sont nomin\u00e9s au ColorZoom 2016"},"content":{"rendered":"<div class=\"wpb-content-wrapper\"><div class=\"vc_row wpb_row section \" style=' text-align:left;'><div class=\" full_section_inner clearfix\"><div class=\"wpb_column vc_column_container vc_col-sm-12\"><div class=\"vc_column-inner\"><div class=\"wpb_wrapper\">\n\t<div class=\"wpb_text_column wpb_content_element \">\n\t\t<div class=\"wpb_wrapper\">\n\t\t\t<p style=\"text-align: center;\"><span class=\"userContent\"><strong>MAGNIFIQUE\u00a0NOUVELLE POUR LA COIFFERIE !!!<\/strong><\/span><\/p>\n<p style=\"text-align: center;\"><span class=\"userContent\"><strong>Alexia Kowalski\u00a0et K\u00e9vin Morival<\/strong> ont \u00e9t\u00e9 s\u00e9lectionn\u00e9s parmi <em><strong>les 10 meilleurs coiffeurs en Suisse<\/strong><\/em>,<br \/>\ndans les cat\u00e9gories :<br \/>\n<\/span><\/p>\n<p style=\"text-align: center;\"><span class=\"userContent\"><strong>\u00ab\u00a0GLOBAL\u00a0<strong>NEW TALENT<\/strong>\u00a0COLORIST\u00a0\u00bb<\/strong> et \u00ab\u00a0<strong>GLOBAL CREATIVE COLORIST<\/strong>\u00ab\u00a0<\/span><\/p>\n<p style=\"text-align: center;\"><span class=\"userContent\">pour le concours <strong>\u00ab\u00a0Color Zoom Challenge 16\u2033<\/strong> organis\u00e9 par <a href=\"http:\/\/www.goldwell.ch\/fr\/\" target=\"_blank\"><strong>Goldwell<\/strong><\/a> !<\/span><\/p>\n<p style=\"text-align: center;\"><span class=\"userContent\">Toutes nos f\u00e9licitations et merci \u00e0 toute l\u2019\u00e9quipe (maquillage, coach, assistant, photo) pour ce magnifique travail ! On croise les doigts pour <em><strong><span style=\"text-decoration: underline;\">les r\u00e9sultats finaux mi-juillet<\/span> !<\/strong><\/em><\/span><\/p>\n\n\t\t<\/div> \n\t<\/div> <div class=\"vc_empty_space\"   style=\"height: 32px\"><span class=\"vc_empty_space_inner\"><\/span><\/div><\/div><\/div><\/div><\/div><\/div><div     class=\"vc_row wpb_row section \" style=' text-align:left;'><div class=\" full_section_inner clearfix\"><div class=\"wpb_column vc_column_container vc_col-sm-6\"><div class=\"vc_column-inner\"><div class=\"wpb_wrapper\">\n\t<div class=\"wpb_text_column wpb_content_element \">\n\t\t<div class=\"wpb_wrapper\">\n\t\t\t<p>Coiffure : <em><strong>Alexia Kowalski<\/strong><\/em><br \/>\nSalon : <em><strong>La Coifferie<\/strong><\/em><br \/>\nModel : <em><strong>Lidye<\/strong><strong><br \/>\n<\/strong><\/em>Maquillage :<em><strong> St\u00e9phanie Bergmann<\/strong><\/em><em><strong><br \/>\n<\/strong><\/em>Coach artistique : <em><strong>Badux Grasso<\/strong><\/em><br \/>\nPhoto : <em><a title=\"Looka\" href=\"http:\/\/www.looka.ch\" target=\"_blank\"><strong>Luca Carmagnola<\/strong><\/a><\/em><\/p>\n\n\t\t<\/div> \n\t<\/div> <\/div><\/div><\/div><div class=\"wpb_column vc_column_container vc_col-sm-6\"><div class=\"vc_column-inner\"><div class=\"wpb_wrapper\">\n\t<div class=\"wpb_text_column wpb_content_element \">\n\t\t<div class=\"wpb_wrapper\">\n\t\t\t<p>Coiffure : <em><strong>K\u00e9vin Morival<\/strong><\/em><br \/>\nSalon : <em><strong>La Coifferie<\/strong><\/em><br \/>\nModel : <em><strong>Yohana<br \/>\n<\/strong><\/em>Maquillage :<em><strong>\u00a0St\u00e9phanie Bergmann<\/strong><\/em><em><strong><br \/>\n<\/strong><\/em>Coach artistique : <em><strong>Badux Grasso<\/strong><\/em><br \/>\nPhoto : <em><a title=\"Looka\" href=\"http:\/\/www.looka.ch\" target=\"_blank\"><strong>Luca Carmagnola<\/strong><\/a><\/em><\/p>\n\n\t\t<\/div> \n\t<\/div> <\/div><\/div><\/div><\/div><\/div><div     class=\"vc_row wpb_row section \" style=' text-align:left;'><div class=\" full_section_inner clearfix\"><div class=\"wpb_column vc_column_container vc_col-sm-12\"><div class=\"vc_column-inner\"><div class=\"wpb_wrapper\"><div class=\"wpb_gallery wpb_content_element vc_clearfix\"><div class=\"wpb_wrapper\"><div class=\"wpb_gallery_slides wpb_image_grid\" data-interval=\"3\"><div class=\"gallery_holder\"><ul class=\"gallery_inner v2\"><li class=\"no_grayscale\"><a class=\"prettyphoto\" href=\"https:\/\/www.lacoifferie.ch\/new\/wp-content\/uploads\/2016\/06\/05_Alexia_Kowalski-La_Coifferie-1024x1024.jpg\" data-rel=\"prettyPhoto[rel-18406-633596249]\"><span class=\"q_gallery_slider\" data-image_title=\"05_Alexia_Kowalski-La_Coifferie\" data-image_caption=\"\" data-image_url=\"\" data-image_url_target=\"\"><img loading=\"lazy\" decoding=\"async\" width=\"1165\" height=\"1165\" src=\"https:\/\/www.lacoifferie.ch\/new\/wp-content\/uploads\/2016\/06\/05_Alexia_Kowalski-La_Coifferie.jpg\" class=\"attachment-full\" alt=\"\" title=\"05_Alexia_Kowalski-La_Coifferie\" srcset=\"https:\/\/www.lacoifferie.ch\/new\/wp-content\/uploads\/2016\/06\/05_Alexia_Kowalski-La_Coifferie.jpg 1165w, https:\/\/www.lacoifferie.ch\/new\/wp-content\/uploads\/2016\/06\/05_Alexia_Kowalski-La_Coifferie-150x150.jpg 150w, https:\/\/www.lacoifferie.ch\/new\/wp-content\/uploads\/2016\/06\/05_Alexia_Kowalski-La_Coifferie-300x300.jpg 300w, https:\/\/www.lacoifferie.ch\/new\/wp-content\/uploads\/2016\/06\/05_Alexia_Kowalski-La_Coifferie-768x768.jpg 768w, https:\/\/www.lacoifferie.ch\/new\/wp-content\/uploads\/2016\/06\/05_Alexia_Kowalski-La_Coifferie-1024x1024.jpg 1024w, https:\/\/www.lacoifferie.ch\/new\/wp-content\/uploads\/2016\/06\/05_Alexia_Kowalski-La_Coifferie-600x600.jpg 600w, https:\/\/www.lacoifferie.ch\/new\/wp-content\/uploads\/2016\/06\/05_Alexia_Kowalski-La_Coifferie-85x85.jpg 85w, https:\/\/www.lacoifferie.ch\/new\/wp-content\/uploads\/2016\/06\/05_Alexia_Kowalski-La_Coifferie-550x550.jpg 550w\" sizes=\"auto, (max-width: 1165px) 100vw, 1165px\" \/><\/span><\/a><\/li><li class=\"no_grayscale\"><a class=\"prettyphoto\" href=\"https:\/\/www.lacoifferie.ch\/new\/wp-content\/uploads\/2016\/06\/05_Kevin_Morival-La_Coifferie-1024x1024.jpg\" data-rel=\"prettyPhoto[rel-18406-633596249]\"><span class=\"q_gallery_slider\" data-image_title=\"05_Kevin_Morival-La_Coifferie\" data-image_caption=\"\" data-image_url=\"\" data-image_url_target=\"\"><img loading=\"lazy\" decoding=\"async\" width=\"1165\" height=\"1165\" src=\"https:\/\/www.lacoifferie.ch\/new\/wp-content\/uploads\/2016\/06\/05_Kevin_Morival-La_Coifferie.jpg\" class=\"attachment-full\" alt=\"\" title=\"05_Kevin_Morival-La_Coifferie\" srcset=\"https:\/\/www.lacoifferie.ch\/new\/wp-content\/uploads\/2016\/06\/05_Kevin_Morival-La_Coifferie.jpg 1165w, https:\/\/www.lacoifferie.ch\/new\/wp-content\/uploads\/2016\/06\/05_Kevin_Morival-La_Coifferie-150x150.jpg 150w, https:\/\/www.lacoifferie.ch\/new\/wp-content\/uploads\/2016\/06\/05_Kevin_Morival-La_Coifferie-300x300.jpg 300w, https:\/\/www.lacoifferie.ch\/new\/wp-content\/uploads\/2016\/06\/05_Kevin_Morival-La_Coifferie-768x768.jpg 768w, https:\/\/www.lacoifferie.ch\/new\/wp-content\/uploads\/2016\/06\/05_Kevin_Morival-La_Coifferie-1024x1024.jpg 1024w, https:\/\/www.lacoifferie.ch\/new\/wp-content\/uploads\/2016\/06\/05_Kevin_Morival-La_Coifferie-600x600.jpg 600w, https:\/\/www.lacoifferie.ch\/new\/wp-content\/uploads\/2016\/06\/05_Kevin_Morival-La_Coifferie-85x85.jpg 85w, https:\/\/www.lacoifferie.ch\/new\/wp-content\/uploads\/2016\/06\/05_Kevin_Morival-La_Coifferie-550x550.jpg 550w\" sizes=\"auto, (max-width: 1165px) 100vw, 1165px\" \/><\/span><\/a><\/li><\/ul><\/div><\/div><\/div><\/div><div class=\"vc_empty_space\"   style=\"height: 32px\"><span class=\"vc_empty_space_inner\"><\/span><\/div><div class=\"vc_text_separator wpb_content_element full separator_align_center\"><div style=''><span>d\u00e9couvrez les 10 finalistes Suisse<\/span><\/div><\/div>\n<div class=\"vc_empty_space\"   style=\"height: 32px\"><span class=\"vc_empty_space_inner\"><\/span><\/div><\/div><\/div><\/div><\/div><\/div><div     class=\"vc_row wpb_row section \" style=' text-align:left;'><div class=\" full_section_inner clearfix\"><div class=\"wpb_column vc_column_container vc_col-sm-12\"><div class=\"vc_column-inner\"><div class=\"wpb_wrapper\"><div class=\"wpb_gallery wpb_content_element vc_clearfix\"><div class=\"wpb_wrapper\"><h2 class=\"wpb_heading wpb_gallery_heading\">Creative Colorist : les 5 finalistes<\/h2><div class=\"wpb_gallery_slides wpb_image_grid\" data-interval=\"3\"><div class=\"gallery_holder\"><ul class=\"gallery_inner v5\"><li class=\"no_grayscale\"><a class=\"prettyphoto\" href=\"https:\/\/www.lacoifferie.ch\/new\/wp-content\/uploads\/2016\/06\/01_Jolanda_Limacher-Coiffeur_Couleur-1024x1024.jpg\" data-rel=\"prettyPhoto[rel-18406-2305074184]\"><span class=\"q_gallery_slider\" data-image_title=\"01_Jolanda_Limacher-Coiffeur_Couleur\" data-image_caption=\"\" data-image_url=\"\" data-image_url_target=\"\"><img loading=\"lazy\" decoding=\"async\" width=\"1165\" height=\"1165\" src=\"https:\/\/www.lacoifferie.ch\/new\/wp-content\/uploads\/2016\/06\/01_Jolanda_Limacher-Coiffeur_Couleur.jpg\" class=\"attachment-full\" alt=\"\" title=\"01_Jolanda_Limacher-Coiffeur_Couleur\" srcset=\"https:\/\/www.lacoifferie.ch\/new\/wp-content\/uploads\/2016\/06\/01_Jolanda_Limacher-Coiffeur_Couleur.jpg 1165w, https:\/\/www.lacoifferie.ch\/new\/wp-content\/uploads\/2016\/06\/01_Jolanda_Limacher-Coiffeur_Couleur-150x150.jpg 150w, https:\/\/www.lacoifferie.ch\/new\/wp-content\/uploads\/2016\/06\/01_Jolanda_Limacher-Coiffeur_Couleur-300x300.jpg 300w, https:\/\/www.lacoifferie.ch\/new\/wp-content\/uploads\/2016\/06\/01_Jolanda_Limacher-Coiffeur_Couleur-768x768.jpg 768w, https:\/\/www.lacoifferie.ch\/new\/wp-content\/uploads\/2016\/06\/01_Jolanda_Limacher-Coiffeur_Couleur-1024x1024.jpg 1024w, https:\/\/www.lacoifferie.ch\/new\/wp-content\/uploads\/2016\/06\/01_Jolanda_Limacher-Coiffeur_Couleur-600x600.jpg 600w, https:\/\/www.lacoifferie.ch\/new\/wp-content\/uploads\/2016\/06\/01_Jolanda_Limacher-Coiffeur_Couleur-85x85.jpg 85w, https:\/\/www.lacoifferie.ch\/new\/wp-content\/uploads\/2016\/06\/01_Jolanda_Limacher-Coiffeur_Couleur-550x550.jpg 550w\" sizes=\"auto, (max-width: 1165px) 100vw, 1165px\" \/><\/span><\/a><\/li><li class=\"no_grayscale\"><a class=\"prettyphoto\" href=\"https:\/\/www.lacoifferie.ch\/new\/wp-content\/uploads\/2016\/06\/02_Corina_Frischknecht-Bucher_Hair_Style-1024x1024.jpg\" data-rel=\"prettyPhoto[rel-18406-2305074184]\"><span class=\"q_gallery_slider\" data-image_title=\"02_Corina_Frischknecht-Bucher_Hair_Style\" data-image_caption=\"\" data-image_url=\"\" data-image_url_target=\"\"><img loading=\"lazy\" decoding=\"async\" width=\"1165\" height=\"1165\" src=\"https:\/\/www.lacoifferie.ch\/new\/wp-content\/uploads\/2016\/06\/02_Corina_Frischknecht-Bucher_Hair_Style.jpg\" class=\"attachment-full\" alt=\"\" title=\"02_Corina_Frischknecht-Bucher_Hair_Style\" srcset=\"https:\/\/www.lacoifferie.ch\/new\/wp-content\/uploads\/2016\/06\/02_Corina_Frischknecht-Bucher_Hair_Style.jpg 1165w, https:\/\/www.lacoifferie.ch\/new\/wp-content\/uploads\/2016\/06\/02_Corina_Frischknecht-Bucher_Hair_Style-150x150.jpg 150w, https:\/\/www.lacoifferie.ch\/new\/wp-content\/uploads\/2016\/06\/02_Corina_Frischknecht-Bucher_Hair_Style-300x300.jpg 300w, https:\/\/www.lacoifferie.ch\/new\/wp-content\/uploads\/2016\/06\/02_Corina_Frischknecht-Bucher_Hair_Style-768x768.jpg 768w, https:\/\/www.lacoifferie.ch\/new\/wp-content\/uploads\/2016\/06\/02_Corina_Frischknecht-Bucher_Hair_Style-1024x1024.jpg 1024w, https:\/\/www.lacoifferie.ch\/new\/wp-content\/uploads\/2016\/06\/02_Corina_Frischknecht-Bucher_Hair_Style-600x600.jpg 600w, https:\/\/www.lacoifferie.ch\/new\/wp-content\/uploads\/2016\/06\/02_Corina_Frischknecht-Bucher_Hair_Style-85x85.jpg 85w, https:\/\/www.lacoifferie.ch\/new\/wp-content\/uploads\/2016\/06\/02_Corina_Frischknecht-Bucher_Hair_Style-550x550.jpg 550w\" sizes=\"auto, (max-width: 1165px) 100vw, 1165px\" \/><\/span><\/a><\/li><li class=\"no_grayscale\"><a class=\"prettyphoto\" href=\"https:\/\/www.lacoifferie.ch\/new\/wp-content\/uploads\/2016\/06\/03_Severine_Brungger-Salon_d_Or-1024x1024.jpg\" data-rel=\"prettyPhoto[rel-18406-2305074184]\"><span class=\"q_gallery_slider\" data-image_title=\"03_Severine_Brungger-Salon_d_Or\" data-image_caption=\"\" data-image_url=\"\" data-image_url_target=\"\"><img loading=\"lazy\" decoding=\"async\" width=\"1165\" height=\"1165\" src=\"https:\/\/www.lacoifferie.ch\/new\/wp-content\/uploads\/2016\/06\/03_Severine_Brungger-Salon_d_Or.jpg\" class=\"attachment-full\" alt=\"\" title=\"03_Severine_Brungger-Salon_d_Or\" srcset=\"https:\/\/www.lacoifferie.ch\/new\/wp-content\/uploads\/2016\/06\/03_Severine_Brungger-Salon_d_Or.jpg 1165w, https:\/\/www.lacoifferie.ch\/new\/wp-content\/uploads\/2016\/06\/03_Severine_Brungger-Salon_d_Or-150x150.jpg 150w, https:\/\/www.lacoifferie.ch\/new\/wp-content\/uploads\/2016\/06\/03_Severine_Brungger-Salon_d_Or-300x300.jpg 300w, https:\/\/www.lacoifferie.ch\/new\/wp-content\/uploads\/2016\/06\/03_Severine_Brungger-Salon_d_Or-768x768.jpg 768w, https:\/\/www.lacoifferie.ch\/new\/wp-content\/uploads\/2016\/06\/03_Severine_Brungger-Salon_d_Or-1024x1024.jpg 1024w, https:\/\/www.lacoifferie.ch\/new\/wp-content\/uploads\/2016\/06\/03_Severine_Brungger-Salon_d_Or-600x600.jpg 600w, https:\/\/www.lacoifferie.ch\/new\/wp-content\/uploads\/2016\/06\/03_Severine_Brungger-Salon_d_Or-85x85.jpg 85w, https:\/\/www.lacoifferie.ch\/new\/wp-content\/uploads\/2016\/06\/03_Severine_Brungger-Salon_d_Or-550x550.jpg 550w\" sizes=\"auto, (max-width: 1165px) 100vw, 1165px\" \/><\/span><\/a><\/li><li class=\"no_grayscale\"><a class=\"prettyphoto\" href=\"https:\/\/www.lacoifferie.ch\/new\/wp-content\/uploads\/2016\/06\/04_Suleika_Brot-Roberto_Hair_Beauty-1024x1024.jpg\" data-rel=\"prettyPhoto[rel-18406-2305074184]\"><span class=\"q_gallery_slider\" data-image_title=\"04_Suleika_Brot-Roberto_Hair_Beauty\" data-image_caption=\"\" data-image_url=\"\" data-image_url_target=\"\"><img loading=\"lazy\" decoding=\"async\" width=\"1165\" height=\"1165\" src=\"https:\/\/www.lacoifferie.ch\/new\/wp-content\/uploads\/2016\/06\/04_Suleika_Brot-Roberto_Hair_Beauty.jpg\" class=\"attachment-full\" alt=\"\" title=\"04_Suleika_Brot-Roberto_Hair_Beauty\" srcset=\"https:\/\/www.lacoifferie.ch\/new\/wp-content\/uploads\/2016\/06\/04_Suleika_Brot-Roberto_Hair_Beauty.jpg 1165w, https:\/\/www.lacoifferie.ch\/new\/wp-content\/uploads\/2016\/06\/04_Suleika_Brot-Roberto_Hair_Beauty-150x150.jpg 150w, https:\/\/www.lacoifferie.ch\/new\/wp-content\/uploads\/2016\/06\/04_Suleika_Brot-Roberto_Hair_Beauty-300x300.jpg 300w, https:\/\/www.lacoifferie.ch\/new\/wp-content\/uploads\/2016\/06\/04_Suleika_Brot-Roberto_Hair_Beauty-768x768.jpg 768w, https:\/\/www.lacoifferie.ch\/new\/wp-content\/uploads\/2016\/06\/04_Suleika_Brot-Roberto_Hair_Beauty-1024x1024.jpg 1024w, https:\/\/www.lacoifferie.ch\/new\/wp-content\/uploads\/2016\/06\/04_Suleika_Brot-Roberto_Hair_Beauty-600x600.jpg 600w, https:\/\/www.lacoifferie.ch\/new\/wp-content\/uploads\/2016\/06\/04_Suleika_Brot-Roberto_Hair_Beauty-85x85.jpg 85w, https:\/\/www.lacoifferie.ch\/new\/wp-content\/uploads\/2016\/06\/04_Suleika_Brot-Roberto_Hair_Beauty-550x550.jpg 550w\" sizes=\"auto, (max-width: 1165px) 100vw, 1165px\" \/><\/span><\/a><\/li><li class=\"no_grayscale\"><a class=\"prettyphoto\" href=\"https:\/\/www.lacoifferie.ch\/new\/wp-content\/uploads\/2016\/06\/05_Kevin_Morival-La_Coifferie-1-1024x1024.jpg\" data-rel=\"prettyPhoto[rel-18406-2305074184]\"><span class=\"q_gallery_slider\" data-image_title=\"05_Kevin_Morival-La_Coifferie\" data-image_caption=\"\" data-image_url=\"\" data-image_url_target=\"\"><img loading=\"lazy\" decoding=\"async\" width=\"1165\" height=\"1165\" src=\"https:\/\/www.lacoifferie.ch\/new\/wp-content\/uploads\/2016\/06\/05_Kevin_Morival-La_Coifferie-1.jpg\" class=\"attachment-full\" alt=\"\" title=\"05_Kevin_Morival-La_Coifferie\" srcset=\"https:\/\/www.lacoifferie.ch\/new\/wp-content\/uploads\/2016\/06\/05_Kevin_Morival-La_Coifferie-1.jpg 1165w, https:\/\/www.lacoifferie.ch\/new\/wp-content\/uploads\/2016\/06\/05_Kevin_Morival-La_Coifferie-1-150x150.jpg 150w, https:\/\/www.lacoifferie.ch\/new\/wp-content\/uploads\/2016\/06\/05_Kevin_Morival-La_Coifferie-1-300x300.jpg 300w, https:\/\/www.lacoifferie.ch\/new\/wp-content\/uploads\/2016\/06\/05_Kevin_Morival-La_Coifferie-1-768x768.jpg 768w, https:\/\/www.lacoifferie.ch\/new\/wp-content\/uploads\/2016\/06\/05_Kevin_Morival-La_Coifferie-1-1024x1024.jpg 1024w, https:\/\/www.lacoifferie.ch\/new\/wp-content\/uploads\/2016\/06\/05_Kevin_Morival-La_Coifferie-1-600x600.jpg 600w, https:\/\/www.lacoifferie.ch\/new\/wp-content\/uploads\/2016\/06\/05_Kevin_Morival-La_Coifferie-1-85x85.jpg 85w, https:\/\/www.lacoifferie.ch\/new\/wp-content\/uploads\/2016\/06\/05_Kevin_Morival-La_Coifferie-1-550x550.jpg 550w\" sizes=\"auto, (max-width: 1165px) 100vw, 1165px\" \/><\/span><\/a><\/li><\/ul><\/div><\/div><\/div><\/div><div class=\"wpb_gallery wpb_content_element vc_clearfix\"><div class=\"wpb_wrapper\"><h2 class=\"wpb_heading wpb_gallery_heading\">New Talent Colorist : les 5 finalistes<\/h2><div class=\"wpb_gallery_slides wpb_image_grid\" data-interval=\"3\"><div class=\"gallery_holder\"><ul class=\"gallery_inner v5\"><li class=\"no_grayscale\"><a class=\"prettyphoto\" href=\"https:\/\/www.lacoifferie.ch\/new\/wp-content\/uploads\/2016\/06\/01_Simone-Rigliaco-Coiffure_Valentino-1024x1024.jpg\" data-rel=\"prettyPhoto[rel-18406-690450622]\"><span class=\"q_gallery_slider\" data-image_title=\"01_Simone-Rigliaco-Coiffure_Valentino\" data-image_caption=\"\" data-image_url=\"\" data-image_url_target=\"\"><img loading=\"lazy\" decoding=\"async\" width=\"1165\" height=\"1165\" src=\"https:\/\/www.lacoifferie.ch\/new\/wp-content\/uploads\/2016\/06\/01_Simone-Rigliaco-Coiffure_Valentino.jpg\" class=\"attachment-full\" alt=\"\" title=\"01_Simone-Rigliaco-Coiffure_Valentino\" srcset=\"https:\/\/www.lacoifferie.ch\/new\/wp-content\/uploads\/2016\/06\/01_Simone-Rigliaco-Coiffure_Valentino.jpg 1165w, https:\/\/www.lacoifferie.ch\/new\/wp-content\/uploads\/2016\/06\/01_Simone-Rigliaco-Coiffure_Valentino-150x150.jpg 150w, https:\/\/www.lacoifferie.ch\/new\/wp-content\/uploads\/2016\/06\/01_Simone-Rigliaco-Coiffure_Valentino-300x300.jpg 300w, https:\/\/www.lacoifferie.ch\/new\/wp-content\/uploads\/2016\/06\/01_Simone-Rigliaco-Coiffure_Valentino-768x768.jpg 768w, https:\/\/www.lacoifferie.ch\/new\/wp-content\/uploads\/2016\/06\/01_Simone-Rigliaco-Coiffure_Valentino-1024x1024.jpg 1024w, https:\/\/www.lacoifferie.ch\/new\/wp-content\/uploads\/2016\/06\/01_Simone-Rigliaco-Coiffure_Valentino-600x600.jpg 600w, https:\/\/www.lacoifferie.ch\/new\/wp-content\/uploads\/2016\/06\/01_Simone-Rigliaco-Coiffure_Valentino-85x85.jpg 85w, https:\/\/www.lacoifferie.ch\/new\/wp-content\/uploads\/2016\/06\/01_Simone-Rigliaco-Coiffure_Valentino-550x550.jpg 550w\" sizes=\"auto, (max-width: 1165px) 100vw, 1165px\" \/><\/span><\/a><\/li><li class=\"no_grayscale\"><a class=\"prettyphoto\" href=\"https:\/\/www.lacoifferie.ch\/new\/wp-content\/uploads\/2016\/06\/02_Nadine_Loretz-Roberto_Hair_Sytle-1024x1024.jpg\" data-rel=\"prettyPhoto[rel-18406-690450622]\"><span class=\"q_gallery_slider\" data-image_title=\"02_Nadine_Loretz-Roberto_Hair_Sytle\" data-image_caption=\"\" data-image_url=\"\" data-image_url_target=\"\"><img loading=\"lazy\" decoding=\"async\" width=\"1165\" height=\"1165\" src=\"https:\/\/www.lacoifferie.ch\/new\/wp-content\/uploads\/2016\/06\/02_Nadine_Loretz-Roberto_Hair_Sytle.jpg\" class=\"attachment-full\" alt=\"\" title=\"02_Nadine_Loretz-Roberto_Hair_Sytle\" srcset=\"https:\/\/www.lacoifferie.ch\/new\/wp-content\/uploads\/2016\/06\/02_Nadine_Loretz-Roberto_Hair_Sytle.jpg 1165w, https:\/\/www.lacoifferie.ch\/new\/wp-content\/uploads\/2016\/06\/02_Nadine_Loretz-Roberto_Hair_Sytle-150x150.jpg 150w, https:\/\/www.lacoifferie.ch\/new\/wp-content\/uploads\/2016\/06\/02_Nadine_Loretz-Roberto_Hair_Sytle-300x300.jpg 300w, https:\/\/www.lacoifferie.ch\/new\/wp-content\/uploads\/2016\/06\/02_Nadine_Loretz-Roberto_Hair_Sytle-768x768.jpg 768w, https:\/\/www.lacoifferie.ch\/new\/wp-content\/uploads\/2016\/06\/02_Nadine_Loretz-Roberto_Hair_Sytle-1024x1024.jpg 1024w, https:\/\/www.lacoifferie.ch\/new\/wp-content\/uploads\/2016\/06\/02_Nadine_Loretz-Roberto_Hair_Sytle-600x600.jpg 600w, https:\/\/www.lacoifferie.ch\/new\/wp-content\/uploads\/2016\/06\/02_Nadine_Loretz-Roberto_Hair_Sytle-85x85.jpg 85w, https:\/\/www.lacoifferie.ch\/new\/wp-content\/uploads\/2016\/06\/02_Nadine_Loretz-Roberto_Hair_Sytle-550x550.jpg 550w\" sizes=\"auto, (max-width: 1165px) 100vw, 1165px\" \/><\/span><\/a><\/li><li class=\"no_grayscale\"><a class=\"prettyphoto\" href=\"https:\/\/www.lacoifferie.ch\/new\/wp-content\/uploads\/2016\/06\/03_Pierina_Cathomen-Coiffeur_Helena-1024x1024.jpg\" data-rel=\"prettyPhoto[rel-18406-690450622]\"><span class=\"q_gallery_slider\" data-image_title=\"03_Pierina_Cathomen-Coiffeur_Helena\" data-image_caption=\"\" data-image_url=\"\" data-image_url_target=\"\"><img loading=\"lazy\" decoding=\"async\" width=\"1165\" height=\"1165\" src=\"https:\/\/www.lacoifferie.ch\/new\/wp-content\/uploads\/2016\/06\/03_Pierina_Cathomen-Coiffeur_Helena.jpg\" class=\"attachment-full\" alt=\"\" title=\"03_Pierina_Cathomen-Coiffeur_Helena\" srcset=\"https:\/\/www.lacoifferie.ch\/new\/wp-content\/uploads\/2016\/06\/03_Pierina_Cathomen-Coiffeur_Helena.jpg 1165w, https:\/\/www.lacoifferie.ch\/new\/wp-content\/uploads\/2016\/06\/03_Pierina_Cathomen-Coiffeur_Helena-150x150.jpg 150w, https:\/\/www.lacoifferie.ch\/new\/wp-content\/uploads\/2016\/06\/03_Pierina_Cathomen-Coiffeur_Helena-300x300.jpg 300w, https:\/\/www.lacoifferie.ch\/new\/wp-content\/uploads\/2016\/06\/03_Pierina_Cathomen-Coiffeur_Helena-768x768.jpg 768w, https:\/\/www.lacoifferie.ch\/new\/wp-content\/uploads\/2016\/06\/03_Pierina_Cathomen-Coiffeur_Helena-1024x1024.jpg 1024w, https:\/\/www.lacoifferie.ch\/new\/wp-content\/uploads\/2016\/06\/03_Pierina_Cathomen-Coiffeur_Helena-600x600.jpg 600w, https:\/\/www.lacoifferie.ch\/new\/wp-content\/uploads\/2016\/06\/03_Pierina_Cathomen-Coiffeur_Helena-85x85.jpg 85w, https:\/\/www.lacoifferie.ch\/new\/wp-content\/uploads\/2016\/06\/03_Pierina_Cathomen-Coiffeur_Helena-550x550.jpg 550w\" sizes=\"auto, (max-width: 1165px) 100vw, 1165px\" \/><\/span><\/a><\/li><li class=\"no_grayscale\"><a class=\"prettyphoto\" href=\"https:\/\/www.lacoifferie.ch\/new\/wp-content\/uploads\/2016\/06\/04_Maude_Moret-Les_Bagabondes-1024x1024.jpg\" data-rel=\"prettyPhoto[rel-18406-690450622]\"><span class=\"q_gallery_slider\" data-image_title=\"04_Maude_Moret-Les_Bagabondes\" data-image_caption=\"\" data-image_url=\"\" data-image_url_target=\"\"><img loading=\"lazy\" decoding=\"async\" width=\"1165\" height=\"1165\" src=\"https:\/\/www.lacoifferie.ch\/new\/wp-content\/uploads\/2016\/06\/04_Maude_Moret-Les_Bagabondes.jpg\" class=\"attachment-full\" alt=\"\" title=\"04_Maude_Moret-Les_Bagabondes\" srcset=\"https:\/\/www.lacoifferie.ch\/new\/wp-content\/uploads\/2016\/06\/04_Maude_Moret-Les_Bagabondes.jpg 1165w, https:\/\/www.lacoifferie.ch\/new\/wp-content\/uploads\/2016\/06\/04_Maude_Moret-Les_Bagabondes-150x150.jpg 150w, https:\/\/www.lacoifferie.ch\/new\/wp-content\/uploads\/2016\/06\/04_Maude_Moret-Les_Bagabondes-300x300.jpg 300w, https:\/\/www.lacoifferie.ch\/new\/wp-content\/uploads\/2016\/06\/04_Maude_Moret-Les_Bagabondes-768x768.jpg 768w, https:\/\/www.lacoifferie.ch\/new\/wp-content\/uploads\/2016\/06\/04_Maude_Moret-Les_Bagabondes-1024x1024.jpg 1024w, https:\/\/www.lacoifferie.ch\/new\/wp-content\/uploads\/2016\/06\/04_Maude_Moret-Les_Bagabondes-600x600.jpg 600w, https:\/\/www.lacoifferie.ch\/new\/wp-content\/uploads\/2016\/06\/04_Maude_Moret-Les_Bagabondes-85x85.jpg 85w, https:\/\/www.lacoifferie.ch\/new\/wp-content\/uploads\/2016\/06\/04_Maude_Moret-Les_Bagabondes-550x550.jpg 550w\" sizes=\"auto, (max-width: 1165px) 100vw, 1165px\" \/><\/span><\/a><\/li><li class=\"no_grayscale\"><a class=\"prettyphoto\" href=\"https:\/\/www.lacoifferie.ch\/new\/wp-content\/uploads\/2016\/06\/05_Alexia_Kowalski-La_Coifferie-1-1024x1024.jpg\" data-rel=\"prettyPhoto[rel-18406-690450622]\"><span class=\"q_gallery_slider\" data-image_title=\"05_Alexia_Kowalski-La_Coifferie\" data-image_caption=\"\" data-image_url=\"\" data-image_url_target=\"\"><img loading=\"lazy\" decoding=\"async\" width=\"1165\" height=\"1165\" src=\"https:\/\/www.lacoifferie.ch\/new\/wp-content\/uploads\/2016\/06\/05_Alexia_Kowalski-La_Coifferie-1.jpg\" class=\"attachment-full\" alt=\"\" title=\"05_Alexia_Kowalski-La_Coifferie\" srcset=\"https:\/\/www.lacoifferie.ch\/new\/wp-content\/uploads\/2016\/06\/05_Alexia_Kowalski-La_Coifferie-1.jpg 1165w, https:\/\/www.lacoifferie.ch\/new\/wp-content\/uploads\/2016\/06\/05_Alexia_Kowalski-La_Coifferie-1-150x150.jpg 150w, https:\/\/www.lacoifferie.ch\/new\/wp-content\/uploads\/2016\/06\/05_Alexia_Kowalski-La_Coifferie-1-300x300.jpg 300w, https:\/\/www.lacoifferie.ch\/new\/wp-content\/uploads\/2016\/06\/05_Alexia_Kowalski-La_Coifferie-1-768x768.jpg 768w, https:\/\/www.lacoifferie.ch\/new\/wp-content\/uploads\/2016\/06\/05_Alexia_Kowalski-La_Coifferie-1-1024x1024.jpg 1024w, https:\/\/www.lacoifferie.ch\/new\/wp-content\/uploads\/2016\/06\/05_Alexia_Kowalski-La_Coifferie-1-600x600.jpg 600w, https:\/\/www.lacoifferie.ch\/new\/wp-content\/uploads\/2016\/06\/05_Alexia_Kowalski-La_Coifferie-1-85x85.jpg 85w, https:\/\/www.lacoifferie.ch\/new\/wp-content\/uploads\/2016\/06\/05_Alexia_Kowalski-La_Coifferie-1-550x550.jpg 550w\" sizes=\"auto, (max-width: 1165px) 100vw, 1165px\" \/><\/span><\/a><\/li><\/ul><\/div><\/div><\/div><\/div><\/div><\/div><\/div><\/div><\/div><div     class=\"vc_row wpb_row section \" style=' text-align:left;'><div class=\" full_section_inner clearfix\"><div class=\"wpb_column vc_column_container vc_col-sm-12\"><div class=\"vc_column-inner\"><div class=\"wpb_wrapper\"><div class=\"vc_empty_space\"   style=\"height: 32px\"><span class=\"vc_empty_space_inner\"><\/span><\/div>\n\t<div class=\"wpb_video_widget wpb_content_element vc_clearfix   vc_video-aspect-ratio-169 vc_video-el-width-100 vc_video-align-center\" >\n\t\t<div class=\"wpb_wrapper\">\n\t\t\t<h2 class=\"wpb_heading wpb_video_heading\">COLOR ZOOM Collection 2016 D!SRUPT<\/h2>\n\t\t\t<div class=\"wpb_video_wrapper\"><a href=\"https:\/\/youtu.be\/yVvKOLHAmFc\">https:\/\/youtu.be\/yVvKOLHAmFc<\/a><\/div>\n\t\t<\/div>\n\t<\/div>\n<\/div><\/div><\/div><\/div><\/div>\n<\/div>","protected":false},"excerpt":{"rendered":"MAGNIFIQUE\u00a0NOUVELLE POUR LA COIFFERIE !!! Alexia Kowalski\u00a0et K\u00e9vin Morival ont \u00e9t\u00e9 s\u00e9lectionn\u00e9s parmi les 10 meilleurs coiffeurs en Suisse, dans les cat\u00e9gories : \"GLOBAL\u00a0NEW TALENT\u00a0COLORIST\" et \"GLOBAL CREATIVE COLORIST\" pour le concours \"Color Zoom Challenge 16\u2033 organis\u00e9 par Goldwell ! Toutes nos f\u00e9licitations et merci...","protected":false},"author":3,"featured_media":18426,"comment_status":"open","ping_status":"open","sticky":false,"template":"","format":"standard","meta":{"footnotes":""},"categories":[104,100,115,102],"tags":[340,335,318,142,141,308,133,134,140,137,97],"class_list":["post-18406","post","type-post","status-publish","format-standard","has-post-thumbnail","hentry","category-blog-la-coifferie","category-colorzoom","category-goldwell","category-la-coifferie","tag-340","tag-alexia","tag-challenge","tag-colorzoom-2","tag-goldwell-2","tag-kevin","tag-la-coifferie-2","tag-team","tag-tendances","tag-veronique","tag-vevey"],"yoast_head":"<!-- This site is optimized with the Yoast SEO plugin v27.1.1 - https:\/\/yoast.com\/product\/yoast-seo-wordpress\/ -->\n<title>Alexia et Kevin sont nomin\u00e9s au ColorZoom 2016 - La Coifferie par V\u00e9ronique Buchs - salon de coiffure \u00e0 Vevey<\/title>\n<meta name=\"robots\" content=\"index, follow, max-snippet:-1, max-image-preview:large, max-video-preview:-1\" \/>\n<link rel=\"canonical\" href=\"https:\/\/www.lacoifferie.ch\/?p=18406\" \/>\n<meta property=\"og:locale\" content=\"fr_FR\" \/>\n<meta property=\"og:type\" content=\"article\" \/>\n<meta property=\"og:title\" content=\"Alexia et Kevin sont nomin\u00e9s au ColorZoom 2016 - La Coifferie par V\u00e9ronique Buchs - salon de coiffure \u00e0 Vevey\" \/>\n<meta property=\"og:url\" content=\"https:\/\/www.lacoifferie.ch\/?p=18406\" \/>\n<meta property=\"og:site_name\" content=\"La Coifferie par V\u00e9ronique Buchs - salon de coiffure \u00e0 Vevey\" \/>\n<meta property=\"article:publisher\" content=\"https:\/\/www.facebook.com\/lacoifferievevey\" \/>\n<meta property=\"article:published_time\" content=\"2016-06-21T15:28:46+00:00\" \/>\n<meta property=\"article:modified_time\" content=\"2016-06-21T15:31:34+00:00\" \/>\n<meta property=\"og:image\" content=\"https:\/\/www.lacoifferie.ch\/new\/wp-content\/uploads\/2016\/06\/logo-disrupt2.jpg\" \/>\n\t<meta property=\"og:image:width\" content=\"1000\" \/>\n\t<meta property=\"og:image:height\" content=\"378\" \/>\n\t<meta property=\"og:image:type\" content=\"image\/jpeg\" \/>\n<meta name=\"author\" content=\"Luca Carmagnola\" \/>\n<meta name=\"twitter:card\" content=\"summary_large_image\" \/>\n<meta name=\"twitter:label1\" content=\"\u00c9crit par\" \/>\n\t<meta name=\"twitter:data1\" content=\"Luca Carmagnola\" \/>\n\t<meta name=\"twitter:label2\" content=\"Dur\u00e9e de lecture estim\u00e9e\" \/>\n\t<meta name=\"twitter:data2\" content=\"2 minutes\" \/>\n<script type=\"application\/ld+json\" class=\"yoast-schema-graph\">{\"@context\":\"https:\/\/schema.org\",\"@graph\":[{\"@type\":\"Article\",\"@id\":\"https:\/\/www.lacoifferie.ch\/?p=18406#article\",\"isPartOf\":{\"@id\":\"https:\/\/www.lacoifferie.ch\/?p=18406\"},\"author\":{\"name\":\"Luca Carmagnola\",\"@id\":\"https:\/\/www.lacoifferie.ch\/#\/schema\/person\/f29f7fa0af92315442d1c512255e9c38\"},\"headline\":\"Alexia et Kevin sont nomin\u00e9s au ColorZoom 2016\",\"datePublished\":\"2016-06-21T15:28:46+00:00\",\"dateModified\":\"2016-06-21T15:31:34+00:00\",\"mainEntityOfPage\":{\"@id\":\"https:\/\/www.lacoifferie.ch\/?p=18406\"},\"wordCount\":339,\"commentCount\":0,\"publisher\":{\"@id\":\"https:\/\/www.lacoifferie.ch\/#organization\"},\"image\":{\"@id\":\"https:\/\/www.lacoifferie.ch\/?p=18406#primaryimage\"},\"thumbnailUrl\":\"https:\/\/www.lacoifferie.ch\/new\/wp-content\/uploads\/2016\/06\/logo-disrupt2.jpg\",\"keywords\":[\"2016\",\"alexia\",\"challenge\",\"colorzoom\",\"goldwell\",\"kevin\",\"la coifferie\",\"team\",\"tendances\",\"v\u00e9ronique\",\"vevey\"],\"articleSection\":[\"Blog\",\"Colorzoom\",\"Goldwell\",\"La Coifferie\"],\"inLanguage\":\"fr-FR\",\"potentialAction\":[{\"@type\":\"CommentAction\",\"name\":\"Comment\",\"target\":[\"https:\/\/www.lacoifferie.ch\/?p=18406#respond\"]}]},{\"@type\":\"WebPage\",\"@id\":\"https:\/\/www.lacoifferie.ch\/?p=18406\",\"url\":\"https:\/\/www.lacoifferie.ch\/?p=18406\",\"name\":\"Alexia et Kevin sont nomin\u00e9s au ColorZoom 2016 - La Coifferie par V\u00e9ronique Buchs - salon de coiffure \u00e0 Vevey\",\"isPartOf\":{\"@id\":\"https:\/\/www.lacoifferie.ch\/#website\"},\"primaryImageOfPage\":{\"@id\":\"https:\/\/www.lacoifferie.ch\/?p=18406#primaryimage\"},\"image\":{\"@id\":\"https:\/\/www.lacoifferie.ch\/?p=18406#primaryimage\"},\"thumbnailUrl\":\"https:\/\/www.lacoifferie.ch\/new\/wp-content\/uploads\/2016\/06\/logo-disrupt2.jpg\",\"datePublished\":\"2016-06-21T15:28:46+00:00\",\"dateModified\":\"2016-06-21T15:31:34+00:00\",\"breadcrumb\":{\"@id\":\"https:\/\/www.lacoifferie.ch\/?p=18406#breadcrumb\"},\"inLanguage\":\"fr-FR\",\"potentialAction\":[{\"@type\":\"ReadAction\",\"target\":[\"https:\/\/www.lacoifferie.ch\/?p=18406\"]}]},{\"@type\":\"ImageObject\",\"inLanguage\":\"fr-FR\",\"@id\":\"https:\/\/www.lacoifferie.ch\/?p=18406#primaryimage\",\"url\":\"https:\/\/www.lacoifferie.ch\/new\/wp-content\/uploads\/2016\/06\/logo-disrupt2.jpg\",\"contentUrl\":\"https:\/\/www.lacoifferie.ch\/new\/wp-content\/uploads\/2016\/06\/logo-disrupt2.jpg\",\"width\":1000,\"height\":378},{\"@type\":\"BreadcrumbList\",\"@id\":\"https:\/\/www.lacoifferie.ch\/?p=18406#breadcrumb\",\"itemListElement\":[{\"@type\":\"ListItem\",\"position\":1,\"name\":\"Accueil\",\"item\":\"https:\/\/www.lacoifferie.ch\/\"},{\"@type\":\"ListItem\",\"position\":2,\"name\":\"Alexia et Kevin sont nomin\u00e9s au ColorZoom 2016\"}]},{\"@type\":\"WebSite\",\"@id\":\"https:\/\/www.lacoifferie.ch\/#website\",\"url\":\"https:\/\/www.lacoifferie.ch\/\",\"name\":\"La Coifferie par V\u00e9ronique Buchs - salon de coiffure \u00e0 Vevey\",\"description\":\"Pour votre bien \u00eatre ...\",\"publisher\":{\"@id\":\"https:\/\/www.lacoifferie.ch\/#organization\"},\"potentialAction\":[{\"@type\":\"SearchAction\",\"target\":{\"@type\":\"EntryPoint\",\"urlTemplate\":\"https:\/\/www.lacoifferie.ch\/?s={search_term_string}\"},\"query-input\":{\"@type\":\"PropertyValueSpecification\",\"valueRequired\":true,\"valueName\":\"search_term_string\"}}],\"inLanguage\":\"fr-FR\"},{\"@type\":\"Organization\",\"@id\":\"https:\/\/www.lacoifferie.ch\/#organization\",\"name\":\"La Coifferie par V\u00e9ronique Buchs - salon de coiffure \u00e0 Vevey\",\"url\":\"https:\/\/www.lacoifferie.ch\/\",\"logo\":{\"@type\":\"ImageObject\",\"inLanguage\":\"fr-FR\",\"@id\":\"https:\/\/www.lacoifferie.ch\/#\/schema\/logo\/image\/\",\"url\":\"https:\/\/www.lacoifferie.ch\/new\/wp-content\/uploads\/2014\/09\/logo2017_black-1.png\",\"contentUrl\":\"https:\/\/www.lacoifferie.ch\/new\/wp-content\/uploads\/2014\/09\/logo2017_black-1.png\",\"width\":376,\"height\":190,\"caption\":\"La Coifferie par V\u00e9ronique Buchs - salon de coiffure \u00e0 Vevey\"},\"image\":{\"@id\":\"https:\/\/www.lacoifferie.ch\/#\/schema\/logo\/image\/\"},\"sameAs\":[\"https:\/\/www.facebook.com\/lacoifferievevey\",\"https:\/\/www.instagram.com\/lacoifferievevey\/\"]},{\"@type\":\"Person\",\"@id\":\"https:\/\/www.lacoifferie.ch\/#\/schema\/person\/f29f7fa0af92315442d1c512255e9c38\",\"name\":\"Luca Carmagnola\",\"image\":{\"@type\":\"ImageObject\",\"inLanguage\":\"fr-FR\",\"@id\":\"https:\/\/www.lacoifferie.ch\/#\/schema\/person\/image\/\",\"url\":\"https:\/\/secure.gravatar.com\/avatar\/774b97a236576c6cd100e82452aeb7f3a9fcfe500434645d2ad3dda557f6980e?s=96&d=mm&r=g\",\"contentUrl\":\"https:\/\/secure.gravatar.com\/avatar\/774b97a236576c6cd100e82452aeb7f3a9fcfe500434645d2ad3dda557f6980e?s=96&d=mm&r=g\",\"caption\":\"Luca Carmagnola\"},\"url\":\"https:\/\/www.lacoifferie.ch\/?author=3\"}]}<\/script>\n<!-- \/ Yoast SEO plugin. -->","yoast_head_json":{"title":"Alexia et Kevin sont nomin\u00e9s au ColorZoom 2016 - La Coifferie par V\u00e9ronique Buchs - salon de coiffure \u00e0 Vevey","robots":{"index":"index","follow":"follow","max-snippet":"max-snippet:-1","max-image-preview":"max-image-preview:large","max-video-preview":"max-video-preview:-1"},"canonical":"https:\/\/www.lacoifferie.ch\/?p=18406","og_locale":"fr_FR","og_type":"article","og_title":"Alexia et Kevin sont nomin\u00e9s au ColorZoom 2016 - La Coifferie par V\u00e9ronique Buchs - salon de coiffure \u00e0 Vevey","og_url":"https:\/\/www.lacoifferie.ch\/?p=18406","og_site_name":"La Coifferie par V\u00e9ronique Buchs - salon de coiffure \u00e0 Vevey","article_publisher":"https:\/\/www.facebook.com\/lacoifferievevey","article_published_time":"2016-06-21T15:28:46+00:00","article_modified_time":"2016-06-21T15:31:34+00:00","og_image":[{"width":1000,"height":378,"url":"https:\/\/www.lacoifferie.ch\/new\/wp-content\/uploads\/2016\/06\/logo-disrupt2.jpg","type":"image\/jpeg"}],"author":"Luca Carmagnola","twitter_card":"summary_large_image","twitter_misc":{"\u00c9crit par":"Luca Carmagnola","Dur\u00e9e de lecture estim\u00e9e":"2 minutes"},"schema":{"@context":"https:\/\/schema.org","@graph":[{"@type":"Article","@id":"https:\/\/www.lacoifferie.ch\/?p=18406#article","isPartOf":{"@id":"https:\/\/www.lacoifferie.ch\/?p=18406"},"author":{"name":"Luca Carmagnola","@id":"https:\/\/www.lacoifferie.ch\/#\/schema\/person\/f29f7fa0af92315442d1c512255e9c38"},"headline":"Alexia et Kevin sont nomin\u00e9s au ColorZoom 2016","datePublished":"2016-06-21T15:28:46+00:00","dateModified":"2016-06-21T15:31:34+00:00","mainEntityOfPage":{"@id":"https:\/\/www.lacoifferie.ch\/?p=18406"},"wordCount":339,"commentCount":0,"publisher":{"@id":"https:\/\/www.lacoifferie.ch\/#organization"},"image":{"@id":"https:\/\/www.lacoifferie.ch\/?p=18406#primaryimage"},"thumbnailUrl":"https:\/\/www.lacoifferie.ch\/new\/wp-content\/uploads\/2016\/06\/logo-disrupt2.jpg","keywords":["2016","alexia","challenge","colorzoom","goldwell","kevin","la coifferie","team","tendances","v\u00e9ronique","vevey"],"articleSection":["Blog","Colorzoom","Goldwell","La Coifferie"],"inLanguage":"fr-FR","potentialAction":[{"@type":"CommentAction","name":"Comment","target":["https:\/\/www.lacoifferie.ch\/?p=18406#respond"]}]},{"@type":"WebPage","@id":"https:\/\/www.lacoifferie.ch\/?p=18406","url":"https:\/\/www.lacoifferie.ch\/?p=18406","name":"Alexia et Kevin sont nomin\u00e9s au ColorZoom 2016 - La Coifferie par V\u00e9ronique Buchs - salon de coiffure \u00e0 Vevey","isPartOf":{"@id":"https:\/\/www.lacoifferie.ch\/#website"},"primaryImageOfPage":{"@id":"https:\/\/www.lacoifferie.ch\/?p=18406#primaryimage"},"image":{"@id":"https:\/\/www.lacoifferie.ch\/?p=18406#primaryimage"},"thumbnailUrl":"https:\/\/www.lacoifferie.ch\/new\/wp-content\/uploads\/2016\/06\/logo-disrupt2.jpg","datePublished":"2016-06-21T15:28:46+00:00","dateModified":"2016-06-21T15:31:34+00:00","breadcrumb":{"@id":"https:\/\/www.lacoifferie.ch\/?p=18406#breadcrumb"},"inLanguage":"fr-FR","potentialAction":[{"@type":"ReadAction","target":["https:\/\/www.lacoifferie.ch\/?p=18406"]}]},{"@type":"ImageObject","inLanguage":"fr-FR","@id":"https:\/\/www.lacoifferie.ch\/?p=18406#primaryimage","url":"https:\/\/www.lacoifferie.ch\/new\/wp-content\/uploads\/2016\/06\/logo-disrupt2.jpg","contentUrl":"https:\/\/www.lacoifferie.ch\/new\/wp-content\/uploads\/2016\/06\/logo-disrupt2.jpg","width":1000,"height":378},{"@type":"BreadcrumbList","@id":"https:\/\/www.lacoifferie.ch\/?p=18406#breadcrumb","itemListElement":[{"@type":"ListItem","position":1,"name":"Accueil","item":"https:\/\/www.lacoifferie.ch\/"},{"@type":"ListItem","position":2,"name":"Alexia et Kevin sont nomin\u00e9s au ColorZoom 2016"}]},{"@type":"WebSite","@id":"https:\/\/www.lacoifferie.ch\/#website","url":"https:\/\/www.lacoifferie.ch\/","name":"La Coifferie par V\u00e9ronique Buchs - salon de coiffure \u00e0 Vevey","description":"Pour votre bien \u00eatre ...","publisher":{"@id":"https:\/\/www.lacoifferie.ch\/#organization"},"potentialAction":[{"@type":"SearchAction","target":{"@type":"EntryPoint","urlTemplate":"https:\/\/www.lacoifferie.ch\/?s={search_term_string}"},"query-input":{"@type":"PropertyValueSpecification","valueRequired":true,"valueName":"search_term_string"}}],"inLanguage":"fr-FR"},{"@type":"Organization","@id":"https:\/\/www.lacoifferie.ch\/#organization","name":"La Coifferie par V\u00e9ronique Buchs - salon de coiffure \u00e0 Vevey","url":"https:\/\/www.lacoifferie.ch\/","logo":{"@type":"ImageObject","inLanguage":"fr-FR","@id":"https:\/\/www.lacoifferie.ch\/#\/schema\/logo\/image\/","url":"https:\/\/www.lacoifferie.ch\/new\/wp-content\/uploads\/2014\/09\/logo2017_black-1.png","contentUrl":"https:\/\/www.lacoifferie.ch\/new\/wp-content\/uploads\/2014\/09\/logo2017_black-1.png","width":376,"height":190,"caption":"La Coifferie par V\u00e9ronique Buchs - salon de coiffure \u00e0 Vevey"},"image":{"@id":"https:\/\/www.lacoifferie.ch\/#\/schema\/logo\/image\/"},"sameAs":["https:\/\/www.facebook.com\/lacoifferievevey","https:\/\/www.instagram.com\/lacoifferievevey\/"]},{"@type":"Person","@id":"https:\/\/www.lacoifferie.ch\/#\/schema\/person\/f29f7fa0af92315442d1c512255e9c38","name":"Luca Carmagnola","image":{"@type":"ImageObject","inLanguage":"fr-FR","@id":"https:\/\/www.lacoifferie.ch\/#\/schema\/person\/image\/","url":"https:\/\/secure.gravatar.com\/avatar\/774b97a236576c6cd100e82452aeb7f3a9fcfe500434645d2ad3dda557f6980e?s=96&d=mm&r=g","contentUrl":"https:\/\/secure.gravatar.com\/avatar\/774b97a236576c6cd100e82452aeb7f3a9fcfe500434645d2ad3dda557f6980e?s=96&d=mm&r=g","caption":"Luca Carmagnola"},"url":"https:\/\/www.lacoifferie.ch\/?author=3"}]}},"_links":{"self":[{"href":"https:\/\/www.lacoifferie.ch\/index.php?rest_route=\/wp\/v2\/posts\/18406","targetHints":{"allow":["GET"]}}],"collection":[{"href":"https:\/\/www.lacoifferie.ch\/index.php?rest_route=\/wp\/v2\/posts"}],"about":[{"href":"https:\/\/www.lacoifferie.ch\/index.php?rest_route=\/wp\/v2\/types\/post"}],"author":[{"embeddable":true,"href":"https:\/\/www.lacoifferie.ch\/index.php?rest_route=\/wp\/v2\/users\/3"}],"replies":[{"embeddable":true,"href":"https:\/\/www.lacoifferie.ch\/index.php?rest_route=%2Fwp%2Fv2%2Fcomments&post=18406"}],"version-history":[{"count":5,"href":"https:\/\/www.lacoifferie.ch\/index.php?rest_route=\/wp\/v2\/posts\/18406\/revisions"}],"predecessor-version":[{"id":18428,"href":"https:\/\/www.lacoifferie.ch\/index.php?rest_route=\/wp\/v2\/posts\/18406\/revisions\/18428"}],"wp:featuredmedia":[{"embeddable":true,"href":"https:\/\/www.lacoifferie.ch\/index.php?rest_route=\/wp\/v2\/media\/18426"}],"wp:attachment":[{"href":"https:\/\/www.lacoifferie.ch\/index.php?rest_route=%2Fwp%2Fv2%2Fmedia&parent=18406"}],"wp:term":[{"taxonomy":"category","embeddable":true,"href":"https:\/\/www.lacoifferie.ch\/index.php?rest_route=%2Fwp%2Fv2%2Fcategories&post=18406"},{"taxonomy":"post_tag","embeddable":true,"href":"https:\/\/www.lacoifferie.ch\/index.php?rest_route=%2Fwp%2Fv2%2Ftags&post=18406"}],"curies":[{"name":"wp","href":"https:\/\/api.w.org\/{rel}","templated":true}]}}