{"id":18430,"date":"2016-07-04T08:15:08","date_gmt":"2016-07-04T06:15:08","guid":{"rendered":"https:\/\/www.lacoifferie.ch\/?p=18430"},"modified":"2016-07-05T15:42:22","modified_gmt":"2016-07-05T13:42:22","slug":"nos-apprentis-reussissent-leurs-examens","status":"publish","type":"post","link":"https:\/\/www.lacoifferie.ch\/?p=18430","title":{"rendered":"Nos apprentis r\u00e9ussissent leurs examens !!!"},"content":{"rendered":"<div class=\"wpb-content-wrapper\"><div class=\"vc_row wpb_row section \" style=' text-align:left;'><div class=\" full_section_inner clearfix\"><div class=\"wpb_column vc_column_container vc_col-sm-12\"><div class=\"vc_column-inner\"><div class=\"wpb_wrapper\">\n\t<div class=\"wpb_text_column wpb_content_element \">\n\t\t<div class=\"wpb_wrapper\">\n\t\t\t<p><strong>L&rsquo;\u00e9motion<\/strong> \u00e9tait au rendez-vous lundi soir \u00e0 Lausanne pour la remise des <strong>CFC<\/strong> pour <em><strong>Jess<\/strong><\/em> et <strong><em>Simon<\/em><\/strong>. Une partie de l&rsquo;\u00e9quipe de <strong>La Coifferie<\/strong> \u00e9tait pr\u00e9sente ainsi que les deux <em><strong>familles<\/strong><\/em>.<br \/>\nIls ont toutes les deux <em><strong>brillamment r\u00e9ussi leurs examens finaux<\/strong><\/em> et vont donc bient\u00f4t finir leur parcours \u00e0 <strong>La Coifferie<\/strong> d&rsquo;ici la fin de l&rsquo;\u00e9t\u00e9 &#8230; Toute l&rsquo;\u00e9quipe leur souhaite d\u00e9j\u00e0 <strong><em>beaucoup de succ\u00e8s pour la suite<\/em><\/strong> en esp\u00e9rant qu\u00eels garderont un <strong><em>beau souvenir<\/em><\/strong> de ce passage par Vevey.<\/p>\n<p>Quant aux autres apprentis, <em><strong>M\u00e9lissa<\/strong><\/em> et <strong><em>Tania<\/em><\/strong> sont pass\u00e9es en <strong>2e ann\u00e9e<\/strong> et <strong><em>Ana\u00efs<\/em><\/strong> a r\u00e9ussi ses examens pour atteindre sa <strong>3e ann\u00e9e<\/strong>, <strong>avec mention tr\u00e8s bien<\/strong> &#8230; bravo \u00e0 vous trois !!!<\/p>\n\n\t\t<\/div> \n\t<\/div> <\/div><\/div><\/div><\/div><\/div><div     class=\"vc_row wpb_row section \" style=' text-align:left;'><div class=\" full_section_inner clearfix\"><div class=\"wpb_column vc_column_container vc_col-sm-12\"><div class=\"vc_column-inner\"><div class=\"wpb_wrapper\"><div class=\"wpb_gallery wpb_content_element vc_clearfix\"><div class=\"wpb_wrapper\"><div class=\"wpb_gallery_slides wpb_image_grid\" data-interval=\"3\"><div class=\"gallery_holder\"><ul class=\"gallery_inner v5\"><li class=\"no_grayscale\"><a class=\"prettyphoto\" href=\"https:\/\/www.lacoifferie.ch\/new\/wp-content\/uploads\/2016\/07\/13568782_895869870524068_5578819765996428083_o.jpg\" data-rel=\"prettyPhoto[rel-18430-2339764928]\"><span class=\"q_gallery_slider\" data-image_title=\"13568782_895869870524068_5578819765996428083_o\" data-image_caption=\"\" data-image_url=\"\" data-image_url_target=\"\"><img loading=\"lazy\" decoding=\"async\" width=\"150\" height=\"150\" src=\"https:\/\/www.lacoifferie.ch\/new\/wp-content\/uploads\/2016\/07\/13568782_895869870524068_5578819765996428083_o-150x150.jpg\" class=\"attachment-thumbnail\" alt=\"\" title=\"13568782_895869870524068_5578819765996428083_o\" srcset=\"https:\/\/www.lacoifferie.ch\/new\/wp-content\/uploads\/2016\/07\/13568782_895869870524068_5578819765996428083_o-150x150.jpg 150w, https:\/\/www.lacoifferie.ch\/new\/wp-content\/uploads\/2016\/07\/13568782_895869870524068_5578819765996428083_o-85x85.jpg 85w, https:\/\/www.lacoifferie.ch\/new\/wp-content\/uploads\/2016\/07\/13568782_895869870524068_5578819765996428083_o-550x550.jpg 550w\" sizes=\"auto, (max-width: 150px) 100vw, 150px\" \/><\/span><\/a><\/li><li class=\"no_grayscale\"><a class=\"prettyphoto\" href=\"https:\/\/www.lacoifferie.ch\/new\/wp-content\/uploads\/2016\/07\/13502633_895869907190731_8072047757895812366_o.jpg\" data-rel=\"prettyPhoto[rel-18430-2339764928]\"><span class=\"q_gallery_slider\" data-image_title=\"13502633_895869907190731_8072047757895812366_o\" data-image_caption=\"\" data-image_url=\"\" data-image_url_target=\"\"><img loading=\"lazy\" decoding=\"async\" width=\"150\" height=\"150\" src=\"https:\/\/www.lacoifferie.ch\/new\/wp-content\/uploads\/2016\/07\/13502633_895869907190731_8072047757895812366_o-150x150.jpg\" class=\"attachment-thumbnail\" alt=\"\" title=\"13502633_895869907190731_8072047757895812366_o\" srcset=\"https:\/\/www.lacoifferie.ch\/new\/wp-content\/uploads\/2016\/07\/13502633_895869907190731_8072047757895812366_o-150x150.jpg 150w, https:\/\/www.lacoifferie.ch\/new\/wp-content\/uploads\/2016\/07\/13502633_895869907190731_8072047757895812366_o-85x85.jpg 85w, https:\/\/www.lacoifferie.ch\/new\/wp-content\/uploads\/2016\/07\/13502633_895869907190731_8072047757895812366_o-550x550.jpg 550w\" sizes=\"auto, (max-width: 150px) 100vw, 150px\" \/><\/span><\/a><\/li><li class=\"no_grayscale\"><a class=\"prettyphoto\" href=\"https:\/\/www.lacoifferie.ch\/new\/wp-content\/uploads\/2016\/07\/13580584_895869910524064_5375032222974618192_o.jpg\" data-rel=\"prettyPhoto[rel-18430-2339764928]\"><span class=\"q_gallery_slider\" data-image_title=\"13580584_895869910524064_5375032222974618192_o\" data-image_caption=\"\" data-image_url=\"\" data-image_url_target=\"\"><img loading=\"lazy\" decoding=\"async\" width=\"150\" height=\"150\" src=\"https:\/\/www.lacoifferie.ch\/new\/wp-content\/uploads\/2016\/07\/13580584_895869910524064_5375032222974618192_o-150x150.jpg\" class=\"attachment-thumbnail\" alt=\"\" title=\"13580584_895869910524064_5375032222974618192_o\" srcset=\"https:\/\/www.lacoifferie.ch\/new\/wp-content\/uploads\/2016\/07\/13580584_895869910524064_5375032222974618192_o-150x150.jpg 150w, https:\/\/www.lacoifferie.ch\/new\/wp-content\/uploads\/2016\/07\/13580584_895869910524064_5375032222974618192_o-85x85.jpg 85w, https:\/\/www.lacoifferie.ch\/new\/wp-content\/uploads\/2016\/07\/13580584_895869910524064_5375032222974618192_o-550x550.jpg 550w\" sizes=\"auto, (max-width: 150px) 100vw, 150px\" \/><\/span><\/a><\/li><li class=\"no_grayscale\"><a class=\"prettyphoto\" href=\"https:\/\/www.lacoifferie.ch\/new\/wp-content\/uploads\/2016\/07\/13559185_895870143857374_3917284970622052407_o.jpg\" data-rel=\"prettyPhoto[rel-18430-2339764928]\"><span class=\"q_gallery_slider\" data-image_title=\"13559185_895870143857374_3917284970622052407_o\" data-image_caption=\"\" data-image_url=\"\" data-image_url_target=\"\"><img loading=\"lazy\" decoding=\"async\" width=\"150\" height=\"150\" src=\"https:\/\/www.lacoifferie.ch\/new\/wp-content\/uploads\/2016\/07\/13559185_895870143857374_3917284970622052407_o-150x150.jpg\" class=\"attachment-thumbnail\" alt=\"\" title=\"13559185_895870143857374_3917284970622052407_o\" srcset=\"https:\/\/www.lacoifferie.ch\/new\/wp-content\/uploads\/2016\/07\/13559185_895870143857374_3917284970622052407_o-150x150.jpg 150w, https:\/\/www.lacoifferie.ch\/new\/wp-content\/uploads\/2016\/07\/13559185_895870143857374_3917284970622052407_o-85x85.jpg 85w, https:\/\/www.lacoifferie.ch\/new\/wp-content\/uploads\/2016\/07\/13559185_895870143857374_3917284970622052407_o-550x550.jpg 550w\" sizes=\"auto, (max-width: 150px) 100vw, 150px\" \/><\/span><\/a><\/li><li class=\"no_grayscale\"><a class=\"prettyphoto\" href=\"https:\/\/www.lacoifferie.ch\/new\/wp-content\/uploads\/2016\/07\/13517379_895870253857363_3933884202417788923_o.jpg\" data-rel=\"prettyPhoto[rel-18430-2339764928]\"><span class=\"q_gallery_slider\" data-image_title=\"13517379_895870253857363_3933884202417788923_o\" data-image_caption=\"\" data-image_url=\"\" data-image_url_target=\"\"><img loading=\"lazy\" decoding=\"async\" width=\"150\" height=\"150\" src=\"https:\/\/www.lacoifferie.ch\/new\/wp-content\/uploads\/2016\/07\/13517379_895870253857363_3933884202417788923_o-150x150.jpg\" class=\"attachment-thumbnail\" alt=\"\" title=\"13517379_895870253857363_3933884202417788923_o\" srcset=\"https:\/\/www.lacoifferie.ch\/new\/wp-content\/uploads\/2016\/07\/13517379_895870253857363_3933884202417788923_o-150x150.jpg 150w, https:\/\/www.lacoifferie.ch\/new\/wp-content\/uploads\/2016\/07\/13517379_895870253857363_3933884202417788923_o-85x85.jpg 85w, https:\/\/www.lacoifferie.ch\/new\/wp-content\/uploads\/2016\/07\/13517379_895870253857363_3933884202417788923_o-550x550.jpg 550w\" sizes=\"auto, (max-width: 150px) 100vw, 150px\" \/><\/span><\/a><\/li><li class=\"no_grayscale\"><a class=\"prettyphoto\" href=\"https:\/\/www.lacoifferie.ch\/new\/wp-content\/uploads\/2016\/07\/13580632_895870240524031_7616039055874560508_o.jpg\" data-rel=\"prettyPhoto[rel-18430-2339764928]\"><span class=\"q_gallery_slider\" data-image_title=\"13580632_895870240524031_7616039055874560508_o\" data-image_caption=\"\" data-image_url=\"\" data-image_url_target=\"\"><img loading=\"lazy\" decoding=\"async\" width=\"150\" height=\"150\" src=\"https:\/\/www.lacoifferie.ch\/new\/wp-content\/uploads\/2016\/07\/13580632_895870240524031_7616039055874560508_o-150x150.jpg\" class=\"attachment-thumbnail\" alt=\"\" title=\"13580632_895870240524031_7616039055874560508_o\" srcset=\"https:\/\/www.lacoifferie.ch\/new\/wp-content\/uploads\/2016\/07\/13580632_895870240524031_7616039055874560508_o-150x150.jpg 150w, https:\/\/www.lacoifferie.ch\/new\/wp-content\/uploads\/2016\/07\/13580632_895870240524031_7616039055874560508_o-85x85.jpg 85w, https:\/\/www.lacoifferie.ch\/new\/wp-content\/uploads\/2016\/07\/13580632_895870240524031_7616039055874560508_o-550x550.jpg 550w\" sizes=\"auto, (max-width: 150px) 100vw, 150px\" \/><\/span><\/a><\/li><li class=\"no_grayscale\"><a class=\"prettyphoto\" href=\"https:\/\/www.lacoifferie.ch\/new\/wp-content\/uploads\/2016\/07\/13497597_895870457190676_3813716613947252734_o.jpg\" data-rel=\"prettyPhoto[rel-18430-2339764928]\"><span class=\"q_gallery_slider\" data-image_title=\"13497597_895870457190676_3813716613947252734_o\" data-image_caption=\"\" data-image_url=\"\" data-image_url_target=\"\"><img loading=\"lazy\" decoding=\"async\" width=\"150\" height=\"150\" src=\"https:\/\/www.lacoifferie.ch\/new\/wp-content\/uploads\/2016\/07\/13497597_895870457190676_3813716613947252734_o-150x150.jpg\" class=\"attachment-thumbnail\" alt=\"\" title=\"13497597_895870457190676_3813716613947252734_o\" srcset=\"https:\/\/www.lacoifferie.ch\/new\/wp-content\/uploads\/2016\/07\/13497597_895870457190676_3813716613947252734_o-150x150.jpg 150w, https:\/\/www.lacoifferie.ch\/new\/wp-content\/uploads\/2016\/07\/13497597_895870457190676_3813716613947252734_o-85x85.jpg 85w, https:\/\/www.lacoifferie.ch\/new\/wp-content\/uploads\/2016\/07\/13497597_895870457190676_3813716613947252734_o-550x550.jpg 550w\" sizes=\"auto, (max-width: 150px) 100vw, 150px\" \/><\/span><\/a><\/li><li class=\"no_grayscale\"><a class=\"prettyphoto\" href=\"https:\/\/www.lacoifferie.ch\/new\/wp-content\/uploads\/2016\/07\/13558853_895871300523925_3329869969265568475_o.jpg\" data-rel=\"prettyPhoto[rel-18430-2339764928]\"><span class=\"q_gallery_slider\" data-image_title=\"13558853_895871300523925_3329869969265568475_o\" data-image_caption=\"\" data-image_url=\"\" data-image_url_target=\"\"><img loading=\"lazy\" decoding=\"async\" width=\"150\" height=\"150\" src=\"https:\/\/www.lacoifferie.ch\/new\/wp-content\/uploads\/2016\/07\/13558853_895871300523925_3329869969265568475_o-150x150.jpg\" class=\"attachment-thumbnail\" alt=\"\" title=\"13558853_895871300523925_3329869969265568475_o\" srcset=\"https:\/\/www.lacoifferie.ch\/new\/wp-content\/uploads\/2016\/07\/13558853_895871300523925_3329869969265568475_o-150x150.jpg 150w, https:\/\/www.lacoifferie.ch\/new\/wp-content\/uploads\/2016\/07\/13558853_895871300523925_3329869969265568475_o-85x85.jpg 85w, https:\/\/www.lacoifferie.ch\/new\/wp-content\/uploads\/2016\/07\/13558853_895871300523925_3329869969265568475_o-550x550.jpg 550w\" sizes=\"auto, (max-width: 150px) 100vw, 150px\" \/><\/span><\/a><\/li><li class=\"no_grayscale\"><a class=\"prettyphoto\" href=\"https:\/\/www.lacoifferie.ch\/new\/wp-content\/uploads\/2016\/07\/13576668_895870477190674_5246379732754850881_o.jpg\" data-rel=\"prettyPhoto[rel-18430-2339764928]\"><span class=\"q_gallery_slider\" data-image_title=\"13576668_895870477190674_5246379732754850881_o\" data-image_caption=\"\" data-image_url=\"\" data-image_url_target=\"\"><img loading=\"lazy\" decoding=\"async\" width=\"150\" height=\"150\" src=\"https:\/\/www.lacoifferie.ch\/new\/wp-content\/uploads\/2016\/07\/13576668_895870477190674_5246379732754850881_o-150x150.jpg\" class=\"attachment-thumbnail\" alt=\"\" title=\"13576668_895870477190674_5246379732754850881_o\" srcset=\"https:\/\/www.lacoifferie.ch\/new\/wp-content\/uploads\/2016\/07\/13576668_895870477190674_5246379732754850881_o-150x150.jpg 150w, https:\/\/www.lacoifferie.ch\/new\/wp-content\/uploads\/2016\/07\/13576668_895870477190674_5246379732754850881_o-85x85.jpg 85w, https:\/\/www.lacoifferie.ch\/new\/wp-content\/uploads\/2016\/07\/13576668_895870477190674_5246379732754850881_o-550x550.jpg 550w\" sizes=\"auto, (max-width: 150px) 100vw, 150px\" \/><\/span><\/a><\/li><\/ul><\/div><\/div><\/div><\/div><\/div><\/div><\/div><\/div><\/div>\n<\/div>","protected":false},"excerpt":{"rendered":"L'\u00e9motion \u00e9tait au rendez-vous lundi soir \u00e0 Lausanne pour la remise des CFC pour Jess et Simon. Une partie de l'\u00e9quipe de La Coifferie \u00e9tait pr\u00e9sente ainsi que les deux familles. Ils ont toutes les deux brillamment r\u00e9ussi leurs examens finaux et vont donc bient\u00f4t...","protected":false},"author":3,"featured_media":18431,"comment_status":"open","ping_status":"open","sticky":false,"template":"","format":"standard","meta":{"footnotes":""},"categories":[157,104,330,102,106,111],"tags":[332,130,138,131,256,133,261,134,137,97],"class_list":["post-18430","post","type-post","status-publish","format-standard","has-post-thumbnail","hentry","category-blog-2","category-blog-la-coifferie","category-formation","category-la-coifferie","category-le-salon","category-le-team","tag-anais","tag-apprentie","tag-buchs","tag-cfc","tag-jess","tag-la-coifferie-2","tag-simon","tag-team","tag-veronique","tag-vevey"],"yoast_head":"<!-- This site is optimized with the Yoast SEO plugin v27.1.1 - https:\/\/yoast.com\/product\/yoast-seo-wordpress\/ -->\n<title>Nos apprentis r\u00e9ussissent leurs examens !!! - La Coifferie par V\u00e9ronique Buchs - salon de coiffure \u00e0 Vevey<\/title>\n<meta name=\"robots\" content=\"index, follow, max-snippet:-1, max-image-preview:large, max-video-preview:-1\" \/>\n<link rel=\"canonical\" href=\"https:\/\/www.lacoifferie.ch\/?p=18430\" \/>\n<meta property=\"og:locale\" content=\"fr_FR\" \/>\n<meta property=\"og:type\" content=\"article\" \/>\n<meta property=\"og:title\" content=\"Nos apprentis r\u00e9ussissent leurs examens !!! - La Coifferie par V\u00e9ronique Buchs - salon de coiffure \u00e0 Vevey\" \/>\n<meta property=\"og:url\" content=\"https:\/\/www.lacoifferie.ch\/?p=18430\" \/>\n<meta property=\"og:site_name\" content=\"La Coifferie par V\u00e9ronique Buchs - salon de coiffure \u00e0 Vevey\" \/>\n<meta property=\"article:publisher\" content=\"https:\/\/www.facebook.com\/lacoifferievevey\" \/>\n<meta property=\"article:published_time\" content=\"2016-07-04T06:15:08+00:00\" \/>\n<meta property=\"article:modified_time\" content=\"2016-07-05T13:42:22+00:00\" \/>\n<meta property=\"og:image\" content=\"https:\/\/www.lacoifferie.ch\/new\/wp-content\/uploads\/2016\/07\/banner.jpg\" \/>\n\t<meta property=\"og:image:width\" content=\"856\" \/>\n\t<meta property=\"og:image:height\" content=\"305\" \/>\n\t<meta property=\"og:image:type\" content=\"image\/jpeg\" \/>\n<meta name=\"author\" content=\"Luca Carmagnola\" \/>\n<meta name=\"twitter:card\" content=\"summary_large_image\" \/>\n<meta name=\"twitter:label1\" content=\"\u00c9crit par\" \/>\n\t<meta name=\"twitter:data1\" content=\"Luca Carmagnola\" \/>\n\t<meta name=\"twitter:label2\" content=\"Dur\u00e9e de lecture estim\u00e9e\" \/>\n\t<meta name=\"twitter:data2\" content=\"1 minute\" \/>\n<script type=\"application\/ld+json\" class=\"yoast-schema-graph\">{\"@context\":\"https:\/\/schema.org\",\"@graph\":[{\"@type\":\"Article\",\"@id\":\"https:\/\/www.lacoifferie.ch\/?p=18430#article\",\"isPartOf\":{\"@id\":\"https:\/\/www.lacoifferie.ch\/?p=18430\"},\"author\":{\"name\":\"Luca Carmagnola\",\"@id\":\"https:\/\/www.lacoifferie.ch\/#\/schema\/person\/f29f7fa0af92315442d1c512255e9c38\"},\"headline\":\"Nos apprentis r\u00e9ussissent leurs examens !!!\",\"datePublished\":\"2016-07-04T06:15:08+00:00\",\"dateModified\":\"2016-07-05T13:42:22+00:00\",\"mainEntityOfPage\":{\"@id\":\"https:\/\/www.lacoifferie.ch\/?p=18430\"},\"wordCount\":192,\"commentCount\":0,\"publisher\":{\"@id\":\"https:\/\/www.lacoifferie.ch\/#organization\"},\"image\":{\"@id\":\"https:\/\/www.lacoifferie.ch\/?p=18430#primaryimage\"},\"thumbnailUrl\":\"https:\/\/www.lacoifferie.ch\/new\/wp-content\/uploads\/2016\/07\/banner.jpg\",\"keywords\":[\"ana\u00efs\",\"apprentie\",\"buchs\",\"cfc\",\"Jess\",\"la coifferie\",\"Simon\",\"team\",\"v\u00e9ronique\",\"vevey\"],\"articleSection\":[\"Blog\",\"Blog\",\"Formation\",\"La Coifferie\",\"Le Salon\",\"Le Team\"],\"inLanguage\":\"fr-FR\",\"potentialAction\":[{\"@type\":\"CommentAction\",\"name\":\"Comment\",\"target\":[\"https:\/\/www.lacoifferie.ch\/?p=18430#respond\"]}]},{\"@type\":\"WebPage\",\"@id\":\"https:\/\/www.lacoifferie.ch\/?p=18430\",\"url\":\"https:\/\/www.lacoifferie.ch\/?p=18430\",\"name\":\"Nos apprentis r\u00e9ussissent leurs examens !!! - La Coifferie par V\u00e9ronique Buchs - salon de coiffure \u00e0 Vevey\",\"isPartOf\":{\"@id\":\"https:\/\/www.lacoifferie.ch\/#website\"},\"primaryImageOfPage\":{\"@id\":\"https:\/\/www.lacoifferie.ch\/?p=18430#primaryimage\"},\"image\":{\"@id\":\"https:\/\/www.lacoifferie.ch\/?p=18430#primaryimage\"},\"thumbnailUrl\":\"https:\/\/www.lacoifferie.ch\/new\/wp-content\/uploads\/2016\/07\/banner.jpg\",\"datePublished\":\"2016-07-04T06:15:08+00:00\",\"dateModified\":\"2016-07-05T13:42:22+00:00\",\"breadcrumb\":{\"@id\":\"https:\/\/www.lacoifferie.ch\/?p=18430#breadcrumb\"},\"inLanguage\":\"fr-FR\",\"potentialAction\":[{\"@type\":\"ReadAction\",\"target\":[\"https:\/\/www.lacoifferie.ch\/?p=18430\"]}]},{\"@type\":\"ImageObject\",\"inLanguage\":\"fr-FR\",\"@id\":\"https:\/\/www.lacoifferie.ch\/?p=18430#primaryimage\",\"url\":\"https:\/\/www.lacoifferie.ch\/new\/wp-content\/uploads\/2016\/07\/banner.jpg\",\"contentUrl\":\"https:\/\/www.lacoifferie.ch\/new\/wp-content\/uploads\/2016\/07\/banner.jpg\",\"width\":856,\"height\":305},{\"@type\":\"BreadcrumbList\",\"@id\":\"https:\/\/www.lacoifferie.ch\/?p=18430#breadcrumb\",\"itemListElement\":[{\"@type\":\"ListItem\",\"position\":1,\"name\":\"Accueil\",\"item\":\"https:\/\/www.lacoifferie.ch\/\"},{\"@type\":\"ListItem\",\"position\":2,\"name\":\"Nos apprentis r\u00e9ussissent leurs examens !!!\"}]},{\"@type\":\"WebSite\",\"@id\":\"https:\/\/www.lacoifferie.ch\/#website\",\"url\":\"https:\/\/www.lacoifferie.ch\/\",\"name\":\"La Coifferie par V\u00e9ronique Buchs - salon de coiffure \u00e0 Vevey\",\"description\":\"Pour votre bien \u00eatre ...\",\"publisher\":{\"@id\":\"https:\/\/www.lacoifferie.ch\/#organization\"},\"potentialAction\":[{\"@type\":\"SearchAction\",\"target\":{\"@type\":\"EntryPoint\",\"urlTemplate\":\"https:\/\/www.lacoifferie.ch\/?s={search_term_string}\"},\"query-input\":{\"@type\":\"PropertyValueSpecification\",\"valueRequired\":true,\"valueName\":\"search_term_string\"}}],\"inLanguage\":\"fr-FR\"},{\"@type\":\"Organization\",\"@id\":\"https:\/\/www.lacoifferie.ch\/#organization\",\"name\":\"La Coifferie par V\u00e9ronique Buchs - salon de coiffure \u00e0 Vevey\",\"url\":\"https:\/\/www.lacoifferie.ch\/\",\"logo\":{\"@type\":\"ImageObject\",\"inLanguage\":\"fr-FR\",\"@id\":\"https:\/\/www.lacoifferie.ch\/#\/schema\/logo\/image\/\",\"url\":\"https:\/\/www.lacoifferie.ch\/new\/wp-content\/uploads\/2014\/09\/logo2017_black-1.png\",\"contentUrl\":\"https:\/\/www.lacoifferie.ch\/new\/wp-content\/uploads\/2014\/09\/logo2017_black-1.png\",\"width\":376,\"height\":190,\"caption\":\"La Coifferie par V\u00e9ronique Buchs - salon de coiffure \u00e0 Vevey\"},\"image\":{\"@id\":\"https:\/\/www.lacoifferie.ch\/#\/schema\/logo\/image\/\"},\"sameAs\":[\"https:\/\/www.facebook.com\/lacoifferievevey\",\"https:\/\/www.instagram.com\/lacoifferievevey\/\"]},{\"@type\":\"Person\",\"@id\":\"https:\/\/www.lacoifferie.ch\/#\/schema\/person\/f29f7fa0af92315442d1c512255e9c38\",\"name\":\"Luca Carmagnola\",\"image\":{\"@type\":\"ImageObject\",\"inLanguage\":\"fr-FR\",\"@id\":\"https:\/\/www.lacoifferie.ch\/#\/schema\/person\/image\/\",\"url\":\"https:\/\/secure.gravatar.com\/avatar\/774b97a236576c6cd100e82452aeb7f3a9fcfe500434645d2ad3dda557f6980e?s=96&d=mm&r=g\",\"contentUrl\":\"https:\/\/secure.gravatar.com\/avatar\/774b97a236576c6cd100e82452aeb7f3a9fcfe500434645d2ad3dda557f6980e?s=96&d=mm&r=g\",\"caption\":\"Luca Carmagnola\"},\"url\":\"https:\/\/www.lacoifferie.ch\/?author=3\"}]}<\/script>\n<!-- \/ Yoast SEO plugin. -->","yoast_head_json":{"title":"Nos apprentis r\u00e9ussissent leurs examens !!! - La Coifferie par V\u00e9ronique Buchs - salon de coiffure \u00e0 Vevey","robots":{"index":"index","follow":"follow","max-snippet":"max-snippet:-1","max-image-preview":"max-image-preview:large","max-video-preview":"max-video-preview:-1"},"canonical":"https:\/\/www.lacoifferie.ch\/?p=18430","og_locale":"fr_FR","og_type":"article","og_title":"Nos apprentis r\u00e9ussissent leurs examens !!! - La Coifferie par V\u00e9ronique Buchs - salon de coiffure \u00e0 Vevey","og_url":"https:\/\/www.lacoifferie.ch\/?p=18430","og_site_name":"La Coifferie par V\u00e9ronique Buchs - salon de coiffure \u00e0 Vevey","article_publisher":"https:\/\/www.facebook.com\/lacoifferievevey","article_published_time":"2016-07-04T06:15:08+00:00","article_modified_time":"2016-07-05T13:42:22+00:00","og_image":[{"width":856,"height":305,"url":"https:\/\/www.lacoifferie.ch\/new\/wp-content\/uploads\/2016\/07\/banner.jpg","type":"image\/jpeg"}],"author":"Luca Carmagnola","twitter_card":"summary_large_image","twitter_misc":{"\u00c9crit par":"Luca Carmagnola","Dur\u00e9e de lecture estim\u00e9e":"1 minute"},"schema":{"@context":"https:\/\/schema.org","@graph":[{"@type":"Article","@id":"https:\/\/www.lacoifferie.ch\/?p=18430#article","isPartOf":{"@id":"https:\/\/www.lacoifferie.ch\/?p=18430"},"author":{"name":"Luca Carmagnola","@id":"https:\/\/www.lacoifferie.ch\/#\/schema\/person\/f29f7fa0af92315442d1c512255e9c38"},"headline":"Nos apprentis r\u00e9ussissent leurs examens !!!","datePublished":"2016-07-04T06:15:08+00:00","dateModified":"2016-07-05T13:42:22+00:00","mainEntityOfPage":{"@id":"https:\/\/www.lacoifferie.ch\/?p=18430"},"wordCount":192,"commentCount":0,"publisher":{"@id":"https:\/\/www.lacoifferie.ch\/#organization"},"image":{"@id":"https:\/\/www.lacoifferie.ch\/?p=18430#primaryimage"},"thumbnailUrl":"https:\/\/www.lacoifferie.ch\/new\/wp-content\/uploads\/2016\/07\/banner.jpg","keywords":["ana\u00efs","apprentie","buchs","cfc","Jess","la coifferie","Simon","team","v\u00e9ronique","vevey"],"articleSection":["Blog","Blog","Formation","La Coifferie","Le Salon","Le Team"],"inLanguage":"fr-FR","potentialAction":[{"@type":"CommentAction","name":"Comment","target":["https:\/\/www.lacoifferie.ch\/?p=18430#respond"]}]},{"@type":"WebPage","@id":"https:\/\/www.lacoifferie.ch\/?p=18430","url":"https:\/\/www.lacoifferie.ch\/?p=18430","name":"Nos apprentis r\u00e9ussissent leurs examens !!! - La Coifferie par V\u00e9ronique Buchs - salon de coiffure \u00e0 Vevey","isPartOf":{"@id":"https:\/\/www.lacoifferie.ch\/#website"},"primaryImageOfPage":{"@id":"https:\/\/www.lacoifferie.ch\/?p=18430#primaryimage"},"image":{"@id":"https:\/\/www.lacoifferie.ch\/?p=18430#primaryimage"},"thumbnailUrl":"https:\/\/www.lacoifferie.ch\/new\/wp-content\/uploads\/2016\/07\/banner.jpg","datePublished":"2016-07-04T06:15:08+00:00","dateModified":"2016-07-05T13:42:22+00:00","breadcrumb":{"@id":"https:\/\/www.lacoifferie.ch\/?p=18430#breadcrumb"},"inLanguage":"fr-FR","potentialAction":[{"@type":"ReadAction","target":["https:\/\/www.lacoifferie.ch\/?p=18430"]}]},{"@type":"ImageObject","inLanguage":"fr-FR","@id":"https:\/\/www.lacoifferie.ch\/?p=18430#primaryimage","url":"https:\/\/www.lacoifferie.ch\/new\/wp-content\/uploads\/2016\/07\/banner.jpg","contentUrl":"https:\/\/www.lacoifferie.ch\/new\/wp-content\/uploads\/2016\/07\/banner.jpg","width":856,"height":305},{"@type":"BreadcrumbList","@id":"https:\/\/www.lacoifferie.ch\/?p=18430#breadcrumb","itemListElement":[{"@type":"ListItem","position":1,"name":"Accueil","item":"https:\/\/www.lacoifferie.ch\/"},{"@type":"ListItem","position":2,"name":"Nos apprentis r\u00e9ussissent leurs examens !!!"}]},{"@type":"WebSite","@id":"https:\/\/www.lacoifferie.ch\/#website","url":"https:\/\/www.lacoifferie.ch\/","name":"La Coifferie par V\u00e9ronique Buchs - salon de coiffure \u00e0 Vevey","description":"Pour votre bien \u00eatre ...","publisher":{"@id":"https:\/\/www.lacoifferie.ch\/#organization"},"potentialAction":[{"@type":"SearchAction","target":{"@type":"EntryPoint","urlTemplate":"https:\/\/www.lacoifferie.ch\/?s={search_term_string}"},"query-input":{"@type":"PropertyValueSpecification","valueRequired":true,"valueName":"search_term_string"}}],"inLanguage":"fr-FR"},{"@type":"Organization","@id":"https:\/\/www.lacoifferie.ch\/#organization","name":"La Coifferie par V\u00e9ronique Buchs - salon de coiffure \u00e0 Vevey","url":"https:\/\/www.lacoifferie.ch\/","logo":{"@type":"ImageObject","inLanguage":"fr-FR","@id":"https:\/\/www.lacoifferie.ch\/#\/schema\/logo\/image\/","url":"https:\/\/www.lacoifferie.ch\/new\/wp-content\/uploads\/2014\/09\/logo2017_black-1.png","contentUrl":"https:\/\/www.lacoifferie.ch\/new\/wp-content\/uploads\/2014\/09\/logo2017_black-1.png","width":376,"height":190,"caption":"La Coifferie par V\u00e9ronique Buchs - salon de coiffure \u00e0 Vevey"},"image":{"@id":"https:\/\/www.lacoifferie.ch\/#\/schema\/logo\/image\/"},"sameAs":["https:\/\/www.facebook.com\/lacoifferievevey","https:\/\/www.instagram.com\/lacoifferievevey\/"]},{"@type":"Person","@id":"https:\/\/www.lacoifferie.ch\/#\/schema\/person\/f29f7fa0af92315442d1c512255e9c38","name":"Luca Carmagnola","image":{"@type":"ImageObject","inLanguage":"fr-FR","@id":"https:\/\/www.lacoifferie.ch\/#\/schema\/person\/image\/","url":"https:\/\/secure.gravatar.com\/avatar\/774b97a236576c6cd100e82452aeb7f3a9fcfe500434645d2ad3dda557f6980e?s=96&d=mm&r=g","contentUrl":"https:\/\/secure.gravatar.com\/avatar\/774b97a236576c6cd100e82452aeb7f3a9fcfe500434645d2ad3dda557f6980e?s=96&d=mm&r=g","caption":"Luca Carmagnola"},"url":"https:\/\/www.lacoifferie.ch\/?author=3"}]}},"_links":{"self":[{"href":"https:\/\/www.lacoifferie.ch\/index.php?rest_route=\/wp\/v2\/posts\/18430","targetHints":{"allow":["GET"]}}],"collection":[{"href":"https:\/\/www.lacoifferie.ch\/index.php?rest_route=\/wp\/v2\/posts"}],"about":[{"href":"https:\/\/www.lacoifferie.ch\/index.php?rest_route=\/wp\/v2\/types\/post"}],"author":[{"embeddable":true,"href":"https:\/\/www.lacoifferie.ch\/index.php?rest_route=\/wp\/v2\/users\/3"}],"replies":[{"embeddable":true,"href":"https:\/\/www.lacoifferie.ch\/index.php?rest_route=%2Fwp%2Fv2%2Fcomments&post=18430"}],"version-history":[{"count":5,"href":"https:\/\/www.lacoifferie.ch\/index.php?rest_route=\/wp\/v2\/posts\/18430\/revisions"}],"predecessor-version":[{"id":18445,"href":"https:\/\/www.lacoifferie.ch\/index.php?rest_route=\/wp\/v2\/posts\/18430\/revisions\/18445"}],"wp:featuredmedia":[{"embeddable":true,"href":"https:\/\/www.lacoifferie.ch\/index.php?rest_route=\/wp\/v2\/media\/18431"}],"wp:attachment":[{"href":"https:\/\/www.lacoifferie.ch\/index.php?rest_route=%2Fwp%2Fv2%2Fmedia&parent=18430"}],"wp:term":[{"taxonomy":"category","embeddable":true,"href":"https:\/\/www.lacoifferie.ch\/index.php?rest_route=%2Fwp%2Fv2%2Fcategories&post=18430"},{"taxonomy":"post_tag","embeddable":true,"href":"https:\/\/www.lacoifferie.ch\/index.php?rest_route=%2Fwp%2Fv2%2Ftags&post=18430"}],"curies":[{"name":"wp","href":"https:\/\/api.w.org\/{rel}","templated":true}]}}