{"id":18843,"date":"2017-05-03T13:29:22","date_gmt":"2017-05-03T11:29:22","guid":{"rendered":"https:\/\/www.lacoifferie.ch\/?p=18843"},"modified":"2017-11-28T13:38:43","modified_gmt":"2017-11-28T11:38:43","slug":"stephanie-a-paris-pour-un-cours-de-technique-de-coupe-tonyguy-2","status":"publish","type":"post","link":"https:\/\/www.lacoifferie.ch\/?p=18843","title":{"rendered":"Alexia \u00e0 Paris pour un cours de technique de coupe Tony&#038;Guy"},"content":{"rendered":"<div class=\"wpb-content-wrapper\"><div class=\"vc_row wpb_row section \" style=' text-align:left;'><div class=\" full_section_inner clearfix\"><div class=\"wpb_column vc_column_container vc_col-sm-12\"><div class=\"vc_column-inner\"><div class=\"wpb_wrapper\">\n\t<div class=\"wpb_text_column wpb_content_element \">\n\t\t<div class=\"wpb_wrapper\">\n\t\t\t<p><span class=\"notranslate\">Comme vous le savez, <strong><em>La Coifferie<\/em><\/strong> propose r\u00e9guli\u00e8rement de cours de perfectionnement \u00e0 ses coiffeurs et coiffeuses <\/span>pour r\u00e9pondre \u00e0 sa client\u00e8le des plus exigeante.<\/p>\n<p><strong><em>Alexia<\/em><\/strong> s&rsquo;est donc rendue\u00a0\u00e0 <strong><em>Paris<\/em><\/strong> pour suivre un cours de <span style=\"text-decoration: underline;\">technique de coupe <strong>Tony&amp;Guy Future Fondation<\/strong><\/span>.<\/p>\n<p><strong><em>\u00ab\u00a0De retour apr\u00e8s ces 3 jours de cours intensifs de techniques de coupe , je me r\u00e9jouis de mettre en pratique tout ce que j&rsquo; y ai appris !C&rsquo;\u00e9tait juste un week-end incroyable !!!\u00a0<\/em><\/strong><strong><em>Alexia<\/em><\/strong><\/p>\n<p><span class=\"notranslate\">\u00ab\u00a0Une compr\u00e9hension approfondie des techniques de coupe classique est fondamentale pour tous les coiffeurs.<\/span> <span class=\"notranslate\"> Le cours FONDATION fournit une structure pr\u00e9cise sur laquelle toutes les techniques avanc\u00e9es sont fond\u00e9es et nous croyons que la ma\u00eetrise de ces techniques est primordiale.\u00a0\u00bb <strong>T&amp;G<\/strong><br \/>\n<\/span><\/p>\n\n\t\t<\/div> \n\t<\/div> <\/div><\/div><\/div><\/div><\/div><div     class=\"vc_row wpb_row section \" style=' text-align:left;'><div class=\" full_section_inner clearfix\"><div class=\"wpb_column vc_column_container vc_col-sm-12\"><div class=\"vc_column-inner\"><div class=\"wpb_wrapper\"><div class=\"wpb_gallery wpb_content_element vc_clearfix\"><div class=\"wpb_wrapper\"><h2 class=\"wpb_heading wpb_gallery_heading\">Quelques photos du cours ...<\/h2><div class=\"wpb_gallery_slides wpb_image_grid\" data-interval=\"3\"><div class=\"gallery_holder\"><ul class=\"gallery_inner v5\"><li class=\"no_grayscale\"><a class=\"prettyphoto\" href=\"https:\/\/www.lacoifferie.ch\/new\/wp-content\/uploads\/2015\/04\/stephanie_Paris-020.jpg\" data-rel=\"prettyPhoto[rel-18843-3300113754]\"><span class=\"q_gallery_slider\" data-image_title=\"alexia_Paris-020\" data-image_caption=\"Paris, ville lumi\u00e8re\" data-image_url=\"\" data-image_url_target=\"\"><img loading=\"lazy\" decoding=\"async\" width=\"150\" height=\"150\" src=\"https:\/\/www.lacoifferie.ch\/new\/wp-content\/uploads\/2015\/04\/stephanie_Paris-020-150x150.jpg\" class=\"attachment-thumbnail\" alt=\"\" title=\"alexia_Paris-020\" srcset=\"https:\/\/www.lacoifferie.ch\/new\/wp-content\/uploads\/2015\/04\/stephanie_Paris-020-150x150.jpg 150w, https:\/\/www.lacoifferie.ch\/new\/wp-content\/uploads\/2015\/04\/stephanie_Paris-020-85x85.jpg 85w\" sizes=\"auto, (max-width: 150px) 100vw, 150px\" \/><\/span><\/a><\/li><li class=\"no_grayscale\"><a class=\"prettyphoto\" href=\"https:\/\/www.lacoifferie.ch\/new\/wp-content\/uploads\/2017\/11\/18198636_1161297197314666_6950206844672668399_n.jpg\" data-rel=\"prettyPhoto[rel-18843-3300113754]\"><span class=\"q_gallery_slider\" data-image_title=\"alexia_Paris-04\" data-image_caption=\"\" data-image_url=\"\" data-image_url_target=\"\"><img loading=\"lazy\" decoding=\"async\" width=\"150\" height=\"150\" src=\"https:\/\/www.lacoifferie.ch\/new\/wp-content\/uploads\/2017\/11\/18198636_1161297197314666_6950206844672668399_n-150x150.jpg\" class=\"attachment-thumbnail\" alt=\"\" title=\"alexia_Paris-04\" srcset=\"https:\/\/www.lacoifferie.ch\/new\/wp-content\/uploads\/2017\/11\/18198636_1161297197314666_6950206844672668399_n-150x150.jpg 150w, https:\/\/www.lacoifferie.ch\/new\/wp-content\/uploads\/2017\/11\/18198636_1161297197314666_6950206844672668399_n-85x85.jpg 85w, https:\/\/www.lacoifferie.ch\/new\/wp-content\/uploads\/2017\/11\/18198636_1161297197314666_6950206844672668399_n-550x550.jpg 550w\" sizes=\"auto, (max-width: 150px) 100vw, 150px\" \/><\/span><\/a><\/li><li class=\"no_grayscale\"><a class=\"prettyphoto\" href=\"https:\/\/www.lacoifferie.ch\/new\/wp-content\/uploads\/2017\/11\/18199413_1161297140648005_7059483138439793187_n.jpg\" data-rel=\"prettyPhoto[rel-18843-3300113754]\"><span class=\"q_gallery_slider\" data-image_title=\"alexia_Paris-03\" data-image_caption=\"\" data-image_url=\"\" data-image_url_target=\"\"><img loading=\"lazy\" decoding=\"async\" width=\"150\" height=\"150\" src=\"https:\/\/www.lacoifferie.ch\/new\/wp-content\/uploads\/2017\/11\/18199413_1161297140648005_7059483138439793187_n-150x150.jpg\" class=\"attachment-thumbnail\" alt=\"\" title=\"alexia_Paris-03\" srcset=\"https:\/\/www.lacoifferie.ch\/new\/wp-content\/uploads\/2017\/11\/18199413_1161297140648005_7059483138439793187_n-150x150.jpg 150w, https:\/\/www.lacoifferie.ch\/new\/wp-content\/uploads\/2017\/11\/18199413_1161297140648005_7059483138439793187_n-85x85.jpg 85w, https:\/\/www.lacoifferie.ch\/new\/wp-content\/uploads\/2017\/11\/18199413_1161297140648005_7059483138439793187_n-550x550.jpg 550w\" sizes=\"auto, (max-width: 150px) 100vw, 150px\" \/><\/span><\/a><\/li><li class=\"no_grayscale\"><a class=\"prettyphoto\" href=\"https:\/\/www.lacoifferie.ch\/new\/wp-content\/uploads\/2017\/11\/18221884_1161297143981338_1675684918060488840_n.jpg\" data-rel=\"prettyPhoto[rel-18843-3300113754]\"><span class=\"q_gallery_slider\" data-image_title=\"18221884_1161297143981338_1675684918060488840_n\" data-image_caption=\"\" data-image_url=\"\" data-image_url_target=\"\"><img loading=\"lazy\" decoding=\"async\" width=\"150\" height=\"150\" src=\"https:\/\/www.lacoifferie.ch\/new\/wp-content\/uploads\/2017\/11\/18221884_1161297143981338_1675684918060488840_n-150x150.jpg\" class=\"attachment-thumbnail\" alt=\"\" title=\"18221884_1161297143981338_1675684918060488840_n\" srcset=\"https:\/\/www.lacoifferie.ch\/new\/wp-content\/uploads\/2017\/11\/18221884_1161297143981338_1675684918060488840_n-150x150.jpg 150w, https:\/\/www.lacoifferie.ch\/new\/wp-content\/uploads\/2017\/11\/18221884_1161297143981338_1675684918060488840_n-85x85.jpg 85w, https:\/\/www.lacoifferie.ch\/new\/wp-content\/uploads\/2017\/11\/18221884_1161297143981338_1675684918060488840_n-550x550.jpg 550w\" sizes=\"auto, (max-width: 150px) 100vw, 150px\" \/><\/span><\/a><\/li><li class=\"no_grayscale\"><a class=\"prettyphoto\" href=\"https:\/\/www.lacoifferie.ch\/new\/wp-content\/uploads\/2017\/11\/18274983_1161297160648003_4651089597359848688_n.jpg\" data-rel=\"prettyPhoto[rel-18843-3300113754]\"><span class=\"q_gallery_slider\" data-image_title=\"alexia_Paris-02\" data-image_caption=\"\" data-image_url=\"\" data-image_url_target=\"\"><img loading=\"lazy\" decoding=\"async\" width=\"150\" height=\"150\" src=\"https:\/\/www.lacoifferie.ch\/new\/wp-content\/uploads\/2017\/11\/18274983_1161297160648003_4651089597359848688_n-150x150.jpg\" class=\"attachment-thumbnail\" alt=\"\" title=\"alexia_Paris-02\" srcset=\"https:\/\/www.lacoifferie.ch\/new\/wp-content\/uploads\/2017\/11\/18274983_1161297160648003_4651089597359848688_n-150x150.jpg 150w, https:\/\/www.lacoifferie.ch\/new\/wp-content\/uploads\/2017\/11\/18274983_1161297160648003_4651089597359848688_n-85x85.jpg 85w, https:\/\/www.lacoifferie.ch\/new\/wp-content\/uploads\/2017\/11\/18274983_1161297160648003_4651089597359848688_n-550x550.jpg 550w\" sizes=\"auto, (max-width: 150px) 100vw, 150px\" \/><\/span><\/a><\/li><\/ul><\/div><\/div><\/div><\/div><\/div><\/div><\/div><\/div><\/div>\n<\/div>","protected":false},"excerpt":{"rendered":"Comme vous le savez, La Coifferie propose r\u00e9guli\u00e8rement de cours de perfectionnement \u00e0 ses coiffeurs et coiffeuses pour r\u00e9pondre \u00e0 sa client\u00e8le des plus exigeante. Alexia s'est donc rendue\u00a0\u00e0 Paris pour suivre un cours de technique de coupe Tony&amp;Guy Future Fondation. \"De retour apr\u00e8s ces...","protected":false},"author":3,"featured_media":18062,"comment_status":"open","ping_status":"open","sticky":false,"template":"","format":"standard","meta":{"footnotes":""},"categories":[104,102,106,128,324],"tags":[344,335,138,327,326,133,134,328,140,325,137,97],"class_list":["post-18843","post","type-post","status-publish","format-standard","has-post-thumbnail","hentry","category-blog-la-coifferie","category-la-coifferie","category-le-salon","category-technique","category-tonyguy","tag-344","tag-alexia","tag-buchs","tag-coupe","tag-cours","tag-la-coifferie-2","tag-team","tag-technique","tag-tendances","tag-tonyguy","tag-veronique","tag-vevey"],"yoast_head":"<!-- This site is optimized with the Yoast SEO plugin v27.1.1 - https:\/\/yoast.com\/product\/yoast-seo-wordpress\/ -->\n<title>Alexia \u00e0 Paris pour un cours de technique de coupe Tony&amp;Guy - La Coifferie par V\u00e9ronique Buchs - salon de coiffure \u00e0 Vevey<\/title>\n<meta name=\"robots\" content=\"index, follow, max-snippet:-1, max-image-preview:large, max-video-preview:-1\" \/>\n<link rel=\"canonical\" href=\"https:\/\/www.lacoifferie.ch\/?p=18843\" \/>\n<meta property=\"og:locale\" content=\"fr_FR\" \/>\n<meta property=\"og:type\" content=\"article\" \/>\n<meta property=\"og:title\" content=\"Alexia \u00e0 Paris pour un cours de technique de coupe Tony&amp;Guy - La Coifferie par V\u00e9ronique Buchs - salon de coiffure \u00e0 Vevey\" \/>\n<meta property=\"og:url\" content=\"https:\/\/www.lacoifferie.ch\/?p=18843\" \/>\n<meta property=\"og:site_name\" content=\"La Coifferie par V\u00e9ronique Buchs - salon de coiffure \u00e0 Vevey\" \/>\n<meta property=\"article:publisher\" content=\"https:\/\/www.facebook.com\/lacoifferievevey\" \/>\n<meta property=\"article:published_time\" content=\"2017-05-03T11:29:22+00:00\" \/>\n<meta property=\"article:modified_time\" content=\"2017-11-28T11:38:43+00:00\" \/>\n<meta property=\"og:image\" content=\"https:\/\/www.lacoifferie.ch\/new\/wp-content\/uploads\/2015\/04\/logo_ToniGuy.jpg\" \/>\n\t<meta property=\"og:image:width\" content=\"1250\" \/>\n\t<meta property=\"og:image:height\" content=\"515\" \/>\n\t<meta property=\"og:image:type\" content=\"image\/jpeg\" \/>\n<meta name=\"author\" content=\"Luca Carmagnola\" \/>\n<meta name=\"twitter:card\" content=\"summary_large_image\" \/>\n<meta name=\"twitter:label1\" content=\"\u00c9crit par\" \/>\n\t<meta name=\"twitter:data1\" content=\"Luca Carmagnola\" \/>\n\t<meta name=\"twitter:label2\" content=\"Dur\u00e9e de lecture estim\u00e9e\" \/>\n\t<meta name=\"twitter:data2\" content=\"1 minute\" \/>\n<script type=\"application\/ld+json\" class=\"yoast-schema-graph\">{\"@context\":\"https:\/\/schema.org\",\"@graph\":[{\"@type\":\"Article\",\"@id\":\"https:\/\/www.lacoifferie.ch\/?p=18843#article\",\"isPartOf\":{\"@id\":\"https:\/\/www.lacoifferie.ch\/?p=18843\"},\"author\":{\"name\":\"Luca Carmagnola\",\"@id\":\"https:\/\/www.lacoifferie.ch\/#\/schema\/person\/f29f7fa0af92315442d1c512255e9c38\"},\"headline\":\"Alexia \u00e0 Paris pour un cours de technique de coupe Tony&#038;Guy\",\"datePublished\":\"2017-05-03T11:29:22+00:00\",\"dateModified\":\"2017-11-28T11:38:43+00:00\",\"mainEntityOfPage\":{\"@id\":\"https:\/\/www.lacoifferie.ch\/?p=18843\"},\"wordCount\":205,\"commentCount\":0,\"publisher\":{\"@id\":\"https:\/\/www.lacoifferie.ch\/#organization\"},\"image\":{\"@id\":\"https:\/\/www.lacoifferie.ch\/?p=18843#primaryimage\"},\"thumbnailUrl\":\"https:\/\/www.lacoifferie.ch\/new\/wp-content\/uploads\/2015\/04\/logo_ToniGuy.jpg\",\"keywords\":[\"2017\",\"alexia\",\"buchs\",\"coupe\",\"cours\",\"la coifferie\",\"team\",\"technique\",\"tendances\",\"tony&amp;guy\",\"v\u00e9ronique\",\"vevey\"],\"articleSection\":[\"Blog\",\"La Coifferie\",\"Le Salon\",\"Technique\",\"Tony&amp;Guy\"],\"inLanguage\":\"fr-FR\",\"potentialAction\":[{\"@type\":\"CommentAction\",\"name\":\"Comment\",\"target\":[\"https:\/\/www.lacoifferie.ch\/?p=18843#respond\"]}]},{\"@type\":\"WebPage\",\"@id\":\"https:\/\/www.lacoifferie.ch\/?p=18843\",\"url\":\"https:\/\/www.lacoifferie.ch\/?p=18843\",\"name\":\"Alexia \u00e0 Paris pour un cours de technique de coupe Tony&Guy - La Coifferie par V\u00e9ronique Buchs - salon de coiffure \u00e0 Vevey\",\"isPartOf\":{\"@id\":\"https:\/\/www.lacoifferie.ch\/#website\"},\"primaryImageOfPage\":{\"@id\":\"https:\/\/www.lacoifferie.ch\/?p=18843#primaryimage\"},\"image\":{\"@id\":\"https:\/\/www.lacoifferie.ch\/?p=18843#primaryimage\"},\"thumbnailUrl\":\"https:\/\/www.lacoifferie.ch\/new\/wp-content\/uploads\/2015\/04\/logo_ToniGuy.jpg\",\"datePublished\":\"2017-05-03T11:29:22+00:00\",\"dateModified\":\"2017-11-28T11:38:43+00:00\",\"breadcrumb\":{\"@id\":\"https:\/\/www.lacoifferie.ch\/?p=18843#breadcrumb\"},\"inLanguage\":\"fr-FR\",\"potentialAction\":[{\"@type\":\"ReadAction\",\"target\":[\"https:\/\/www.lacoifferie.ch\/?p=18843\"]}]},{\"@type\":\"ImageObject\",\"inLanguage\":\"fr-FR\",\"@id\":\"https:\/\/www.lacoifferie.ch\/?p=18843#primaryimage\",\"url\":\"https:\/\/www.lacoifferie.ch\/new\/wp-content\/uploads\/2015\/04\/logo_ToniGuy.jpg\",\"contentUrl\":\"https:\/\/www.lacoifferie.ch\/new\/wp-content\/uploads\/2015\/04\/logo_ToniGuy.jpg\",\"width\":1250,\"height\":515},{\"@type\":\"BreadcrumbList\",\"@id\":\"https:\/\/www.lacoifferie.ch\/?p=18843#breadcrumb\",\"itemListElement\":[{\"@type\":\"ListItem\",\"position\":1,\"name\":\"Accueil\",\"item\":\"https:\/\/www.lacoifferie.ch\/\"},{\"@type\":\"ListItem\",\"position\":2,\"name\":\"Alexia \u00e0 Paris pour un cours de technique de coupe Tony&#038;Guy\"}]},{\"@type\":\"WebSite\",\"@id\":\"https:\/\/www.lacoifferie.ch\/#website\",\"url\":\"https:\/\/www.lacoifferie.ch\/\",\"name\":\"La Coifferie par V\u00e9ronique Buchs - salon de coiffure \u00e0 Vevey\",\"description\":\"Pour votre bien \u00eatre ...\",\"publisher\":{\"@id\":\"https:\/\/www.lacoifferie.ch\/#organization\"},\"potentialAction\":[{\"@type\":\"SearchAction\",\"target\":{\"@type\":\"EntryPoint\",\"urlTemplate\":\"https:\/\/www.lacoifferie.ch\/?s={search_term_string}\"},\"query-input\":{\"@type\":\"PropertyValueSpecification\",\"valueRequired\":true,\"valueName\":\"search_term_string\"}}],\"inLanguage\":\"fr-FR\"},{\"@type\":\"Organization\",\"@id\":\"https:\/\/www.lacoifferie.ch\/#organization\",\"name\":\"La Coifferie par V\u00e9ronique Buchs - salon de coiffure \u00e0 Vevey\",\"url\":\"https:\/\/www.lacoifferie.ch\/\",\"logo\":{\"@type\":\"ImageObject\",\"inLanguage\":\"fr-FR\",\"@id\":\"https:\/\/www.lacoifferie.ch\/#\/schema\/logo\/image\/\",\"url\":\"https:\/\/www.lacoifferie.ch\/new\/wp-content\/uploads\/2014\/09\/logo2017_black-1.png\",\"contentUrl\":\"https:\/\/www.lacoifferie.ch\/new\/wp-content\/uploads\/2014\/09\/logo2017_black-1.png\",\"width\":376,\"height\":190,\"caption\":\"La Coifferie par V\u00e9ronique Buchs - salon de coiffure \u00e0 Vevey\"},\"image\":{\"@id\":\"https:\/\/www.lacoifferie.ch\/#\/schema\/logo\/image\/\"},\"sameAs\":[\"https:\/\/www.facebook.com\/lacoifferievevey\",\"https:\/\/www.instagram.com\/lacoifferievevey\/\"]},{\"@type\":\"Person\",\"@id\":\"https:\/\/www.lacoifferie.ch\/#\/schema\/person\/f29f7fa0af92315442d1c512255e9c38\",\"name\":\"Luca Carmagnola\",\"image\":{\"@type\":\"ImageObject\",\"inLanguage\":\"fr-FR\",\"@id\":\"https:\/\/www.lacoifferie.ch\/#\/schema\/person\/image\/\",\"url\":\"https:\/\/secure.gravatar.com\/avatar\/774b97a236576c6cd100e82452aeb7f3a9fcfe500434645d2ad3dda557f6980e?s=96&d=mm&r=g\",\"contentUrl\":\"https:\/\/secure.gravatar.com\/avatar\/774b97a236576c6cd100e82452aeb7f3a9fcfe500434645d2ad3dda557f6980e?s=96&d=mm&r=g\",\"caption\":\"Luca Carmagnola\"},\"url\":\"https:\/\/www.lacoifferie.ch\/?author=3\"}]}<\/script>\n<!-- \/ Yoast SEO plugin. -->","yoast_head_json":{"title":"Alexia \u00e0 Paris pour un cours de technique de coupe Tony&Guy - La Coifferie par V\u00e9ronique Buchs - salon de coiffure \u00e0 Vevey","robots":{"index":"index","follow":"follow","max-snippet":"max-snippet:-1","max-image-preview":"max-image-preview:large","max-video-preview":"max-video-preview:-1"},"canonical":"https:\/\/www.lacoifferie.ch\/?p=18843","og_locale":"fr_FR","og_type":"article","og_title":"Alexia \u00e0 Paris pour un cours de technique de coupe Tony&Guy - La Coifferie par V\u00e9ronique Buchs - salon de coiffure \u00e0 Vevey","og_url":"https:\/\/www.lacoifferie.ch\/?p=18843","og_site_name":"La Coifferie par V\u00e9ronique Buchs - salon de coiffure \u00e0 Vevey","article_publisher":"https:\/\/www.facebook.com\/lacoifferievevey","article_published_time":"2017-05-03T11:29:22+00:00","article_modified_time":"2017-11-28T11:38:43+00:00","og_image":[{"width":1250,"height":515,"url":"https:\/\/www.lacoifferie.ch\/new\/wp-content\/uploads\/2015\/04\/logo_ToniGuy.jpg","type":"image\/jpeg"}],"author":"Luca Carmagnola","twitter_card":"summary_large_image","twitter_misc":{"\u00c9crit par":"Luca Carmagnola","Dur\u00e9e de lecture estim\u00e9e":"1 minute"},"schema":{"@context":"https:\/\/schema.org","@graph":[{"@type":"Article","@id":"https:\/\/www.lacoifferie.ch\/?p=18843#article","isPartOf":{"@id":"https:\/\/www.lacoifferie.ch\/?p=18843"},"author":{"name":"Luca Carmagnola","@id":"https:\/\/www.lacoifferie.ch\/#\/schema\/person\/f29f7fa0af92315442d1c512255e9c38"},"headline":"Alexia \u00e0 Paris pour un cours de technique de coupe Tony&#038;Guy","datePublished":"2017-05-03T11:29:22+00:00","dateModified":"2017-11-28T11:38:43+00:00","mainEntityOfPage":{"@id":"https:\/\/www.lacoifferie.ch\/?p=18843"},"wordCount":205,"commentCount":0,"publisher":{"@id":"https:\/\/www.lacoifferie.ch\/#organization"},"image":{"@id":"https:\/\/www.lacoifferie.ch\/?p=18843#primaryimage"},"thumbnailUrl":"https:\/\/www.lacoifferie.ch\/new\/wp-content\/uploads\/2015\/04\/logo_ToniGuy.jpg","keywords":["2017","alexia","buchs","coupe","cours","la coifferie","team","technique","tendances","tony&amp;guy","v\u00e9ronique","vevey"],"articleSection":["Blog","La Coifferie","Le Salon","Technique","Tony&amp;Guy"],"inLanguage":"fr-FR","potentialAction":[{"@type":"CommentAction","name":"Comment","target":["https:\/\/www.lacoifferie.ch\/?p=18843#respond"]}]},{"@type":"WebPage","@id":"https:\/\/www.lacoifferie.ch\/?p=18843","url":"https:\/\/www.lacoifferie.ch\/?p=18843","name":"Alexia \u00e0 Paris pour un cours de technique de coupe Tony&Guy - La Coifferie par V\u00e9ronique Buchs - salon de coiffure \u00e0 Vevey","isPartOf":{"@id":"https:\/\/www.lacoifferie.ch\/#website"},"primaryImageOfPage":{"@id":"https:\/\/www.lacoifferie.ch\/?p=18843#primaryimage"},"image":{"@id":"https:\/\/www.lacoifferie.ch\/?p=18843#primaryimage"},"thumbnailUrl":"https:\/\/www.lacoifferie.ch\/new\/wp-content\/uploads\/2015\/04\/logo_ToniGuy.jpg","datePublished":"2017-05-03T11:29:22+00:00","dateModified":"2017-11-28T11:38:43+00:00","breadcrumb":{"@id":"https:\/\/www.lacoifferie.ch\/?p=18843#breadcrumb"},"inLanguage":"fr-FR","potentialAction":[{"@type":"ReadAction","target":["https:\/\/www.lacoifferie.ch\/?p=18843"]}]},{"@type":"ImageObject","inLanguage":"fr-FR","@id":"https:\/\/www.lacoifferie.ch\/?p=18843#primaryimage","url":"https:\/\/www.lacoifferie.ch\/new\/wp-content\/uploads\/2015\/04\/logo_ToniGuy.jpg","contentUrl":"https:\/\/www.lacoifferie.ch\/new\/wp-content\/uploads\/2015\/04\/logo_ToniGuy.jpg","width":1250,"height":515},{"@type":"BreadcrumbList","@id":"https:\/\/www.lacoifferie.ch\/?p=18843#breadcrumb","itemListElement":[{"@type":"ListItem","position":1,"name":"Accueil","item":"https:\/\/www.lacoifferie.ch\/"},{"@type":"ListItem","position":2,"name":"Alexia \u00e0 Paris pour un cours de technique de coupe Tony&#038;Guy"}]},{"@type":"WebSite","@id":"https:\/\/www.lacoifferie.ch\/#website","url":"https:\/\/www.lacoifferie.ch\/","name":"La Coifferie par V\u00e9ronique Buchs - salon de coiffure \u00e0 Vevey","description":"Pour votre bien \u00eatre ...","publisher":{"@id":"https:\/\/www.lacoifferie.ch\/#organization"},"potentialAction":[{"@type":"SearchAction","target":{"@type":"EntryPoint","urlTemplate":"https:\/\/www.lacoifferie.ch\/?s={search_term_string}"},"query-input":{"@type":"PropertyValueSpecification","valueRequired":true,"valueName":"search_term_string"}}],"inLanguage":"fr-FR"},{"@type":"Organization","@id":"https:\/\/www.lacoifferie.ch\/#organization","name":"La Coifferie par V\u00e9ronique Buchs - salon de coiffure \u00e0 Vevey","url":"https:\/\/www.lacoifferie.ch\/","logo":{"@type":"ImageObject","inLanguage":"fr-FR","@id":"https:\/\/www.lacoifferie.ch\/#\/schema\/logo\/image\/","url":"https:\/\/www.lacoifferie.ch\/new\/wp-content\/uploads\/2014\/09\/logo2017_black-1.png","contentUrl":"https:\/\/www.lacoifferie.ch\/new\/wp-content\/uploads\/2014\/09\/logo2017_black-1.png","width":376,"height":190,"caption":"La Coifferie par V\u00e9ronique Buchs - salon de coiffure \u00e0 Vevey"},"image":{"@id":"https:\/\/www.lacoifferie.ch\/#\/schema\/logo\/image\/"},"sameAs":["https:\/\/www.facebook.com\/lacoifferievevey","https:\/\/www.instagram.com\/lacoifferievevey\/"]},{"@type":"Person","@id":"https:\/\/www.lacoifferie.ch\/#\/schema\/person\/f29f7fa0af92315442d1c512255e9c38","name":"Luca Carmagnola","image":{"@type":"ImageObject","inLanguage":"fr-FR","@id":"https:\/\/www.lacoifferie.ch\/#\/schema\/person\/image\/","url":"https:\/\/secure.gravatar.com\/avatar\/774b97a236576c6cd100e82452aeb7f3a9fcfe500434645d2ad3dda557f6980e?s=96&d=mm&r=g","contentUrl":"https:\/\/secure.gravatar.com\/avatar\/774b97a236576c6cd100e82452aeb7f3a9fcfe500434645d2ad3dda557f6980e?s=96&d=mm&r=g","caption":"Luca Carmagnola"},"url":"https:\/\/www.lacoifferie.ch\/?author=3"}]}},"_links":{"self":[{"href":"https:\/\/www.lacoifferie.ch\/index.php?rest_route=\/wp\/v2\/posts\/18843","targetHints":{"allow":["GET"]}}],"collection":[{"href":"https:\/\/www.lacoifferie.ch\/index.php?rest_route=\/wp\/v2\/posts"}],"about":[{"href":"https:\/\/www.lacoifferie.ch\/index.php?rest_route=\/wp\/v2\/types\/post"}],"author":[{"embeddable":true,"href":"https:\/\/www.lacoifferie.ch\/index.php?rest_route=\/wp\/v2\/users\/3"}],"replies":[{"embeddable":true,"href":"https:\/\/www.lacoifferie.ch\/index.php?rest_route=%2Fwp%2Fv2%2Fcomments&post=18843"}],"version-history":[{"count":1,"href":"https:\/\/www.lacoifferie.ch\/index.php?rest_route=\/wp\/v2\/posts\/18843\/revisions"}],"predecessor-version":[{"id":18848,"href":"https:\/\/www.lacoifferie.ch\/index.php?rest_route=\/wp\/v2\/posts\/18843\/revisions\/18848"}],"wp:featuredmedia":[{"embeddable":true,"href":"https:\/\/www.lacoifferie.ch\/index.php?rest_route=\/wp\/v2\/media\/18062"}],"wp:attachment":[{"href":"https:\/\/www.lacoifferie.ch\/index.php?rest_route=%2Fwp%2Fv2%2Fmedia&parent=18843"}],"wp:term":[{"taxonomy":"category","embeddable":true,"href":"https:\/\/www.lacoifferie.ch\/index.php?rest_route=%2Fwp%2Fv2%2Fcategories&post=18843"},{"taxonomy":"post_tag","embeddable":true,"href":"https:\/\/www.lacoifferie.ch\/index.php?rest_route=%2Fwp%2Fv2%2Ftags&post=18843"}],"curies":[{"name":"wp","href":"https:\/\/api.w.org\/{rel}","templated":true}]}}