{"id":18849,"date":"2017-09-10T23:39:53","date_gmt":"2017-09-10T21:39:53","guid":{"rendered":"https:\/\/www.lacoifferie.ch\/?p=18849"},"modified":"2017-11-28T14:15:18","modified_gmt":"2017-11-28T12:15:18","slug":"suivez-la-soiree-gala-colorzoom-2013-et-soutenez-vero-en-direct-de-los-angeles-2-2","status":"publish","type":"post","link":"https:\/\/www.lacoifferie.ch\/?p=18849","title":{"rendered":"ColorZoom 17 \u00e0 Barcelone avec une d\u00e9l\u00e9gation de La Coifferie !"},"content":{"rendered":"<div class=\"wpb-content-wrapper\"><div     class=\"vc_row wpb_row section \" style=' text-align:left;'><div class=\" full_section_inner clearfix\"><div class=\"wpb_column vc_column_container vc_col-sm-12\"><div class=\"vc_column-inner\"><div class=\"wpb_wrapper\">\n\t<div class=\"wpb_text_column wpb_content_element \">\n\t\t<div class=\"wpb_wrapper\">\n\t\t\t<p><span id=\"fbPhotoSnowliftCaption\" class=\"fbPhotosPhotoCaption\" tabindex=\"0\" aria-live=\"polite\" data-ft=\"{&quot;tn&quot;:&quot;K&quot;}\"><span class=\"hasCaption\">Une d\u00e9l\u00e9gation de <strong>La Coifferi<\/strong>e compos\u00e9e de <strong><em>St\u00e9phanie<\/em><\/strong>, <strong><em>V\u00e9ronique<\/em><\/strong> et <strong><em>Kevin<\/em><\/strong> s&rsquo;est rendue \u00e0 Barcelone pour assister et participer \u00e0 la grande messe organis\u00e9e par <a href=\"http:\/\/www.goldwell.ch\/\" target=\"_blank\" rel=\"noopener\"><strong>Goldwell<\/strong><\/a> et son fameux concours international : <strong>Globalzoom 17<\/strong> !<br \/>\nAu programme : 3500 coiffeurs venus du monde entier, des soir\u00e9es de folie, pr\u00e9sentation de nouvelles tendances, shows affolants et surtout une tr\u00e8s forte repr\u00e9sentation Suisse !!!<br \/>\n<a class=\"_58cn\" href=\"https:\/\/www.facebook.com\/hashtag\/iamgoldwell\" data-ft=\"{&quot;tn&quot;:&quot;*N&quot;,&quot;type&quot;:104}\">#IamGoldwell<\/a>\u00a0<a class=\"_58cn\" href=\"https:\/\/www.facebook.com\/hashtag\/globalzoom\" data-ft=\"{&quot;tn&quot;:&quot;*N&quot;,&quot;type&quot;:104}\">#Globalzoom<\/a>\u00a0<a class=\"_58cn\" href=\"https:\/\/www.facebook.com\/hashtag\/lacoifferievevey\" data-ft=\"{&quot;tn&quot;:&quot;*N&quot;,&quot;type&quot;:104}\">#lacoifferievevey<\/a><\/span><\/span><span id=\"fbPhotoSnowliftTagList\" class=\"fbPhotoTagList\"><span class=\"fcg\">\u00a0<\/span><\/span><\/p>\n\n\t\t<\/div> \n\t<\/div> \n\t<div class=\"wpb_video_widget wpb_content_element vc_clearfix   vc_video-aspect-ratio-169 vc_video-el-width-100 vc_video-align-center\" >\n\t\t<div class=\"wpb_wrapper\">\n\t\t\t\n\t\t\t<div class=\"wpb_video_wrapper\"><iframe loading=\"lazy\" title=\"Global Zoom Octobre 2017 Barcelone Teaser\" width=\"500\" height=\"281\" src=\"https:\/\/www.youtube.com\/embed\/6W8-cbjSfus?feature=oembed\" frameborder=\"0\" allow=\"accelerometer; autoplay; clipboard-write; encrypted-media; gyroscope; picture-in-picture; web-share\" referrerpolicy=\"strict-origin-when-cross-origin\" allowfullscreen><\/iframe><\/div>\n\t\t<\/div>\n\t<\/div>\n<div class=\"vc_empty_space\"   style=\"height: 32px\"><span class=\"vc_empty_space_inner\"><\/span><\/div><div class=\"wpb_gallery wpb_content_element vc_clearfix\"><div class=\"wpb_wrapper\"><div class=\"wpb_gallery_slides wpb_image_grid\" data-interval=\"3\"><div class=\"gallery_holder\"><ul class=\"gallery_inner v5\"><li class=\"no_grayscale\"><a class=\"prettyphoto\" href=\"https:\/\/www.lacoifferie.ch\/new\/wp-content\/uploads\/2017\/11\/22196424_10212255402874029_3695264773680641743_n-1.jpg\" data-rel=\"prettyPhoto[rel-18849-3524430509]\"><span class=\"q_gallery_slider\" data-image_title=\"22196424_10212255402874029_3695264773680641743_n (1)\" data-image_caption=\"\" data-image_url=\"\" data-image_url_target=\"\"><img loading=\"lazy\" decoding=\"async\" width=\"150\" height=\"150\" src=\"https:\/\/www.lacoifferie.ch\/new\/wp-content\/uploads\/2017\/11\/22196424_10212255402874029_3695264773680641743_n-1-150x150.jpg\" class=\"attachment-thumbnail\" alt=\"\" title=\"22196424_10212255402874029_3695264773680641743_n (1)\" srcset=\"https:\/\/www.lacoifferie.ch\/new\/wp-content\/uploads\/2017\/11\/22196424_10212255402874029_3695264773680641743_n-1-150x150.jpg 150w, https:\/\/www.lacoifferie.ch\/new\/wp-content\/uploads\/2017\/11\/22196424_10212255402874029_3695264773680641743_n-1-85x85.jpg 85w, https:\/\/www.lacoifferie.ch\/new\/wp-content\/uploads\/2017\/11\/22196424_10212255402874029_3695264773680641743_n-1-550x550.jpg 550w\" sizes=\"auto, (max-width: 150px) 100vw, 150px\" \/><\/span><\/a><\/li><li class=\"no_grayscale\"><a class=\"prettyphoto\" href=\"https:\/\/www.lacoifferie.ch\/new\/wp-content\/uploads\/2017\/11\/22154689_10154820600177382_5596263763883286761_n.jpg\" data-rel=\"prettyPhoto[rel-18849-3524430509]\"><span class=\"q_gallery_slider\" data-image_title=\"22154689_10154820600177382_5596263763883286761_n\" data-image_caption=\"\" data-image_url=\"\" data-image_url_target=\"\"><img loading=\"lazy\" decoding=\"async\" width=\"150\" height=\"150\" src=\"https:\/\/www.lacoifferie.ch\/new\/wp-content\/uploads\/2017\/11\/22154689_10154820600177382_5596263763883286761_n-150x150.jpg\" class=\"attachment-thumbnail\" alt=\"\" title=\"22154689_10154820600177382_5596263763883286761_n\" srcset=\"https:\/\/www.lacoifferie.ch\/new\/wp-content\/uploads\/2017\/11\/22154689_10154820600177382_5596263763883286761_n-150x150.jpg 150w, https:\/\/www.lacoifferie.ch\/new\/wp-content\/uploads\/2017\/11\/22154689_10154820600177382_5596263763883286761_n-300x300.jpg 300w, https:\/\/www.lacoifferie.ch\/new\/wp-content\/uploads\/2017\/11\/22154689_10154820600177382_5596263763883286761_n-600x600.jpg 600w, https:\/\/www.lacoifferie.ch\/new\/wp-content\/uploads\/2017\/11\/22154689_10154820600177382_5596263763883286761_n-85x85.jpg 85w, https:\/\/www.lacoifferie.ch\/new\/wp-content\/uploads\/2017\/11\/22154689_10154820600177382_5596263763883286761_n-550x550.jpg 550w, https:\/\/www.lacoifferie.ch\/new\/wp-content\/uploads\/2017\/11\/22154689_10154820600177382_5596263763883286761_n.jpg 720w\" sizes=\"auto, (max-width: 150px) 100vw, 150px\" \/><\/span><\/a><\/li><li class=\"no_grayscale\"><a class=\"prettyphoto\" href=\"https:\/\/www.lacoifferie.ch\/new\/wp-content\/uploads\/2017\/11\/csm_CZ_Challenge_20904e30db.jpg\" data-rel=\"prettyPhoto[rel-18849-3524430509]\"><span class=\"q_gallery_slider\" data-image_title=\"csm_CZ_Challenge_20904e30db\" data-image_caption=\"\" data-image_url=\"\" data-image_url_target=\"\"><img loading=\"lazy\" decoding=\"async\" width=\"150\" height=\"150\" src=\"https:\/\/www.lacoifferie.ch\/new\/wp-content\/uploads\/2017\/11\/csm_CZ_Challenge_20904e30db-150x150.jpg\" class=\"attachment-thumbnail\" alt=\"\" title=\"csm_CZ_Challenge_20904e30db\" srcset=\"https:\/\/www.lacoifferie.ch\/new\/wp-content\/uploads\/2017\/11\/csm_CZ_Challenge_20904e30db-150x150.jpg 150w, https:\/\/www.lacoifferie.ch\/new\/wp-content\/uploads\/2017\/11\/csm_CZ_Challenge_20904e30db-85x85.jpg 85w\" sizes=\"auto, (max-width: 150px) 100vw, 150px\" \/><\/span><\/a><\/li><li class=\"no_grayscale\"><a class=\"prettyphoto\" href=\"https:\/\/www.lacoifferie.ch\/new\/wp-content\/uploads\/2017\/11\/csm_CZ_Collection_94285e4c8a.jpg\" data-rel=\"prettyPhoto[rel-18849-3524430509]\"><span class=\"q_gallery_slider\" data-image_title=\"csm_CZ_Collection_94285e4c8a\" data-image_caption=\"\" data-image_url=\"\" data-image_url_target=\"\"><img loading=\"lazy\" decoding=\"async\" width=\"150\" height=\"150\" src=\"https:\/\/www.lacoifferie.ch\/new\/wp-content\/uploads\/2017\/11\/csm_CZ_Collection_94285e4c8a-150x150.jpg\" class=\"attachment-thumbnail\" alt=\"\" title=\"csm_CZ_Collection_94285e4c8a\" srcset=\"https:\/\/www.lacoifferie.ch\/new\/wp-content\/uploads\/2017\/11\/csm_CZ_Collection_94285e4c8a-150x150.jpg 150w, https:\/\/www.lacoifferie.ch\/new\/wp-content\/uploads\/2017\/11\/csm_CZ_Collection_94285e4c8a-85x85.jpg 85w\" sizes=\"auto, (max-width: 150px) 100vw, 150px\" \/><\/span><\/a><\/li><li class=\"no_grayscale\"><a class=\"prettyphoto\" href=\"https:\/\/www.lacoifferie.ch\/new\/wp-content\/uploads\/2017\/11\/22218565_10154820629292382_958374271834514625_o-1024x1024.jpg\" data-rel=\"prettyPhoto[rel-18849-3524430509]\"><span class=\"q_gallery_slider\" data-image_title=\"22218565_10154820629292382_958374271834514625_o\" data-image_caption=\"\" data-image_url=\"\" data-image_url_target=\"\"><img loading=\"lazy\" decoding=\"async\" width=\"150\" height=\"150\" src=\"https:\/\/www.lacoifferie.ch\/new\/wp-content\/uploads\/2017\/11\/22218565_10154820629292382_958374271834514625_o-150x150.jpg\" class=\"attachment-thumbnail\" alt=\"\" title=\"22218565_10154820629292382_958374271834514625_o\" srcset=\"https:\/\/www.lacoifferie.ch\/new\/wp-content\/uploads\/2017\/11\/22218565_10154820629292382_958374271834514625_o-150x150.jpg 150w, https:\/\/www.lacoifferie.ch\/new\/wp-content\/uploads\/2017\/11\/22218565_10154820629292382_958374271834514625_o-300x300.jpg 300w, https:\/\/www.lacoifferie.ch\/new\/wp-content\/uploads\/2017\/11\/22218565_10154820629292382_958374271834514625_o-768x768.jpg 768w, https:\/\/www.lacoifferie.ch\/new\/wp-content\/uploads\/2017\/11\/22218565_10154820629292382_958374271834514625_o-1024x1024.jpg 1024w, https:\/\/www.lacoifferie.ch\/new\/wp-content\/uploads\/2017\/11\/22218565_10154820629292382_958374271834514625_o-600x600.jpg 600w, https:\/\/www.lacoifferie.ch\/new\/wp-content\/uploads\/2017\/11\/22218565_10154820629292382_958374271834514625_o-85x85.jpg 85w, https:\/\/www.lacoifferie.ch\/new\/wp-content\/uploads\/2017\/11\/22218565_10154820629292382_958374271834514625_o-550x550.jpg 550w, https:\/\/www.lacoifferie.ch\/new\/wp-content\/uploads\/2017\/11\/22218565_10154820629292382_958374271834514625_o.jpg 1080w\" sizes=\"auto, (max-width: 150px) 100vw, 150px\" \/><\/span><\/a><\/li><li class=\"no_grayscale\"><a class=\"prettyphoto\" href=\"https:\/\/www.lacoifferie.ch\/new\/wp-content\/uploads\/2017\/11\/22218640_10154823290732382_8393339370181404498_o-1024x768.jpg\" data-rel=\"prettyPhoto[rel-18849-3524430509]\"><span class=\"q_gallery_slider\" data-image_title=\"22218640_10154823290732382_8393339370181404498_o\" data-image_caption=\"\" data-image_url=\"\" data-image_url_target=\"\"><img loading=\"lazy\" decoding=\"async\" width=\"150\" height=\"150\" src=\"https:\/\/www.lacoifferie.ch\/new\/wp-content\/uploads\/2017\/11\/22218640_10154823290732382_8393339370181404498_o-150x150.jpg\" class=\"attachment-thumbnail\" alt=\"\" title=\"22218640_10154823290732382_8393339370181404498_o\" srcset=\"https:\/\/www.lacoifferie.ch\/new\/wp-content\/uploads\/2017\/11\/22218640_10154823290732382_8393339370181404498_o-150x150.jpg 150w, https:\/\/www.lacoifferie.ch\/new\/wp-content\/uploads\/2017\/11\/22218640_10154823290732382_8393339370181404498_o-85x85.jpg 85w, https:\/\/www.lacoifferie.ch\/new\/wp-content\/uploads\/2017\/11\/22218640_10154823290732382_8393339370181404498_o-550x550.jpg 550w\" sizes=\"auto, (max-width: 150px) 100vw, 150px\" \/><\/span><\/a><\/li><li class=\"no_grayscale\"><a class=\"prettyphoto\" href=\"https:\/\/www.lacoifferie.ch\/new\/wp-content\/uploads\/2017\/11\/22221850_10154821471127382_7141051430158731131_n.jpg\" data-rel=\"prettyPhoto[rel-18849-3524430509]\"><span class=\"q_gallery_slider\" data-image_title=\"22221850_10154821471127382_7141051430158731131_n\" data-image_caption=\"\" data-image_url=\"\" data-image_url_target=\"\"><img loading=\"lazy\" decoding=\"async\" width=\"150\" height=\"150\" src=\"https:\/\/www.lacoifferie.ch\/new\/wp-content\/uploads\/2017\/11\/22221850_10154821471127382_7141051430158731131_n-150x150.jpg\" class=\"attachment-thumbnail\" alt=\"\" title=\"22221850_10154821471127382_7141051430158731131_n\" srcset=\"https:\/\/www.lacoifferie.ch\/new\/wp-content\/uploads\/2017\/11\/22221850_10154821471127382_7141051430158731131_n-150x150.jpg 150w, https:\/\/www.lacoifferie.ch\/new\/wp-content\/uploads\/2017\/11\/22221850_10154821471127382_7141051430158731131_n-300x300.jpg 300w, https:\/\/www.lacoifferie.ch\/new\/wp-content\/uploads\/2017\/11\/22221850_10154821471127382_7141051430158731131_n-600x600.jpg 600w, https:\/\/www.lacoifferie.ch\/new\/wp-content\/uploads\/2017\/11\/22221850_10154821471127382_7141051430158731131_n-85x85.jpg 85w, https:\/\/www.lacoifferie.ch\/new\/wp-content\/uploads\/2017\/11\/22221850_10154821471127382_7141051430158731131_n-550x550.jpg 550w, https:\/\/www.lacoifferie.ch\/new\/wp-content\/uploads\/2017\/11\/22221850_10154821471127382_7141051430158731131_n.jpg 720w\" sizes=\"auto, (max-width: 150px) 100vw, 150px\" \/><\/span><\/a><\/li><li class=\"no_grayscale\"><a class=\"prettyphoto\" href=\"https:\/\/www.lacoifferie.ch\/new\/wp-content\/uploads\/2017\/11\/22255126_10154820867747382_2341841274166860343_o-1024x1024.jpg\" data-rel=\"prettyPhoto[rel-18849-3524430509]\"><span class=\"q_gallery_slider\" data-image_title=\"22255126_10154820867747382_2341841274166860343_o\" data-image_caption=\"\" data-image_url=\"\" data-image_url_target=\"\"><img loading=\"lazy\" decoding=\"async\" width=\"150\" height=\"150\" src=\"https:\/\/www.lacoifferie.ch\/new\/wp-content\/uploads\/2017\/11\/22255126_10154820867747382_2341841274166860343_o-150x150.jpg\" class=\"attachment-thumbnail\" alt=\"\" title=\"22255126_10154820867747382_2341841274166860343_o\" srcset=\"https:\/\/www.lacoifferie.ch\/new\/wp-content\/uploads\/2017\/11\/22255126_10154820867747382_2341841274166860343_o-150x150.jpg 150w, https:\/\/www.lacoifferie.ch\/new\/wp-content\/uploads\/2017\/11\/22255126_10154820867747382_2341841274166860343_o-300x300.jpg 300w, https:\/\/www.lacoifferie.ch\/new\/wp-content\/uploads\/2017\/11\/22255126_10154820867747382_2341841274166860343_o-768x768.jpg 768w, https:\/\/www.lacoifferie.ch\/new\/wp-content\/uploads\/2017\/11\/22255126_10154820867747382_2341841274166860343_o-1024x1024.jpg 1024w, https:\/\/www.lacoifferie.ch\/new\/wp-content\/uploads\/2017\/11\/22255126_10154820867747382_2341841274166860343_o-600x600.jpg 600w, https:\/\/www.lacoifferie.ch\/new\/wp-content\/uploads\/2017\/11\/22255126_10154820867747382_2341841274166860343_o-85x85.jpg 85w, https:\/\/www.lacoifferie.ch\/new\/wp-content\/uploads\/2017\/11\/22255126_10154820867747382_2341841274166860343_o-550x550.jpg 550w, https:\/\/www.lacoifferie.ch\/new\/wp-content\/uploads\/2017\/11\/22255126_10154820867747382_2341841274166860343_o.jpg 1080w\" sizes=\"auto, (max-width: 150px) 100vw, 150px\" \/><\/span><\/a><\/li><li class=\"no_grayscale\"><a class=\"prettyphoto\" href=\"https:\/\/www.lacoifferie.ch\/new\/wp-content\/uploads\/2017\/11\/IMG_6361-768x1024.jpg\" data-rel=\"prettyPhoto[rel-18849-3524430509]\"><span class=\"q_gallery_slider\" data-image_title=\"IMG_6361\" data-image_caption=\"\" data-image_url=\"\" data-image_url_target=\"\"><img loading=\"lazy\" decoding=\"async\" width=\"150\" height=\"150\" src=\"https:\/\/www.lacoifferie.ch\/new\/wp-content\/uploads\/2017\/11\/IMG_6361-150x150.jpg\" class=\"attachment-thumbnail\" alt=\"\" title=\"IMG_6361\" srcset=\"https:\/\/www.lacoifferie.ch\/new\/wp-content\/uploads\/2017\/11\/IMG_6361-150x150.jpg 150w, https:\/\/www.lacoifferie.ch\/new\/wp-content\/uploads\/2017\/11\/IMG_6361-85x85.jpg 85w, https:\/\/www.lacoifferie.ch\/new\/wp-content\/uploads\/2017\/11\/IMG_6361-550x550.jpg 550w\" sizes=\"auto, (max-width: 150px) 100vw, 150px\" \/><\/span><\/a><\/li><li class=\"no_grayscale\"><a class=\"prettyphoto\" href=\"https:\/\/www.lacoifferie.ch\/new\/wp-content\/uploads\/2017\/11\/IMG_6402-1024x768.jpg\" data-rel=\"prettyPhoto[rel-18849-3524430509]\"><span class=\"q_gallery_slider\" data-image_title=\"IMG_6402\" data-image_caption=\"\" data-image_url=\"\" data-image_url_target=\"\"><img loading=\"lazy\" decoding=\"async\" width=\"150\" height=\"150\" src=\"https:\/\/www.lacoifferie.ch\/new\/wp-content\/uploads\/2017\/11\/IMG_6402-150x150.jpg\" class=\"attachment-thumbnail\" alt=\"\" title=\"IMG_6402\" srcset=\"https:\/\/www.lacoifferie.ch\/new\/wp-content\/uploads\/2017\/11\/IMG_6402-150x150.jpg 150w, https:\/\/www.lacoifferie.ch\/new\/wp-content\/uploads\/2017\/11\/IMG_6402-85x85.jpg 85w, https:\/\/www.lacoifferie.ch\/new\/wp-content\/uploads\/2017\/11\/IMG_6402-550x550.jpg 550w\" sizes=\"auto, (max-width: 150px) 100vw, 150px\" \/><\/span><\/a><\/li><li class=\"no_grayscale\"><a class=\"prettyphoto\" href=\"https:\/\/www.lacoifferie.ch\/new\/wp-content\/uploads\/2017\/11\/IMG_6410-768x1024.jpg\" data-rel=\"prettyPhoto[rel-18849-3524430509]\"><span class=\"q_gallery_slider\" data-image_title=\"IMG_6410\" data-image_caption=\"\" data-image_url=\"\" data-image_url_target=\"\"><img loading=\"lazy\" decoding=\"async\" width=\"150\" height=\"150\" src=\"https:\/\/www.lacoifferie.ch\/new\/wp-content\/uploads\/2017\/11\/IMG_6410-150x150.jpg\" class=\"attachment-thumbnail\" alt=\"\" title=\"IMG_6410\" srcset=\"https:\/\/www.lacoifferie.ch\/new\/wp-content\/uploads\/2017\/11\/IMG_6410-150x150.jpg 150w, https:\/\/www.lacoifferie.ch\/new\/wp-content\/uploads\/2017\/11\/IMG_6410-85x85.jpg 85w, https:\/\/www.lacoifferie.ch\/new\/wp-content\/uploads\/2017\/11\/IMG_6410-550x550.jpg 550w\" sizes=\"auto, (max-width: 150px) 100vw, 150px\" \/><\/span><\/a><\/li><li class=\"no_grayscale\"><a class=\"prettyphoto\" href=\"https:\/\/www.lacoifferie.ch\/new\/wp-content\/uploads\/2017\/11\/IMG_6414-768x1024.jpg\" data-rel=\"prettyPhoto[rel-18849-3524430509]\"><span class=\"q_gallery_slider\" data-image_title=\"IMG_6414\" data-image_caption=\"\" data-image_url=\"\" data-image_url_target=\"\"><img loading=\"lazy\" decoding=\"async\" width=\"150\" height=\"150\" src=\"https:\/\/www.lacoifferie.ch\/new\/wp-content\/uploads\/2017\/11\/IMG_6414-150x150.jpg\" class=\"attachment-thumbnail\" alt=\"\" title=\"IMG_6414\" srcset=\"https:\/\/www.lacoifferie.ch\/new\/wp-content\/uploads\/2017\/11\/IMG_6414-150x150.jpg 150w, https:\/\/www.lacoifferie.ch\/new\/wp-content\/uploads\/2017\/11\/IMG_6414-85x85.jpg 85w, https:\/\/www.lacoifferie.ch\/new\/wp-content\/uploads\/2017\/11\/IMG_6414-550x550.jpg 550w\" sizes=\"auto, (max-width: 150px) 100vw, 150px\" \/><\/span><\/a><\/li><li class=\"no_grayscale\"><a class=\"prettyphoto\" href=\"https:\/\/www.lacoifferie.ch\/new\/wp-content\/uploads\/2017\/11\/IMG_6378-768x1024.jpg\" data-rel=\"prettyPhoto[rel-18849-3524430509]\"><span class=\"q_gallery_slider\" data-image_title=\"IMG_6378\" data-image_caption=\"\" data-image_url=\"\" data-image_url_target=\"\"><img loading=\"lazy\" decoding=\"async\" width=\"150\" height=\"150\" src=\"https:\/\/www.lacoifferie.ch\/new\/wp-content\/uploads\/2017\/11\/IMG_6378-150x150.jpg\" class=\"attachment-thumbnail\" alt=\"\" title=\"IMG_6378\" srcset=\"https:\/\/www.lacoifferie.ch\/new\/wp-content\/uploads\/2017\/11\/IMG_6378-150x150.jpg 150w, https:\/\/www.lacoifferie.ch\/new\/wp-content\/uploads\/2017\/11\/IMG_6378-85x85.jpg 85w, https:\/\/www.lacoifferie.ch\/new\/wp-content\/uploads\/2017\/11\/IMG_6378-550x550.jpg 550w\" sizes=\"auto, (max-width: 150px) 100vw, 150px\" \/><\/span><\/a><\/li><li class=\"no_grayscale\"><a class=\"prettyphoto\" href=\"https:\/\/www.lacoifferie.ch\/new\/wp-content\/uploads\/2017\/11\/IMG_6381-1024x768.jpg\" data-rel=\"prettyPhoto[rel-18849-3524430509]\"><span class=\"q_gallery_slider\" data-image_title=\"IMG_6381\" data-image_caption=\"\" data-image_url=\"\" data-image_url_target=\"\"><img loading=\"lazy\" decoding=\"async\" width=\"150\" height=\"150\" src=\"https:\/\/www.lacoifferie.ch\/new\/wp-content\/uploads\/2017\/11\/IMG_6381-150x150.jpg\" class=\"attachment-thumbnail\" alt=\"\" title=\"IMG_6381\" srcset=\"https:\/\/www.lacoifferie.ch\/new\/wp-content\/uploads\/2017\/11\/IMG_6381-150x150.jpg 150w, https:\/\/www.lacoifferie.ch\/new\/wp-content\/uploads\/2017\/11\/IMG_6381-85x85.jpg 85w, https:\/\/www.lacoifferie.ch\/new\/wp-content\/uploads\/2017\/11\/IMG_6381-550x550.jpg 550w\" sizes=\"auto, (max-width: 150px) 100vw, 150px\" \/><\/span><\/a><\/li><li class=\"no_grayscale\"><a class=\"prettyphoto\" href=\"https:\/\/www.lacoifferie.ch\/new\/wp-content\/uploads\/2017\/11\/IMG_6382-768x1024.jpg\" data-rel=\"prettyPhoto[rel-18849-3524430509]\"><span class=\"q_gallery_slider\" data-image_title=\"IMG_6382\" data-image_caption=\"\" data-image_url=\"\" data-image_url_target=\"\"><img loading=\"lazy\" decoding=\"async\" width=\"150\" height=\"150\" src=\"https:\/\/www.lacoifferie.ch\/new\/wp-content\/uploads\/2017\/11\/IMG_6382-150x150.jpg\" class=\"attachment-thumbnail\" alt=\"\" title=\"IMG_6382\" srcset=\"https:\/\/www.lacoifferie.ch\/new\/wp-content\/uploads\/2017\/11\/IMG_6382-150x150.jpg 150w, https:\/\/www.lacoifferie.ch\/new\/wp-content\/uploads\/2017\/11\/IMG_6382-85x85.jpg 85w, https:\/\/www.lacoifferie.ch\/new\/wp-content\/uploads\/2017\/11\/IMG_6382-550x550.jpg 550w\" sizes=\"auto, (max-width: 150px) 100vw, 150px\" \/><\/span><\/a><\/li><li class=\"no_grayscale\"><a class=\"prettyphoto\" href=\"https:\/\/www.lacoifferie.ch\/new\/wp-content\/uploads\/2017\/11\/IMG_6383-768x1024.jpg\" data-rel=\"prettyPhoto[rel-18849-3524430509]\"><span class=\"q_gallery_slider\" data-image_title=\"IMG_6383\" data-image_caption=\"\" data-image_url=\"\" data-image_url_target=\"\"><img loading=\"lazy\" decoding=\"async\" width=\"150\" height=\"150\" src=\"https:\/\/www.lacoifferie.ch\/new\/wp-content\/uploads\/2017\/11\/IMG_6383-150x150.jpg\" class=\"attachment-thumbnail\" alt=\"\" title=\"IMG_6383\" srcset=\"https:\/\/www.lacoifferie.ch\/new\/wp-content\/uploads\/2017\/11\/IMG_6383-150x150.jpg 150w, https:\/\/www.lacoifferie.ch\/new\/wp-content\/uploads\/2017\/11\/IMG_6383-85x85.jpg 85w, https:\/\/www.lacoifferie.ch\/new\/wp-content\/uploads\/2017\/11\/IMG_6383-550x550.jpg 550w\" sizes=\"auto, (max-width: 150px) 100vw, 150px\" \/><\/span><\/a><\/li><li class=\"no_grayscale\"><a class=\"prettyphoto\" href=\"https:\/\/www.lacoifferie.ch\/new\/wp-content\/uploads\/2017\/11\/IMG_6385-768x1024.jpg\" data-rel=\"prettyPhoto[rel-18849-3524430509]\"><span class=\"q_gallery_slider\" data-image_title=\"IMG_6385\" data-image_caption=\"\" data-image_url=\"\" data-image_url_target=\"\"><img loading=\"lazy\" decoding=\"async\" width=\"150\" height=\"150\" src=\"https:\/\/www.lacoifferie.ch\/new\/wp-content\/uploads\/2017\/11\/IMG_6385-150x150.jpg\" class=\"attachment-thumbnail\" alt=\"\" title=\"IMG_6385\" srcset=\"https:\/\/www.lacoifferie.ch\/new\/wp-content\/uploads\/2017\/11\/IMG_6385-150x150.jpg 150w, https:\/\/www.lacoifferie.ch\/new\/wp-content\/uploads\/2017\/11\/IMG_6385-85x85.jpg 85w, https:\/\/www.lacoifferie.ch\/new\/wp-content\/uploads\/2017\/11\/IMG_6385-550x550.jpg 550w\" sizes=\"auto, (max-width: 150px) 100vw, 150px\" \/><\/span><\/a><\/li><li class=\"no_grayscale\"><a class=\"prettyphoto\" href=\"https:\/\/www.lacoifferie.ch\/new\/wp-content\/uploads\/2017\/11\/IMG_6388-768x1024.jpg\" data-rel=\"prettyPhoto[rel-18849-3524430509]\"><span class=\"q_gallery_slider\" data-image_title=\"IMG_6388\" data-image_caption=\"\" data-image_url=\"\" data-image_url_target=\"\"><img loading=\"lazy\" decoding=\"async\" width=\"150\" height=\"150\" src=\"https:\/\/www.lacoifferie.ch\/new\/wp-content\/uploads\/2017\/11\/IMG_6388-150x150.jpg\" class=\"attachment-thumbnail\" alt=\"\" title=\"IMG_6388\" srcset=\"https:\/\/www.lacoifferie.ch\/new\/wp-content\/uploads\/2017\/11\/IMG_6388-150x150.jpg 150w, https:\/\/www.lacoifferie.ch\/new\/wp-content\/uploads\/2017\/11\/IMG_6388-85x85.jpg 85w, https:\/\/www.lacoifferie.ch\/new\/wp-content\/uploads\/2017\/11\/IMG_6388-550x550.jpg 550w\" sizes=\"auto, (max-width: 150px) 100vw, 150px\" \/><\/span><\/a><\/li><li class=\"no_grayscale\"><a class=\"prettyphoto\" href=\"https:\/\/www.lacoifferie.ch\/new\/wp-content\/uploads\/2017\/11\/IMG_6389-768x1024.jpg\" data-rel=\"prettyPhoto[rel-18849-3524430509]\"><span class=\"q_gallery_slider\" data-image_title=\"IMG_6389\" data-image_caption=\"\" data-image_url=\"\" data-image_url_target=\"\"><img loading=\"lazy\" decoding=\"async\" width=\"150\" height=\"150\" src=\"https:\/\/www.lacoifferie.ch\/new\/wp-content\/uploads\/2017\/11\/IMG_6389-150x150.jpg\" class=\"attachment-thumbnail\" alt=\"\" title=\"IMG_6389\" srcset=\"https:\/\/www.lacoifferie.ch\/new\/wp-content\/uploads\/2017\/11\/IMG_6389-150x150.jpg 150w, https:\/\/www.lacoifferie.ch\/new\/wp-content\/uploads\/2017\/11\/IMG_6389-85x85.jpg 85w, https:\/\/www.lacoifferie.ch\/new\/wp-content\/uploads\/2017\/11\/IMG_6389-550x550.jpg 550w\" sizes=\"auto, (max-width: 150px) 100vw, 150px\" \/><\/span><\/a><\/li><li class=\"no_grayscale\"><a class=\"prettyphoto\" href=\"https:\/\/www.lacoifferie.ch\/new\/wp-content\/uploads\/2017\/11\/IMG_6390-2-768x1024.jpg\" data-rel=\"prettyPhoto[rel-18849-3524430509]\"><span class=\"q_gallery_slider\" data-image_title=\"IMG_6390 2\" data-image_caption=\"\" data-image_url=\"\" data-image_url_target=\"\"><img loading=\"lazy\" decoding=\"async\" width=\"150\" height=\"150\" src=\"https:\/\/www.lacoifferie.ch\/new\/wp-content\/uploads\/2017\/11\/IMG_6390-2-150x150.jpg\" class=\"attachment-thumbnail\" alt=\"\" title=\"IMG_6390 2\" srcset=\"https:\/\/www.lacoifferie.ch\/new\/wp-content\/uploads\/2017\/11\/IMG_6390-2-150x150.jpg 150w, https:\/\/www.lacoifferie.ch\/new\/wp-content\/uploads\/2017\/11\/IMG_6390-2-85x85.jpg 85w, https:\/\/www.lacoifferie.ch\/new\/wp-content\/uploads\/2017\/11\/IMG_6390-2-550x550.jpg 550w\" sizes=\"auto, (max-width: 150px) 100vw, 150px\" \/><\/span><\/a><\/li><li class=\"no_grayscale\"><a class=\"prettyphoto\" href=\"https:\/\/www.lacoifferie.ch\/new\/wp-content\/uploads\/2017\/11\/IMG_6391-768x1024.jpg\" data-rel=\"prettyPhoto[rel-18849-3524430509]\"><span class=\"q_gallery_slider\" data-image_title=\"IMG_6391\" data-image_caption=\"\" data-image_url=\"\" data-image_url_target=\"\"><img loading=\"lazy\" decoding=\"async\" width=\"150\" height=\"150\" src=\"https:\/\/www.lacoifferie.ch\/new\/wp-content\/uploads\/2017\/11\/IMG_6391-150x150.jpg\" class=\"attachment-thumbnail\" alt=\"\" title=\"IMG_6391\" srcset=\"https:\/\/www.lacoifferie.ch\/new\/wp-content\/uploads\/2017\/11\/IMG_6391-150x150.jpg 150w, https:\/\/www.lacoifferie.ch\/new\/wp-content\/uploads\/2017\/11\/IMG_6391-85x85.jpg 85w, https:\/\/www.lacoifferie.ch\/new\/wp-content\/uploads\/2017\/11\/IMG_6391-550x550.jpg 550w\" sizes=\"auto, (max-width: 150px) 100vw, 150px\" \/><\/span><\/a><\/li><li class=\"no_grayscale\"><a class=\"prettyphoto\" href=\"https:\/\/www.lacoifferie.ch\/new\/wp-content\/uploads\/2017\/11\/IMG_6392-768x1024.jpg\" data-rel=\"prettyPhoto[rel-18849-3524430509]\"><span class=\"q_gallery_slider\" data-image_title=\"IMG_6392\" data-image_caption=\"\" data-image_url=\"\" data-image_url_target=\"\"><img loading=\"lazy\" decoding=\"async\" width=\"150\" height=\"150\" src=\"https:\/\/www.lacoifferie.ch\/new\/wp-content\/uploads\/2017\/11\/IMG_6392-150x150.jpg\" class=\"attachment-thumbnail\" alt=\"\" title=\"IMG_6392\" srcset=\"https:\/\/www.lacoifferie.ch\/new\/wp-content\/uploads\/2017\/11\/IMG_6392-150x150.jpg 150w, https:\/\/www.lacoifferie.ch\/new\/wp-content\/uploads\/2017\/11\/IMG_6392-85x85.jpg 85w, https:\/\/www.lacoifferie.ch\/new\/wp-content\/uploads\/2017\/11\/IMG_6392-550x550.jpg 550w\" sizes=\"auto, (max-width: 150px) 100vw, 150px\" \/><\/span><\/a><\/li><li class=\"no_grayscale\"><a class=\"prettyphoto\" href=\"https:\/\/www.lacoifferie.ch\/new\/wp-content\/uploads\/2017\/11\/IMG_6396-768x1024.jpg\" data-rel=\"prettyPhoto[rel-18849-3524430509]\"><span class=\"q_gallery_slider\" data-image_title=\"IMG_6396\" data-image_caption=\"\" data-image_url=\"\" data-image_url_target=\"\"><img loading=\"lazy\" decoding=\"async\" width=\"150\" height=\"150\" src=\"https:\/\/www.lacoifferie.ch\/new\/wp-content\/uploads\/2017\/11\/IMG_6396-150x150.jpg\" class=\"attachment-thumbnail\" alt=\"\" title=\"IMG_6396\" srcset=\"https:\/\/www.lacoifferie.ch\/new\/wp-content\/uploads\/2017\/11\/IMG_6396-150x150.jpg 150w, https:\/\/www.lacoifferie.ch\/new\/wp-content\/uploads\/2017\/11\/IMG_6396-85x85.jpg 85w, https:\/\/www.lacoifferie.ch\/new\/wp-content\/uploads\/2017\/11\/IMG_6396-550x550.jpg 550w\" sizes=\"auto, (max-width: 150px) 100vw, 150px\" \/><\/span><\/a><\/li><li class=\"no_grayscale\"><a class=\"prettyphoto\" href=\"https:\/\/www.lacoifferie.ch\/new\/wp-content\/uploads\/2017\/11\/IMG_6397-768x1024.jpg\" data-rel=\"prettyPhoto[rel-18849-3524430509]\"><span class=\"q_gallery_slider\" data-image_title=\"IMG_6397\" data-image_caption=\"\" data-image_url=\"\" data-image_url_target=\"\"><img loading=\"lazy\" decoding=\"async\" width=\"150\" height=\"150\" src=\"https:\/\/www.lacoifferie.ch\/new\/wp-content\/uploads\/2017\/11\/IMG_6397-150x150.jpg\" class=\"attachment-thumbnail\" alt=\"\" title=\"IMG_6397\" srcset=\"https:\/\/www.lacoifferie.ch\/new\/wp-content\/uploads\/2017\/11\/IMG_6397-150x150.jpg 150w, https:\/\/www.lacoifferie.ch\/new\/wp-content\/uploads\/2017\/11\/IMG_6397-85x85.jpg 85w, https:\/\/www.lacoifferie.ch\/new\/wp-content\/uploads\/2017\/11\/IMG_6397-550x550.jpg 550w\" sizes=\"auto, (max-width: 150px) 100vw, 150px\" \/><\/span><\/a><\/li><li class=\"no_grayscale\"><a class=\"prettyphoto\" href=\"https:\/\/www.lacoifferie.ch\/new\/wp-content\/uploads\/2017\/11\/IMG_6398-768x1024.jpg\" data-rel=\"prettyPhoto[rel-18849-3524430509]\"><span class=\"q_gallery_slider\" data-image_title=\"IMG_6398\" data-image_caption=\"\" data-image_url=\"\" data-image_url_target=\"\"><img loading=\"lazy\" decoding=\"async\" width=\"150\" height=\"150\" src=\"https:\/\/www.lacoifferie.ch\/new\/wp-content\/uploads\/2017\/11\/IMG_6398-150x150.jpg\" class=\"attachment-thumbnail\" alt=\"\" title=\"IMG_6398\" srcset=\"https:\/\/www.lacoifferie.ch\/new\/wp-content\/uploads\/2017\/11\/IMG_6398-150x150.jpg 150w, https:\/\/www.lacoifferie.ch\/new\/wp-content\/uploads\/2017\/11\/IMG_6398-85x85.jpg 85w, https:\/\/www.lacoifferie.ch\/new\/wp-content\/uploads\/2017\/11\/IMG_6398-550x550.jpg 550w\" sizes=\"auto, (max-width: 150px) 100vw, 150px\" \/><\/span><\/a><\/li><li class=\"no_grayscale\"><a class=\"prettyphoto\" href=\"https:\/\/www.lacoifferie.ch\/new\/wp-content\/uploads\/2017\/09\/22365685_1302039176573800_7076892644054083759_n.jpg\" data-rel=\"prettyPhoto[rel-18849-3524430509]\"><span class=\"q_gallery_slider\" data-image_title=\"22365685_1302039176573800_7076892644054083759_n\" data-image_caption=\"\" data-image_url=\"\" data-image_url_target=\"\"><img loading=\"lazy\" decoding=\"async\" width=\"150\" height=\"150\" src=\"https:\/\/www.lacoifferie.ch\/new\/wp-content\/uploads\/2017\/09\/22365685_1302039176573800_7076892644054083759_n-150x150.jpg\" class=\"attachment-thumbnail\" alt=\"\" title=\"22365685_1302039176573800_7076892644054083759_n\" srcset=\"https:\/\/www.lacoifferie.ch\/new\/wp-content\/uploads\/2017\/09\/22365685_1302039176573800_7076892644054083759_n-150x150.jpg 150w, https:\/\/www.lacoifferie.ch\/new\/wp-content\/uploads\/2017\/09\/22365685_1302039176573800_7076892644054083759_n-85x85.jpg 85w, https:\/\/www.lacoifferie.ch\/new\/wp-content\/uploads\/2017\/09\/22365685_1302039176573800_7076892644054083759_n-550x550.jpg 550w\" sizes=\"auto, (max-width: 150px) 100vw, 150px\" \/><\/span><\/a><\/li><li class=\"no_grayscale\"><a class=\"prettyphoto\" href=\"https:\/\/www.lacoifferie.ch\/new\/wp-content\/uploads\/2017\/09\/22308894_1302039099907141_8644568891157709116_n.jpg\" data-rel=\"prettyPhoto[rel-18849-3524430509]\"><span class=\"q_gallery_slider\" data-image_title=\"22308894_1302039099907141_8644568891157709116_n\" data-image_caption=\"\" data-image_url=\"\" data-image_url_target=\"\"><img loading=\"lazy\" decoding=\"async\" width=\"150\" height=\"150\" src=\"https:\/\/www.lacoifferie.ch\/new\/wp-content\/uploads\/2017\/09\/22308894_1302039099907141_8644568891157709116_n-150x150.jpg\" class=\"attachment-thumbnail\" alt=\"\" title=\"22308894_1302039099907141_8644568891157709116_n\" srcset=\"https:\/\/www.lacoifferie.ch\/new\/wp-content\/uploads\/2017\/09\/22308894_1302039099907141_8644568891157709116_n-150x150.jpg 150w, https:\/\/www.lacoifferie.ch\/new\/wp-content\/uploads\/2017\/09\/22308894_1302039099907141_8644568891157709116_n-300x300.jpg 300w, https:\/\/www.lacoifferie.ch\/new\/wp-content\/uploads\/2017\/09\/22308894_1302039099907141_8644568891157709116_n-768x768.jpg 768w, https:\/\/www.lacoifferie.ch\/new\/wp-content\/uploads\/2017\/09\/22308894_1302039099907141_8644568891157709116_n-600x600.jpg 600w, https:\/\/www.lacoifferie.ch\/new\/wp-content\/uploads\/2017\/09\/22308894_1302039099907141_8644568891157709116_n-85x85.jpg 85w, https:\/\/www.lacoifferie.ch\/new\/wp-content\/uploads\/2017\/09\/22308894_1302039099907141_8644568891157709116_n-550x550.jpg 550w, https:\/\/www.lacoifferie.ch\/new\/wp-content\/uploads\/2017\/09\/22308894_1302039099907141_8644568891157709116_n.jpg 960w\" sizes=\"auto, (max-width: 150px) 100vw, 150px\" \/><\/span><\/a><\/li><li class=\"no_grayscale\"><a class=\"prettyphoto\" href=\"https:\/\/www.lacoifferie.ch\/new\/wp-content\/uploads\/2017\/09\/22365348_1302039109907140_1026946522402764433_n.jpg\" data-rel=\"prettyPhoto[rel-18849-3524430509]\"><span class=\"q_gallery_slider\" data-image_title=\"22365348_1302039109907140_1026946522402764433_n\" data-image_caption=\"\" data-image_url=\"\" data-image_url_target=\"\"><img loading=\"lazy\" decoding=\"async\" width=\"150\" height=\"150\" src=\"https:\/\/www.lacoifferie.ch\/new\/wp-content\/uploads\/2017\/09\/22365348_1302039109907140_1026946522402764433_n-150x150.jpg\" class=\"attachment-thumbnail\" alt=\"\" title=\"22365348_1302039109907140_1026946522402764433_n\" srcset=\"https:\/\/www.lacoifferie.ch\/new\/wp-content\/uploads\/2017\/09\/22365348_1302039109907140_1026946522402764433_n-150x150.jpg 150w, https:\/\/www.lacoifferie.ch\/new\/wp-content\/uploads\/2017\/09\/22365348_1302039109907140_1026946522402764433_n-85x85.jpg 85w, https:\/\/www.lacoifferie.ch\/new\/wp-content\/uploads\/2017\/09\/22365348_1302039109907140_1026946522402764433_n-550x550.jpg 550w\" sizes=\"auto, (max-width: 150px) 100vw, 150px\" \/><\/span><\/a><\/li><\/ul><\/div><\/div><\/div><\/div><div class=\"vc_empty_space\"   style=\"height: 32px\"><span class=\"vc_empty_space_inner\"><\/span><\/div>\n\t<div class=\"wpb_text_column wpb_content_element \">\n\t\t<div class=\"wpb_wrapper\">\n\t\t\t<h2 class=\"bodytext\"><b>IN\u00b7FLUX<\/b><\/h2>\n<p class=\"bodytext\">L\u2019\u00c9NERGIE CONVERGE. LES FORMES FUSIONNENT. LES COULEURS SE TRANSFORMENT.<br \/>\nC\u2019est la beaut\u00e9 dans un flux en mutation permanente. Des couleurs sombres et \u00e9l\u00e9gantes se fondent avec une myst\u00e9rieuse iridescence, cr\u00e9ant de nouvelles interactions de couleurs dans les cheveux. Forme et couleur se conjuguent parfaitement pour cr\u00e9er des styles dont on ne peut discerner ni la fin ni le d\u00e9but.<br \/>\n<span id=\"fbPhotoSnowliftCaption\" class=\"fbPhotosPhotoCaption\" tabindex=\"0\" aria-live=\"polite\" data-ft=\"{&quot;tn&quot;:&quot;K&quot;}\"><span class=\"hasCaption\"><a class=\"_58cn\" href=\"https:\/\/www.facebook.com\/hashtag\/iamgoldwell\" target=\"_blank\" rel=\"noopener\" data-ft=\"{&quot;tn&quot;:&quot;*N&quot;,&quot;type&quot;:104}\">#IamGoldwell<\/a>\u00a0<a class=\"_58cn\" href=\"https:\/\/www.facebook.com\/hashtag\/globalzoom\" target=\"_blank\" rel=\"noopener\" data-ft=\"{&quot;tn&quot;:&quot;*N&quot;,&quot;type&quot;:104}\">#Globalzoom<\/a>\u00a0<a class=\"_58cn\" href=\"https:\/\/www.facebook.com\/hashtag\/lacoifferievevey\" target=\"_blank\" rel=\"noopener\" data-ft=\"{&quot;tn&quot;:&quot;*N&quot;,&quot;type&quot;:104}\">#lacoifferievevey<\/a><\/span><\/span><span id=\"fbPhotoSnowliftTagList\" class=\"fbPhotoTagList\"><span class=\"fcg\">\u00a0<span id=\"fbPhotoSnowliftCaption\" class=\"fbPhotosPhotoCaption\" tabindex=\"0\" aria-live=\"polite\" data-ft=\"{&quot;tn&quot;:&quot;K&quot;}\"><span class=\"hasCaption\"><a class=\"_58cn\" href=\"https:\/\/www.facebook.com\/hashtag\/influx\" target=\"_blank\" rel=\"noopener\" data-ft=\"{&quot;tn&quot;:&quot;*N&quot;,&quot;type&quot;:104}\">#influx<\/a><\/span><\/span><\/span><\/span><\/p>\n\n\t\t<\/div> \n\t<\/div> \n\t<div class=\"wpb_video_widget wpb_content_element vc_clearfix   vc_video-aspect-ratio-169 vc_video-el-width-100 vc_video-align-center\" >\n\t\t<div class=\"wpb_wrapper\">\n\t\t\t\n\t\t\t<div class=\"wpb_video_wrapper\"><a href=\"https:\/\/youtu.be\/t2BvDw2GkK8\">https:\/\/youtu.be\/t2BvDw2GkK8<\/a><\/div>\n\t\t<\/div>\n\t<\/div>\n<\/div><\/div><\/div><\/div><\/div>\n<\/div>","protected":false},"excerpt":{"rendered":"Une d\u00e9l\u00e9gation de La Coifferie compos\u00e9e de St\u00e9phanie, V\u00e9ronique et Kevin s'est rendue \u00e0 Barcelone pour assister et participer \u00e0 la grande messe organis\u00e9e par Goldwell et son fameux concours international : Globalzoom 17 ! Au programme : 3500 coiffeurs venus du monde entier, des...","protected":false},"author":3,"featured_media":18850,"comment_status":"open","ping_status":"open","sticky":false,"template":"","format":"standard","meta":{"footnotes":""},"categories":[104,157,265,115,267,201,212],"tags":[352,138,142,141,133,134,140,137,97],"class_list":["post-18849","post","type-post","status-publish","format-standard","has-post-thumbnail","hentry","category-blog-la-coifferie","category-blog-2","category-colorzoom-2-6","category-goldwell","category-coifferie-18","category-salo","category-creations","tag-barcelone","tag-buchs","tag-colorzoom-2","tag-goldwell-2","tag-la-coifferie-2","tag-team","tag-tendances","tag-veronique","tag-vevey"],"yoast_head":"<!-- This site is optimized with the Yoast SEO plugin v27.1.1 - https:\/\/yoast.com\/product\/yoast-seo-wordpress\/ -->\n<title>ColorZoom 17 \u00e0 Barcelone avec une d\u00e9l\u00e9gation de La Coifferie ! - La Coifferie par V\u00e9ronique Buchs - salon de coiffure \u00e0 Vevey<\/title>\n<meta name=\"robots\" content=\"index, follow, max-snippet:-1, max-image-preview:large, max-video-preview:-1\" \/>\n<link rel=\"canonical\" href=\"https:\/\/www.lacoifferie.ch\/?p=18849\" \/>\n<meta property=\"og:locale\" content=\"fr_FR\" \/>\n<meta property=\"og:type\" content=\"article\" \/>\n<meta property=\"og:title\" content=\"ColorZoom 17 \u00e0 Barcelone avec une d\u00e9l\u00e9gation de La Coifferie ! - La Coifferie par V\u00e9ronique Buchs - salon de coiffure \u00e0 Vevey\" \/>\n<meta property=\"og:url\" content=\"https:\/\/www.lacoifferie.ch\/?p=18849\" \/>\n<meta property=\"og:site_name\" content=\"La Coifferie par V\u00e9ronique Buchs - salon de coiffure \u00e0 Vevey\" \/>\n<meta property=\"article:publisher\" content=\"https:\/\/www.facebook.com\/lacoifferievevey\" \/>\n<meta property=\"article:published_time\" content=\"2017-09-10T21:39:53+00:00\" \/>\n<meta property=\"article:modified_time\" content=\"2017-11-28T12:15:18+00:00\" \/>\n<meta property=\"og:image\" content=\"https:\/\/www.lacoifferie.ch\/new\/wp-content\/uploads\/2017\/11\/22256766_1298736580237393_2409520440133236148_o.jpg\" \/>\n\t<meta property=\"og:image:width\" content=\"1656\" \/>\n\t<meta property=\"og:image:height\" content=\"930\" \/>\n\t<meta property=\"og:image:type\" content=\"image\/jpeg\" \/>\n<meta name=\"author\" content=\"Luca Carmagnola\" \/>\n<meta name=\"twitter:card\" content=\"summary_large_image\" \/>\n<meta name=\"twitter:label1\" content=\"\u00c9crit par\" \/>\n\t<meta name=\"twitter:data1\" content=\"Luca Carmagnola\" \/>\n\t<meta name=\"twitter:label2\" content=\"Dur\u00e9e de lecture estim\u00e9e\" \/>\n\t<meta name=\"twitter:data2\" content=\"1 minute\" \/>\n<script type=\"application\/ld+json\" class=\"yoast-schema-graph\">{\"@context\":\"https:\/\/schema.org\",\"@graph\":[{\"@type\":\"Article\",\"@id\":\"https:\/\/www.lacoifferie.ch\/?p=18849#article\",\"isPartOf\":{\"@id\":\"https:\/\/www.lacoifferie.ch\/?p=18849\"},\"author\":{\"name\":\"Luca Carmagnola\",\"@id\":\"https:\/\/www.lacoifferie.ch\/#\/schema\/person\/f29f7fa0af92315442d1c512255e9c38\"},\"headline\":\"ColorZoom 17 \u00e0 Barcelone avec une d\u00e9l\u00e9gation de La Coifferie !\",\"datePublished\":\"2017-09-10T21:39:53+00:00\",\"dateModified\":\"2017-11-28T12:15:18+00:00\",\"mainEntityOfPage\":{\"@id\":\"https:\/\/www.lacoifferie.ch\/?p=18849\"},\"wordCount\":221,\"commentCount\":0,\"publisher\":{\"@id\":\"https:\/\/www.lacoifferie.ch\/#organization\"},\"image\":{\"@id\":\"https:\/\/www.lacoifferie.ch\/?p=18849#primaryimage\"},\"thumbnailUrl\":\"https:\/\/www.lacoifferie.ch\/new\/wp-content\/uploads\/2017\/11\/22256766_1298736580237393_2409520440133236148_o.jpg\",\"keywords\":[\"barcelone\",\"buchs\",\"colorzoom\",\"goldwell\",\"la coifferie\",\"team\",\"tendances\",\"v\u00e9ronique\",\"vevey\"],\"articleSection\":[\"Blog\",\"Blog\",\"Colorzoom\",\"Goldwell\",\"La Coifferie\",\"Le Salon\",\"Les Cr\u00e9ations\"],\"inLanguage\":\"fr-FR\",\"potentialAction\":[{\"@type\":\"CommentAction\",\"name\":\"Comment\",\"target\":[\"https:\/\/www.lacoifferie.ch\/?p=18849#respond\"]}]},{\"@type\":\"WebPage\",\"@id\":\"https:\/\/www.lacoifferie.ch\/?p=18849\",\"url\":\"https:\/\/www.lacoifferie.ch\/?p=18849\",\"name\":\"ColorZoom 17 \u00e0 Barcelone avec une d\u00e9l\u00e9gation de La Coifferie ! - La Coifferie par V\u00e9ronique Buchs - salon de coiffure \u00e0 Vevey\",\"isPartOf\":{\"@id\":\"https:\/\/www.lacoifferie.ch\/#website\"},\"primaryImageOfPage\":{\"@id\":\"https:\/\/www.lacoifferie.ch\/?p=18849#primaryimage\"},\"image\":{\"@id\":\"https:\/\/www.lacoifferie.ch\/?p=18849#primaryimage\"},\"thumbnailUrl\":\"https:\/\/www.lacoifferie.ch\/new\/wp-content\/uploads\/2017\/11\/22256766_1298736580237393_2409520440133236148_o.jpg\",\"datePublished\":\"2017-09-10T21:39:53+00:00\",\"dateModified\":\"2017-11-28T12:15:18+00:00\",\"breadcrumb\":{\"@id\":\"https:\/\/www.lacoifferie.ch\/?p=18849#breadcrumb\"},\"inLanguage\":\"fr-FR\",\"potentialAction\":[{\"@type\":\"ReadAction\",\"target\":[\"https:\/\/www.lacoifferie.ch\/?p=18849\"]}]},{\"@type\":\"ImageObject\",\"inLanguage\":\"fr-FR\",\"@id\":\"https:\/\/www.lacoifferie.ch\/?p=18849#primaryimage\",\"url\":\"https:\/\/www.lacoifferie.ch\/new\/wp-content\/uploads\/2017\/11\/22256766_1298736580237393_2409520440133236148_o.jpg\",\"contentUrl\":\"https:\/\/www.lacoifferie.ch\/new\/wp-content\/uploads\/2017\/11\/22256766_1298736580237393_2409520440133236148_o.jpg\",\"width\":1656,\"height\":930},{\"@type\":\"BreadcrumbList\",\"@id\":\"https:\/\/www.lacoifferie.ch\/?p=18849#breadcrumb\",\"itemListElement\":[{\"@type\":\"ListItem\",\"position\":1,\"name\":\"Accueil\",\"item\":\"https:\/\/www.lacoifferie.ch\/\"},{\"@type\":\"ListItem\",\"position\":2,\"name\":\"ColorZoom 17 \u00e0 Barcelone avec une d\u00e9l\u00e9gation de La Coifferie !\"}]},{\"@type\":\"WebSite\",\"@id\":\"https:\/\/www.lacoifferie.ch\/#website\",\"url\":\"https:\/\/www.lacoifferie.ch\/\",\"name\":\"La Coifferie par V\u00e9ronique Buchs - salon de coiffure \u00e0 Vevey\",\"description\":\"Pour votre bien \u00eatre ...\",\"publisher\":{\"@id\":\"https:\/\/www.lacoifferie.ch\/#organization\"},\"potentialAction\":[{\"@type\":\"SearchAction\",\"target\":{\"@type\":\"EntryPoint\",\"urlTemplate\":\"https:\/\/www.lacoifferie.ch\/?s={search_term_string}\"},\"query-input\":{\"@type\":\"PropertyValueSpecification\",\"valueRequired\":true,\"valueName\":\"search_term_string\"}}],\"inLanguage\":\"fr-FR\"},{\"@type\":\"Organization\",\"@id\":\"https:\/\/www.lacoifferie.ch\/#organization\",\"name\":\"La Coifferie par V\u00e9ronique Buchs - salon de coiffure \u00e0 Vevey\",\"url\":\"https:\/\/www.lacoifferie.ch\/\",\"logo\":{\"@type\":\"ImageObject\",\"inLanguage\":\"fr-FR\",\"@id\":\"https:\/\/www.lacoifferie.ch\/#\/schema\/logo\/image\/\",\"url\":\"https:\/\/www.lacoifferie.ch\/new\/wp-content\/uploads\/2014\/09\/logo2017_black-1.png\",\"contentUrl\":\"https:\/\/www.lacoifferie.ch\/new\/wp-content\/uploads\/2014\/09\/logo2017_black-1.png\",\"width\":376,\"height\":190,\"caption\":\"La Coifferie par V\u00e9ronique Buchs - salon de coiffure \u00e0 Vevey\"},\"image\":{\"@id\":\"https:\/\/www.lacoifferie.ch\/#\/schema\/logo\/image\/\"},\"sameAs\":[\"https:\/\/www.facebook.com\/lacoifferievevey\",\"https:\/\/www.instagram.com\/lacoifferievevey\/\"]},{\"@type\":\"Person\",\"@id\":\"https:\/\/www.lacoifferie.ch\/#\/schema\/person\/f29f7fa0af92315442d1c512255e9c38\",\"name\":\"Luca Carmagnola\",\"image\":{\"@type\":\"ImageObject\",\"inLanguage\":\"fr-FR\",\"@id\":\"https:\/\/www.lacoifferie.ch\/#\/schema\/person\/image\/\",\"url\":\"https:\/\/secure.gravatar.com\/avatar\/774b97a236576c6cd100e82452aeb7f3a9fcfe500434645d2ad3dda557f6980e?s=96&d=mm&r=g\",\"contentUrl\":\"https:\/\/secure.gravatar.com\/avatar\/774b97a236576c6cd100e82452aeb7f3a9fcfe500434645d2ad3dda557f6980e?s=96&d=mm&r=g\",\"caption\":\"Luca Carmagnola\"},\"url\":\"https:\/\/www.lacoifferie.ch\/?author=3\"}]}<\/script>\n<!-- \/ Yoast SEO plugin. -->","yoast_head_json":{"title":"ColorZoom 17 \u00e0 Barcelone avec une d\u00e9l\u00e9gation de La Coifferie ! - La Coifferie par V\u00e9ronique Buchs - salon de coiffure \u00e0 Vevey","robots":{"index":"index","follow":"follow","max-snippet":"max-snippet:-1","max-image-preview":"max-image-preview:large","max-video-preview":"max-video-preview:-1"},"canonical":"https:\/\/www.lacoifferie.ch\/?p=18849","og_locale":"fr_FR","og_type":"article","og_title":"ColorZoom 17 \u00e0 Barcelone avec une d\u00e9l\u00e9gation de La Coifferie ! - La Coifferie par V\u00e9ronique Buchs - salon de coiffure \u00e0 Vevey","og_url":"https:\/\/www.lacoifferie.ch\/?p=18849","og_site_name":"La Coifferie par V\u00e9ronique Buchs - salon de coiffure \u00e0 Vevey","article_publisher":"https:\/\/www.facebook.com\/lacoifferievevey","article_published_time":"2017-09-10T21:39:53+00:00","article_modified_time":"2017-11-28T12:15:18+00:00","og_image":[{"width":1656,"height":930,"url":"https:\/\/www.lacoifferie.ch\/new\/wp-content\/uploads\/2017\/11\/22256766_1298736580237393_2409520440133236148_o.jpg","type":"image\/jpeg"}],"author":"Luca Carmagnola","twitter_card":"summary_large_image","twitter_misc":{"\u00c9crit par":"Luca Carmagnola","Dur\u00e9e de lecture estim\u00e9e":"1 minute"},"schema":{"@context":"https:\/\/schema.org","@graph":[{"@type":"Article","@id":"https:\/\/www.lacoifferie.ch\/?p=18849#article","isPartOf":{"@id":"https:\/\/www.lacoifferie.ch\/?p=18849"},"author":{"name":"Luca Carmagnola","@id":"https:\/\/www.lacoifferie.ch\/#\/schema\/person\/f29f7fa0af92315442d1c512255e9c38"},"headline":"ColorZoom 17 \u00e0 Barcelone avec une d\u00e9l\u00e9gation de La Coifferie !","datePublished":"2017-09-10T21:39:53+00:00","dateModified":"2017-11-28T12:15:18+00:00","mainEntityOfPage":{"@id":"https:\/\/www.lacoifferie.ch\/?p=18849"},"wordCount":221,"commentCount":0,"publisher":{"@id":"https:\/\/www.lacoifferie.ch\/#organization"},"image":{"@id":"https:\/\/www.lacoifferie.ch\/?p=18849#primaryimage"},"thumbnailUrl":"https:\/\/www.lacoifferie.ch\/new\/wp-content\/uploads\/2017\/11\/22256766_1298736580237393_2409520440133236148_o.jpg","keywords":["barcelone","buchs","colorzoom","goldwell","la coifferie","team","tendances","v\u00e9ronique","vevey"],"articleSection":["Blog","Blog","Colorzoom","Goldwell","La Coifferie","Le Salon","Les Cr\u00e9ations"],"inLanguage":"fr-FR","potentialAction":[{"@type":"CommentAction","name":"Comment","target":["https:\/\/www.lacoifferie.ch\/?p=18849#respond"]}]},{"@type":"WebPage","@id":"https:\/\/www.lacoifferie.ch\/?p=18849","url":"https:\/\/www.lacoifferie.ch\/?p=18849","name":"ColorZoom 17 \u00e0 Barcelone avec une d\u00e9l\u00e9gation de La Coifferie ! - La Coifferie par V\u00e9ronique Buchs - salon de coiffure \u00e0 Vevey","isPartOf":{"@id":"https:\/\/www.lacoifferie.ch\/#website"},"primaryImageOfPage":{"@id":"https:\/\/www.lacoifferie.ch\/?p=18849#primaryimage"},"image":{"@id":"https:\/\/www.lacoifferie.ch\/?p=18849#primaryimage"},"thumbnailUrl":"https:\/\/www.lacoifferie.ch\/new\/wp-content\/uploads\/2017\/11\/22256766_1298736580237393_2409520440133236148_o.jpg","datePublished":"2017-09-10T21:39:53+00:00","dateModified":"2017-11-28T12:15:18+00:00","breadcrumb":{"@id":"https:\/\/www.lacoifferie.ch\/?p=18849#breadcrumb"},"inLanguage":"fr-FR","potentialAction":[{"@type":"ReadAction","target":["https:\/\/www.lacoifferie.ch\/?p=18849"]}]},{"@type":"ImageObject","inLanguage":"fr-FR","@id":"https:\/\/www.lacoifferie.ch\/?p=18849#primaryimage","url":"https:\/\/www.lacoifferie.ch\/new\/wp-content\/uploads\/2017\/11\/22256766_1298736580237393_2409520440133236148_o.jpg","contentUrl":"https:\/\/www.lacoifferie.ch\/new\/wp-content\/uploads\/2017\/11\/22256766_1298736580237393_2409520440133236148_o.jpg","width":1656,"height":930},{"@type":"BreadcrumbList","@id":"https:\/\/www.lacoifferie.ch\/?p=18849#breadcrumb","itemListElement":[{"@type":"ListItem","position":1,"name":"Accueil","item":"https:\/\/www.lacoifferie.ch\/"},{"@type":"ListItem","position":2,"name":"ColorZoom 17 \u00e0 Barcelone avec une d\u00e9l\u00e9gation de La Coifferie !"}]},{"@type":"WebSite","@id":"https:\/\/www.lacoifferie.ch\/#website","url":"https:\/\/www.lacoifferie.ch\/","name":"La Coifferie par V\u00e9ronique Buchs - salon de coiffure \u00e0 Vevey","description":"Pour votre bien \u00eatre ...","publisher":{"@id":"https:\/\/www.lacoifferie.ch\/#organization"},"potentialAction":[{"@type":"SearchAction","target":{"@type":"EntryPoint","urlTemplate":"https:\/\/www.lacoifferie.ch\/?s={search_term_string}"},"query-input":{"@type":"PropertyValueSpecification","valueRequired":true,"valueName":"search_term_string"}}],"inLanguage":"fr-FR"},{"@type":"Organization","@id":"https:\/\/www.lacoifferie.ch\/#organization","name":"La Coifferie par V\u00e9ronique Buchs - salon de coiffure \u00e0 Vevey","url":"https:\/\/www.lacoifferie.ch\/","logo":{"@type":"ImageObject","inLanguage":"fr-FR","@id":"https:\/\/www.lacoifferie.ch\/#\/schema\/logo\/image\/","url":"https:\/\/www.lacoifferie.ch\/new\/wp-content\/uploads\/2014\/09\/logo2017_black-1.png","contentUrl":"https:\/\/www.lacoifferie.ch\/new\/wp-content\/uploads\/2014\/09\/logo2017_black-1.png","width":376,"height":190,"caption":"La Coifferie par V\u00e9ronique Buchs - salon de coiffure \u00e0 Vevey"},"image":{"@id":"https:\/\/www.lacoifferie.ch\/#\/schema\/logo\/image\/"},"sameAs":["https:\/\/www.facebook.com\/lacoifferievevey","https:\/\/www.instagram.com\/lacoifferievevey\/"]},{"@type":"Person","@id":"https:\/\/www.lacoifferie.ch\/#\/schema\/person\/f29f7fa0af92315442d1c512255e9c38","name":"Luca Carmagnola","image":{"@type":"ImageObject","inLanguage":"fr-FR","@id":"https:\/\/www.lacoifferie.ch\/#\/schema\/person\/image\/","url":"https:\/\/secure.gravatar.com\/avatar\/774b97a236576c6cd100e82452aeb7f3a9fcfe500434645d2ad3dda557f6980e?s=96&d=mm&r=g","contentUrl":"https:\/\/secure.gravatar.com\/avatar\/774b97a236576c6cd100e82452aeb7f3a9fcfe500434645d2ad3dda557f6980e?s=96&d=mm&r=g","caption":"Luca Carmagnola"},"url":"https:\/\/www.lacoifferie.ch\/?author=3"}]}},"_links":{"self":[{"href":"https:\/\/www.lacoifferie.ch\/index.php?rest_route=\/wp\/v2\/posts\/18849","targetHints":{"allow":["GET"]}}],"collection":[{"href":"https:\/\/www.lacoifferie.ch\/index.php?rest_route=\/wp\/v2\/posts"}],"about":[{"href":"https:\/\/www.lacoifferie.ch\/index.php?rest_route=\/wp\/v2\/types\/post"}],"author":[{"embeddable":true,"href":"https:\/\/www.lacoifferie.ch\/index.php?rest_route=\/wp\/v2\/users\/3"}],"replies":[{"embeddable":true,"href":"https:\/\/www.lacoifferie.ch\/index.php?rest_route=%2Fwp%2Fv2%2Fcomments&post=18849"}],"version-history":[{"count":5,"href":"https:\/\/www.lacoifferie.ch\/index.php?rest_route=\/wp\/v2\/posts\/18849\/revisions"}],"predecessor-version":[{"id":18902,"href":"https:\/\/www.lacoifferie.ch\/index.php?rest_route=\/wp\/v2\/posts\/18849\/revisions\/18902"}],"wp:featuredmedia":[{"embeddable":true,"href":"https:\/\/www.lacoifferie.ch\/index.php?rest_route=\/wp\/v2\/media\/18850"}],"wp:attachment":[{"href":"https:\/\/www.lacoifferie.ch\/index.php?rest_route=%2Fwp%2Fv2%2Fmedia&parent=18849"}],"wp:term":[{"taxonomy":"category","embeddable":true,"href":"https:\/\/www.lacoifferie.ch\/index.php?rest_route=%2Fwp%2Fv2%2Fcategories&post=18849"},{"taxonomy":"post_tag","embeddable":true,"href":"https:\/\/www.lacoifferie.ch\/index.php?rest_route=%2Fwp%2Fv2%2Ftags&post=18849"}],"curies":[{"name":"wp","href":"https:\/\/api.w.org\/{rel}","templated":true}]}}