{"id":2063,"date":"2012-12-04T14:10:35","date_gmt":"2012-12-04T12:10:35","guid":{"rendered":"http:\/\/www.lacoifferie.ch\/site\/?p=2063"},"modified":"2012-12-04T14:10:35","modified_gmt":"2012-12-04T12:10:35","slug":"kataryna-est-de-retour","status":"publish","type":"post","link":"https:\/\/www.lacoifferie.ch\/?p=2063","title":{"rendered":"Kataryna est de retour !!!"},"content":{"rendered":"<div>\n<div>\n<div>Et oui, pour nous \u00e9pauler pendant le cong\u00e9 maternit\u00e9 de <em><strong>Paula<\/strong><\/em>, <strong>Kataryna<\/strong>, coiffeuse qualifi\u00e9e, est l\u00e0 depuis ce matin \u00e0 <strong>La Coifferie<\/strong> et ceci<span style=\"text-decoration: underline;\"> jusqu&rsquo;\u00e0 la fin avril<\/span>.<br \/>\nNous lui souhaitons la bienvenue et un heureux s\u00e9jour parmi nous.<\/div>\n<div><\/div>\n<\/div>\n<\/div>\n","protected":false},"excerpt":{"rendered":"<p>Et oui, pour nous \u00e9pauler pendant le cong\u00e9 maternit\u00e9 de Paula, Kataryna, coiffeuse qualifi\u00e9e, est l\u00e0 depuis ce matin \u00e0 La Coifferie et ceci jusqu&rsquo;\u00e0 la fin avril. Nous lui souhaitons la bienvenue et un heureux s\u00e9jour parmi nous.<\/p>\n","protected":false},"author":3,"featured_media":2064,"comment_status":"open","ping_status":"open","sticky":false,"template":"","format":"image","meta":{"footnotes":""},"categories":[1],"tags":[138,188,179,137,97],"class_list":["post-2063","post","type-post","status-publish","format-image","has-post-thumbnail","hentry","category-non-classe","tag-buchs","tag-la-coifferie-11","tag-team-2","tag-veronique","tag-vevey","post_format-post-format-image"],"yoast_head":"<!-- This site is optimized with the Yoast SEO plugin v27.1.1 - https:\/\/yoast.com\/product\/yoast-seo-wordpress\/ -->\n<title>Kataryna est de retour !!! - La Coifferie par V\u00e9ronique Buchs - salon de coiffure \u00e0 Vevey<\/title>\n<meta name=\"robots\" content=\"index, follow, max-snippet:-1, max-image-preview:large, max-video-preview:-1\" \/>\n<link rel=\"canonical\" href=\"https:\/\/www.lacoifferie.ch\/?p=2063\" \/>\n<meta property=\"og:locale\" content=\"fr_FR\" \/>\n<meta property=\"og:type\" content=\"article\" \/>\n<meta property=\"og:title\" content=\"Kataryna est de retour !!! - La Coifferie par V\u00e9ronique Buchs - salon de coiffure \u00e0 Vevey\" \/>\n<meta property=\"og:description\" content=\"Et oui, pour nous \u00e9pauler pendant le cong\u00e9 maternit\u00e9 de Paula, Kataryna, coiffeuse qualifi\u00e9e, est l\u00e0 depuis ce matin \u00e0 La Coifferie et ceci jusqu&rsquo;\u00e0 la fin avril. Nous lui souhaitons la bienvenue et un heureux s\u00e9jour parmi nous.\" \/>\n<meta property=\"og:url\" content=\"https:\/\/www.lacoifferie.ch\/?p=2063\" \/>\n<meta property=\"og:site_name\" content=\"La Coifferie par V\u00e9ronique Buchs - salon de coiffure \u00e0 Vevey\" \/>\n<meta property=\"article:publisher\" content=\"https:\/\/www.facebook.com\/lacoifferievevey\" \/>\n<meta property=\"article:published_time\" content=\"2012-12-04T12:10:35+00:00\" \/>\n<meta name=\"author\" content=\"Luca Carmagnola\" \/>\n<meta name=\"twitter:card\" content=\"summary_large_image\" \/>\n<meta name=\"twitter:label1\" content=\"\u00c9crit par\" \/>\n\t<meta name=\"twitter:data1\" content=\"Luca Carmagnola\" \/>\n<script type=\"application\/ld+json\" class=\"yoast-schema-graph\">{\"@context\":\"https:\/\/schema.org\",\"@graph\":[{\"@type\":\"Article\",\"@id\":\"https:\/\/www.lacoifferie.ch\/?p=2063#article\",\"isPartOf\":{\"@id\":\"https:\/\/www.lacoifferie.ch\/?p=2063\"},\"author\":{\"name\":\"Luca Carmagnola\",\"@id\":\"https:\/\/www.lacoifferie.ch\/#\/schema\/person\/f29f7fa0af92315442d1c512255e9c38\"},\"headline\":\"Kataryna est de retour !!!\",\"datePublished\":\"2012-12-04T12:10:35+00:00\",\"mainEntityOfPage\":{\"@id\":\"https:\/\/www.lacoifferie.ch\/?p=2063\"},\"wordCount\":44,\"commentCount\":0,\"publisher\":{\"@id\":\"https:\/\/www.lacoifferie.ch\/#organization\"},\"image\":{\"@id\":\"https:\/\/www.lacoifferie.ch\/?p=2063#primaryimage\"},\"thumbnailUrl\":\"\",\"keywords\":[\"buchs\",\"la coifferie\",\"team\",\"v\u00e9ronique\",\"vevey\"],\"inLanguage\":\"fr-FR\",\"potentialAction\":[{\"@type\":\"CommentAction\",\"name\":\"Comment\",\"target\":[\"https:\/\/www.lacoifferie.ch\/?p=2063#respond\"]}]},{\"@type\":\"WebPage\",\"@id\":\"https:\/\/www.lacoifferie.ch\/?p=2063\",\"url\":\"https:\/\/www.lacoifferie.ch\/?p=2063\",\"name\":\"Kataryna est de retour !!! - La Coifferie par V\u00e9ronique Buchs - salon de coiffure \u00e0 Vevey\",\"isPartOf\":{\"@id\":\"https:\/\/www.lacoifferie.ch\/#website\"},\"primaryImageOfPage\":{\"@id\":\"https:\/\/www.lacoifferie.ch\/?p=2063#primaryimage\"},\"image\":{\"@id\":\"https:\/\/www.lacoifferie.ch\/?p=2063#primaryimage\"},\"thumbnailUrl\":\"\",\"datePublished\":\"2012-12-04T12:10:35+00:00\",\"breadcrumb\":{\"@id\":\"https:\/\/www.lacoifferie.ch\/?p=2063#breadcrumb\"},\"inLanguage\":\"fr-FR\",\"potentialAction\":[{\"@type\":\"ReadAction\",\"target\":[\"https:\/\/www.lacoifferie.ch\/?p=2063\"]}]},{\"@type\":\"ImageObject\",\"inLanguage\":\"fr-FR\",\"@id\":\"https:\/\/www.lacoifferie.ch\/?p=2063#primaryimage\",\"url\":\"\",\"contentUrl\":\"\"},{\"@type\":\"BreadcrumbList\",\"@id\":\"https:\/\/www.lacoifferie.ch\/?p=2063#breadcrumb\",\"itemListElement\":[{\"@type\":\"ListItem\",\"position\":1,\"name\":\"Accueil\",\"item\":\"https:\/\/www.lacoifferie.ch\/\"},{\"@type\":\"ListItem\",\"position\":2,\"name\":\"Kataryna est de retour !!!\"}]},{\"@type\":\"WebSite\",\"@id\":\"https:\/\/www.lacoifferie.ch\/#website\",\"url\":\"https:\/\/www.lacoifferie.ch\/\",\"name\":\"La Coifferie par V\u00e9ronique Buchs - salon de coiffure \u00e0 Vevey\",\"description\":\"Pour votre bien \u00eatre ...\",\"publisher\":{\"@id\":\"https:\/\/www.lacoifferie.ch\/#organization\"},\"potentialAction\":[{\"@type\":\"SearchAction\",\"target\":{\"@type\":\"EntryPoint\",\"urlTemplate\":\"https:\/\/www.lacoifferie.ch\/?s={search_term_string}\"},\"query-input\":{\"@type\":\"PropertyValueSpecification\",\"valueRequired\":true,\"valueName\":\"search_term_string\"}}],\"inLanguage\":\"fr-FR\"},{\"@type\":\"Organization\",\"@id\":\"https:\/\/www.lacoifferie.ch\/#organization\",\"name\":\"La Coifferie par V\u00e9ronique Buchs - salon de coiffure \u00e0 Vevey\",\"url\":\"https:\/\/www.lacoifferie.ch\/\",\"logo\":{\"@type\":\"ImageObject\",\"inLanguage\":\"fr-FR\",\"@id\":\"https:\/\/www.lacoifferie.ch\/#\/schema\/logo\/image\/\",\"url\":\"https:\/\/www.lacoifferie.ch\/new\/wp-content\/uploads\/2014\/09\/logo2017_black-1.png\",\"contentUrl\":\"https:\/\/www.lacoifferie.ch\/new\/wp-content\/uploads\/2014\/09\/logo2017_black-1.png\",\"width\":376,\"height\":190,\"caption\":\"La Coifferie par V\u00e9ronique Buchs - salon de coiffure \u00e0 Vevey\"},\"image\":{\"@id\":\"https:\/\/www.lacoifferie.ch\/#\/schema\/logo\/image\/\"},\"sameAs\":[\"https:\/\/www.facebook.com\/lacoifferievevey\",\"https:\/\/www.instagram.com\/lacoifferievevey\/\"]},{\"@type\":\"Person\",\"@id\":\"https:\/\/www.lacoifferie.ch\/#\/schema\/person\/f29f7fa0af92315442d1c512255e9c38\",\"name\":\"Luca Carmagnola\",\"image\":{\"@type\":\"ImageObject\",\"inLanguage\":\"fr-FR\",\"@id\":\"https:\/\/www.lacoifferie.ch\/#\/schema\/person\/image\/\",\"url\":\"https:\/\/secure.gravatar.com\/avatar\/774b97a236576c6cd100e82452aeb7f3a9fcfe500434645d2ad3dda557f6980e?s=96&d=mm&r=g\",\"contentUrl\":\"https:\/\/secure.gravatar.com\/avatar\/774b97a236576c6cd100e82452aeb7f3a9fcfe500434645d2ad3dda557f6980e?s=96&d=mm&r=g\",\"caption\":\"Luca Carmagnola\"},\"url\":\"https:\/\/www.lacoifferie.ch\/?author=3\"}]}<\/script>\n<!-- \/ Yoast SEO plugin. -->","yoast_head_json":{"title":"Kataryna est de retour !!! - La Coifferie par V\u00e9ronique Buchs - salon de coiffure \u00e0 Vevey","robots":{"index":"index","follow":"follow","max-snippet":"max-snippet:-1","max-image-preview":"max-image-preview:large","max-video-preview":"max-video-preview:-1"},"canonical":"https:\/\/www.lacoifferie.ch\/?p=2063","og_locale":"fr_FR","og_type":"article","og_title":"Kataryna est de retour !!! - La Coifferie par V\u00e9ronique Buchs - salon de coiffure \u00e0 Vevey","og_description":"Et oui, pour nous \u00e9pauler pendant le cong\u00e9 maternit\u00e9 de Paula, Kataryna, coiffeuse qualifi\u00e9e, est l\u00e0 depuis ce matin \u00e0 La Coifferie et ceci jusqu&rsquo;\u00e0 la fin avril. Nous lui souhaitons la bienvenue et un heureux s\u00e9jour parmi nous.","og_url":"https:\/\/www.lacoifferie.ch\/?p=2063","og_site_name":"La Coifferie par V\u00e9ronique Buchs - salon de coiffure \u00e0 Vevey","article_publisher":"https:\/\/www.facebook.com\/lacoifferievevey","article_published_time":"2012-12-04T12:10:35+00:00","author":"Luca Carmagnola","twitter_card":"summary_large_image","twitter_misc":{"\u00c9crit par":"Luca Carmagnola"},"schema":{"@context":"https:\/\/schema.org","@graph":[{"@type":"Article","@id":"https:\/\/www.lacoifferie.ch\/?p=2063#article","isPartOf":{"@id":"https:\/\/www.lacoifferie.ch\/?p=2063"},"author":{"name":"Luca Carmagnola","@id":"https:\/\/www.lacoifferie.ch\/#\/schema\/person\/f29f7fa0af92315442d1c512255e9c38"},"headline":"Kataryna est de retour !!!","datePublished":"2012-12-04T12:10:35+00:00","mainEntityOfPage":{"@id":"https:\/\/www.lacoifferie.ch\/?p=2063"},"wordCount":44,"commentCount":0,"publisher":{"@id":"https:\/\/www.lacoifferie.ch\/#organization"},"image":{"@id":"https:\/\/www.lacoifferie.ch\/?p=2063#primaryimage"},"thumbnailUrl":"","keywords":["buchs","la coifferie","team","v\u00e9ronique","vevey"],"inLanguage":"fr-FR","potentialAction":[{"@type":"CommentAction","name":"Comment","target":["https:\/\/www.lacoifferie.ch\/?p=2063#respond"]}]},{"@type":"WebPage","@id":"https:\/\/www.lacoifferie.ch\/?p=2063","url":"https:\/\/www.lacoifferie.ch\/?p=2063","name":"Kataryna est de retour !!! - La Coifferie par V\u00e9ronique Buchs - salon de coiffure \u00e0 Vevey","isPartOf":{"@id":"https:\/\/www.lacoifferie.ch\/#website"},"primaryImageOfPage":{"@id":"https:\/\/www.lacoifferie.ch\/?p=2063#primaryimage"},"image":{"@id":"https:\/\/www.lacoifferie.ch\/?p=2063#primaryimage"},"thumbnailUrl":"","datePublished":"2012-12-04T12:10:35+00:00","breadcrumb":{"@id":"https:\/\/www.lacoifferie.ch\/?p=2063#breadcrumb"},"inLanguage":"fr-FR","potentialAction":[{"@type":"ReadAction","target":["https:\/\/www.lacoifferie.ch\/?p=2063"]}]},{"@type":"ImageObject","inLanguage":"fr-FR","@id":"https:\/\/www.lacoifferie.ch\/?p=2063#primaryimage","url":"","contentUrl":""},{"@type":"BreadcrumbList","@id":"https:\/\/www.lacoifferie.ch\/?p=2063#breadcrumb","itemListElement":[{"@type":"ListItem","position":1,"name":"Accueil","item":"https:\/\/www.lacoifferie.ch\/"},{"@type":"ListItem","position":2,"name":"Kataryna est de retour !!!"}]},{"@type":"WebSite","@id":"https:\/\/www.lacoifferie.ch\/#website","url":"https:\/\/www.lacoifferie.ch\/","name":"La Coifferie par V\u00e9ronique Buchs - salon de coiffure \u00e0 Vevey","description":"Pour votre bien \u00eatre ...","publisher":{"@id":"https:\/\/www.lacoifferie.ch\/#organization"},"potentialAction":[{"@type":"SearchAction","target":{"@type":"EntryPoint","urlTemplate":"https:\/\/www.lacoifferie.ch\/?s={search_term_string}"},"query-input":{"@type":"PropertyValueSpecification","valueRequired":true,"valueName":"search_term_string"}}],"inLanguage":"fr-FR"},{"@type":"Organization","@id":"https:\/\/www.lacoifferie.ch\/#organization","name":"La Coifferie par V\u00e9ronique Buchs - salon de coiffure \u00e0 Vevey","url":"https:\/\/www.lacoifferie.ch\/","logo":{"@type":"ImageObject","inLanguage":"fr-FR","@id":"https:\/\/www.lacoifferie.ch\/#\/schema\/logo\/image\/","url":"https:\/\/www.lacoifferie.ch\/new\/wp-content\/uploads\/2014\/09\/logo2017_black-1.png","contentUrl":"https:\/\/www.lacoifferie.ch\/new\/wp-content\/uploads\/2014\/09\/logo2017_black-1.png","width":376,"height":190,"caption":"La Coifferie par V\u00e9ronique Buchs - salon de coiffure \u00e0 Vevey"},"image":{"@id":"https:\/\/www.lacoifferie.ch\/#\/schema\/logo\/image\/"},"sameAs":["https:\/\/www.facebook.com\/lacoifferievevey","https:\/\/www.instagram.com\/lacoifferievevey\/"]},{"@type":"Person","@id":"https:\/\/www.lacoifferie.ch\/#\/schema\/person\/f29f7fa0af92315442d1c512255e9c38","name":"Luca Carmagnola","image":{"@type":"ImageObject","inLanguage":"fr-FR","@id":"https:\/\/www.lacoifferie.ch\/#\/schema\/person\/image\/","url":"https:\/\/secure.gravatar.com\/avatar\/774b97a236576c6cd100e82452aeb7f3a9fcfe500434645d2ad3dda557f6980e?s=96&d=mm&r=g","contentUrl":"https:\/\/secure.gravatar.com\/avatar\/774b97a236576c6cd100e82452aeb7f3a9fcfe500434645d2ad3dda557f6980e?s=96&d=mm&r=g","caption":"Luca Carmagnola"},"url":"https:\/\/www.lacoifferie.ch\/?author=3"}]}},"_links":{"self":[{"href":"https:\/\/www.lacoifferie.ch\/index.php?rest_route=\/wp\/v2\/posts\/2063","targetHints":{"allow":["GET"]}}],"collection":[{"href":"https:\/\/www.lacoifferie.ch\/index.php?rest_route=\/wp\/v2\/posts"}],"about":[{"href":"https:\/\/www.lacoifferie.ch\/index.php?rest_route=\/wp\/v2\/types\/post"}],"author":[{"embeddable":true,"href":"https:\/\/www.lacoifferie.ch\/index.php?rest_route=\/wp\/v2\/users\/3"}],"replies":[{"embeddable":true,"href":"https:\/\/www.lacoifferie.ch\/index.php?rest_route=%2Fwp%2Fv2%2Fcomments&post=2063"}],"version-history":[{"count":0,"href":"https:\/\/www.lacoifferie.ch\/index.php?rest_route=\/wp\/v2\/posts\/2063\/revisions"}],"wp:featuredmedia":[{"embeddable":true,"href":"https:\/\/www.lacoifferie.ch\/index.php?rest_route=\/"}],"wp:attachment":[{"href":"https:\/\/www.lacoifferie.ch\/index.php?rest_route=%2Fwp%2Fv2%2Fmedia&parent=2063"}],"wp:term":[{"taxonomy":"category","embeddable":true,"href":"https:\/\/www.lacoifferie.ch\/index.php?rest_route=%2Fwp%2Fv2%2Fcategories&post=2063"},{"taxonomy":"post_tag","embeddable":true,"href":"https:\/\/www.lacoifferie.ch\/index.php?rest_route=%2Fwp%2Fv2%2Ftags&post=2063"}],"curies":[{"name":"wp","href":"https:\/\/api.w.org\/{rel}","templated":true}]}}