{"id":2108,"date":"2012-12-31T12:13:12","date_gmt":"2012-12-31T10:13:12","guid":{"rendered":"http:\/\/www.lacoifferie.ch\/site\/?p=2108"},"modified":"2012-12-31T12:13:12","modified_gmt":"2012-12-31T10:13:12","slug":"aperitif-de-fin-dannee-avec-les-commercants-de-la-vieille-ville","status":"publish","type":"post","link":"https:\/\/www.lacoifferie.ch\/?p=2108","title":{"rendered":"Ap\u00e9ritif de fin d&rsquo;ann\u00e9e avec les commer\u00e7ants de la vieille ville"},"content":{"rendered":"<p>Cette ann\u00e9e, une ancienne tradition des commer\u00e7ants de la vieille ville a refait surface gr\u00e2ce<br \/>\n\u00e0 <a href=\"http:\/\/www.lairdutemps.ch\" target=\"_blank\"><strong>L&rsquo;Air du Temps<\/strong>,<\/a> <a href=\"http:\/\/www.lionel-meylan.ch\/\" target=\"_blank\"><strong>La Bijouterie Meylan <\/strong><\/a>et <a href=\"http:\/\/www.lacoifferie.ch\/\" target=\"_blank\"><strong>La Coifferie<\/strong><\/a>.<strong><br \/>\n<\/strong>D\u00e8s 18h30 ce vendredi soir, env. 75 commer\u00e7ants et leurs collaborateurs se sont r\u00e9unis \u00e0 la rue des Deux March\u00e9s pour boire une fl\u00fbte de champagne, grignoter quelques plats de charcuterie de la boucherie<a href=\"http:\/\/www.boucherie-ruchet.ch\/\" target=\"_blank\"><strong> Ruchet<\/strong><\/a> et des l\u00e9gumes de chez <a href=\"http:\/\/www.ratatouille-shop.ch\/\" target=\"_blank\"><strong>Ratatouille<\/strong><\/a>, trinquer \u00e0 l&rsquo;ann\u00e9e \u00e9coul\u00e9e et discuter des projets 2013.<br \/>\nC&rsquo;\u00e9tait l&rsquo;occasion de se revoir en toute s\u00e9r\u00e9nit\u00e9, sans le stress et renouer des liens.<br \/>\nDu coup, un <strong>nabuchodonosor<\/strong> de <em><strong>Champagne Lanson<\/strong><\/em>, (<strong>soit 15 litres !!!<\/strong>) a \u00e9t\u00e9 ouverte &#8230; et enti\u00e8rement bue !!!<\/p>\n<p>Merci \u00e0 tous les commer\u00e7ants d&rsquo;avoir pris un peu de leur pr\u00e9cieux temps pour festoyer en toute simplicit\u00e9 et nous vous donnons rendez-vous l&rsquo;ann\u00e9e prochaine pour perdurer cette vieille tradition.<br \/>\n<strong>Excellente Ann\u00e9e 2013 !!!<\/strong><\/p>\n<p>&nbsp;<\/p>\n","protected":false},"excerpt":{"rendered":"<p>Cette ann\u00e9e, une ancienne tradition des commer\u00e7ants de la vieille ville a refait surface gr\u00e2ce \u00e0 L&rsquo;Air du Temps, La Bijouterie Meylan et La Coifferie. D\u00e8s 18h30 ce vendredi soir, env. 75 commer\u00e7ants et leurs collaborateurs se sont r\u00e9unis \u00e0 la rue des Deux March\u00e9s&#8230;<\/p>\n","protected":false},"author":3,"featured_media":0,"comment_status":"open","ping_status":"open","sticky":false,"template":"","format":"gallery","meta":{"footnotes":""},"categories":[107,104,157,200,201],"tags":[196,197,198,199,178,179,202,97],"class_list":["post-2108","post","type-post","status-publish","format-gallery","hentry","category-actualite","category-blog-la-coifferie","category-blog-2","category-coifferie-2","category-salo","tag-champagne","tag-lair-du-temps","tag-la-bijouterie-meylan","tag-la-coifferie-14","tag-party","tag-team-2","tag-tradition","tag-vevey","post_format-post-format-gallery"],"yoast_head":"<!-- This site is optimized with the Yoast SEO plugin v27.1.1 - https:\/\/yoast.com\/product\/yoast-seo-wordpress\/ -->\n<title>Ap\u00e9ritif de fin d&#039;ann\u00e9e avec les commer\u00e7ants de la vieille ville - La Coifferie par V\u00e9ronique Buchs - salon de coiffure \u00e0 Vevey<\/title>\n<meta name=\"robots\" content=\"index, follow, max-snippet:-1, max-image-preview:large, max-video-preview:-1\" \/>\n<link rel=\"canonical\" href=\"https:\/\/www.lacoifferie.ch\/?p=2108\" \/>\n<meta property=\"og:locale\" content=\"fr_FR\" \/>\n<meta property=\"og:type\" content=\"article\" \/>\n<meta property=\"og:title\" content=\"Ap\u00e9ritif de fin d&#039;ann\u00e9e avec les commer\u00e7ants de la vieille ville - La Coifferie par V\u00e9ronique Buchs - salon de coiffure \u00e0 Vevey\" \/>\n<meta property=\"og:description\" content=\"Cette ann\u00e9e, une ancienne tradition des commer\u00e7ants de la vieille ville a refait surface gr\u00e2ce \u00e0 L&rsquo;Air du Temps, La Bijouterie Meylan et La Coifferie. D\u00e8s 18h30 ce vendredi soir, env. 75 commer\u00e7ants et leurs collaborateurs se sont r\u00e9unis \u00e0 la rue des Deux March\u00e9s...\" \/>\n<meta property=\"og:url\" content=\"https:\/\/www.lacoifferie.ch\/?p=2108\" \/>\n<meta property=\"og:site_name\" content=\"La Coifferie par V\u00e9ronique Buchs - salon de coiffure \u00e0 Vevey\" \/>\n<meta property=\"article:publisher\" content=\"https:\/\/www.facebook.com\/lacoifferievevey\" \/>\n<meta property=\"article:published_time\" content=\"2012-12-31T10:13:12+00:00\" \/>\n<meta name=\"author\" content=\"Luca Carmagnola\" \/>\n<meta name=\"twitter:card\" content=\"summary_large_image\" \/>\n<meta name=\"twitter:label1\" content=\"\u00c9crit par\" \/>\n\t<meta name=\"twitter:data1\" content=\"Luca Carmagnola\" \/>\n\t<meta name=\"twitter:label2\" content=\"Dur\u00e9e de lecture estim\u00e9e\" \/>\n\t<meta name=\"twitter:data2\" content=\"1 minute\" \/>\n<script type=\"application\/ld+json\" class=\"yoast-schema-graph\">{\"@context\":\"https:\/\/schema.org\",\"@graph\":[{\"@type\":\"Article\",\"@id\":\"https:\/\/www.lacoifferie.ch\/?p=2108#article\",\"isPartOf\":{\"@id\":\"https:\/\/www.lacoifferie.ch\/?p=2108\"},\"author\":{\"name\":\"Luca Carmagnola\",\"@id\":\"https:\/\/www.lacoifferie.ch\/#\/schema\/person\/f29f7fa0af92315442d1c512255e9c38\"},\"headline\":\"Ap\u00e9ritif de fin d&rsquo;ann\u00e9e avec les commer\u00e7ants de la vieille ville\",\"datePublished\":\"2012-12-31T10:13:12+00:00\",\"mainEntityOfPage\":{\"@id\":\"https:\/\/www.lacoifferie.ch\/?p=2108\"},\"wordCount\":171,\"commentCount\":0,\"publisher\":{\"@id\":\"https:\/\/www.lacoifferie.ch\/#organization\"},\"keywords\":[\"champagne\",\"l'air du temps\",\"la bijouterie Meylan\",\"la coifferie\",\"Party\",\"team\",\"tradition\",\"vevey\"],\"articleSection\":[\"Actualit\u00e9\",\"Blog\",\"Blog\",\"La Coifferie\",\"Le Salon\"],\"inLanguage\":\"fr-FR\",\"potentialAction\":[{\"@type\":\"CommentAction\",\"name\":\"Comment\",\"target\":[\"https:\/\/www.lacoifferie.ch\/?p=2108#respond\"]}]},{\"@type\":\"WebPage\",\"@id\":\"https:\/\/www.lacoifferie.ch\/?p=2108\",\"url\":\"https:\/\/www.lacoifferie.ch\/?p=2108\",\"name\":\"Ap\u00e9ritif de fin d'ann\u00e9e avec les commer\u00e7ants de la vieille ville - La Coifferie par V\u00e9ronique Buchs - salon de coiffure \u00e0 Vevey\",\"isPartOf\":{\"@id\":\"https:\/\/www.lacoifferie.ch\/#website\"},\"datePublished\":\"2012-12-31T10:13:12+00:00\",\"breadcrumb\":{\"@id\":\"https:\/\/www.lacoifferie.ch\/?p=2108#breadcrumb\"},\"inLanguage\":\"fr-FR\",\"potentialAction\":[{\"@type\":\"ReadAction\",\"target\":[\"https:\/\/www.lacoifferie.ch\/?p=2108\"]}]},{\"@type\":\"BreadcrumbList\",\"@id\":\"https:\/\/www.lacoifferie.ch\/?p=2108#breadcrumb\",\"itemListElement\":[{\"@type\":\"ListItem\",\"position\":1,\"name\":\"Accueil\",\"item\":\"https:\/\/www.lacoifferie.ch\/\"},{\"@type\":\"ListItem\",\"position\":2,\"name\":\"Ap\u00e9ritif de fin d&rsquo;ann\u00e9e avec les commer\u00e7ants de la vieille ville\"}]},{\"@type\":\"WebSite\",\"@id\":\"https:\/\/www.lacoifferie.ch\/#website\",\"url\":\"https:\/\/www.lacoifferie.ch\/\",\"name\":\"La Coifferie par V\u00e9ronique Buchs - salon de coiffure \u00e0 Vevey\",\"description\":\"Pour votre bien \u00eatre ...\",\"publisher\":{\"@id\":\"https:\/\/www.lacoifferie.ch\/#organization\"},\"potentialAction\":[{\"@type\":\"SearchAction\",\"target\":{\"@type\":\"EntryPoint\",\"urlTemplate\":\"https:\/\/www.lacoifferie.ch\/?s={search_term_string}\"},\"query-input\":{\"@type\":\"PropertyValueSpecification\",\"valueRequired\":true,\"valueName\":\"search_term_string\"}}],\"inLanguage\":\"fr-FR\"},{\"@type\":\"Organization\",\"@id\":\"https:\/\/www.lacoifferie.ch\/#organization\",\"name\":\"La Coifferie par V\u00e9ronique Buchs - salon de coiffure \u00e0 Vevey\",\"url\":\"https:\/\/www.lacoifferie.ch\/\",\"logo\":{\"@type\":\"ImageObject\",\"inLanguage\":\"fr-FR\",\"@id\":\"https:\/\/www.lacoifferie.ch\/#\/schema\/logo\/image\/\",\"url\":\"https:\/\/www.lacoifferie.ch\/new\/wp-content\/uploads\/2014\/09\/logo2017_black-1.png\",\"contentUrl\":\"https:\/\/www.lacoifferie.ch\/new\/wp-content\/uploads\/2014\/09\/logo2017_black-1.png\",\"width\":376,\"height\":190,\"caption\":\"La Coifferie par V\u00e9ronique Buchs - salon de coiffure \u00e0 Vevey\"},\"image\":{\"@id\":\"https:\/\/www.lacoifferie.ch\/#\/schema\/logo\/image\/\"},\"sameAs\":[\"https:\/\/www.facebook.com\/lacoifferievevey\",\"https:\/\/www.instagram.com\/lacoifferievevey\/\"]},{\"@type\":\"Person\",\"@id\":\"https:\/\/www.lacoifferie.ch\/#\/schema\/person\/f29f7fa0af92315442d1c512255e9c38\",\"name\":\"Luca Carmagnola\",\"image\":{\"@type\":\"ImageObject\",\"inLanguage\":\"fr-FR\",\"@id\":\"https:\/\/www.lacoifferie.ch\/#\/schema\/person\/image\/\",\"url\":\"https:\/\/secure.gravatar.com\/avatar\/774b97a236576c6cd100e82452aeb7f3a9fcfe500434645d2ad3dda557f6980e?s=96&d=mm&r=g\",\"contentUrl\":\"https:\/\/secure.gravatar.com\/avatar\/774b97a236576c6cd100e82452aeb7f3a9fcfe500434645d2ad3dda557f6980e?s=96&d=mm&r=g\",\"caption\":\"Luca Carmagnola\"},\"url\":\"https:\/\/www.lacoifferie.ch\/?author=3\"}]}<\/script>\n<!-- \/ Yoast SEO plugin. -->","yoast_head_json":{"title":"Ap\u00e9ritif de fin d'ann\u00e9e avec les commer\u00e7ants de la vieille ville - La Coifferie par V\u00e9ronique Buchs - salon de coiffure \u00e0 Vevey","robots":{"index":"index","follow":"follow","max-snippet":"max-snippet:-1","max-image-preview":"max-image-preview:large","max-video-preview":"max-video-preview:-1"},"canonical":"https:\/\/www.lacoifferie.ch\/?p=2108","og_locale":"fr_FR","og_type":"article","og_title":"Ap\u00e9ritif de fin d'ann\u00e9e avec les commer\u00e7ants de la vieille ville - La Coifferie par V\u00e9ronique Buchs - salon de coiffure \u00e0 Vevey","og_description":"Cette ann\u00e9e, une ancienne tradition des commer\u00e7ants de la vieille ville a refait surface gr\u00e2ce \u00e0 L&rsquo;Air du Temps, La Bijouterie Meylan et La Coifferie. D\u00e8s 18h30 ce vendredi soir, env. 75 commer\u00e7ants et leurs collaborateurs se sont r\u00e9unis \u00e0 la rue des Deux March\u00e9s...","og_url":"https:\/\/www.lacoifferie.ch\/?p=2108","og_site_name":"La Coifferie par V\u00e9ronique Buchs - salon de coiffure \u00e0 Vevey","article_publisher":"https:\/\/www.facebook.com\/lacoifferievevey","article_published_time":"2012-12-31T10:13:12+00:00","author":"Luca Carmagnola","twitter_card":"summary_large_image","twitter_misc":{"\u00c9crit par":"Luca Carmagnola","Dur\u00e9e de lecture estim\u00e9e":"1 minute"},"schema":{"@context":"https:\/\/schema.org","@graph":[{"@type":"Article","@id":"https:\/\/www.lacoifferie.ch\/?p=2108#article","isPartOf":{"@id":"https:\/\/www.lacoifferie.ch\/?p=2108"},"author":{"name":"Luca Carmagnola","@id":"https:\/\/www.lacoifferie.ch\/#\/schema\/person\/f29f7fa0af92315442d1c512255e9c38"},"headline":"Ap\u00e9ritif de fin d&rsquo;ann\u00e9e avec les commer\u00e7ants de la vieille ville","datePublished":"2012-12-31T10:13:12+00:00","mainEntityOfPage":{"@id":"https:\/\/www.lacoifferie.ch\/?p=2108"},"wordCount":171,"commentCount":0,"publisher":{"@id":"https:\/\/www.lacoifferie.ch\/#organization"},"keywords":["champagne","l'air du temps","la bijouterie Meylan","la coifferie","Party","team","tradition","vevey"],"articleSection":["Actualit\u00e9","Blog","Blog","La Coifferie","Le Salon"],"inLanguage":"fr-FR","potentialAction":[{"@type":"CommentAction","name":"Comment","target":["https:\/\/www.lacoifferie.ch\/?p=2108#respond"]}]},{"@type":"WebPage","@id":"https:\/\/www.lacoifferie.ch\/?p=2108","url":"https:\/\/www.lacoifferie.ch\/?p=2108","name":"Ap\u00e9ritif de fin d'ann\u00e9e avec les commer\u00e7ants de la vieille ville - La Coifferie par V\u00e9ronique Buchs - salon de coiffure \u00e0 Vevey","isPartOf":{"@id":"https:\/\/www.lacoifferie.ch\/#website"},"datePublished":"2012-12-31T10:13:12+00:00","breadcrumb":{"@id":"https:\/\/www.lacoifferie.ch\/?p=2108#breadcrumb"},"inLanguage":"fr-FR","potentialAction":[{"@type":"ReadAction","target":["https:\/\/www.lacoifferie.ch\/?p=2108"]}]},{"@type":"BreadcrumbList","@id":"https:\/\/www.lacoifferie.ch\/?p=2108#breadcrumb","itemListElement":[{"@type":"ListItem","position":1,"name":"Accueil","item":"https:\/\/www.lacoifferie.ch\/"},{"@type":"ListItem","position":2,"name":"Ap\u00e9ritif de fin d&rsquo;ann\u00e9e avec les commer\u00e7ants de la vieille ville"}]},{"@type":"WebSite","@id":"https:\/\/www.lacoifferie.ch\/#website","url":"https:\/\/www.lacoifferie.ch\/","name":"La Coifferie par V\u00e9ronique Buchs - salon de coiffure \u00e0 Vevey","description":"Pour votre bien \u00eatre ...","publisher":{"@id":"https:\/\/www.lacoifferie.ch\/#organization"},"potentialAction":[{"@type":"SearchAction","target":{"@type":"EntryPoint","urlTemplate":"https:\/\/www.lacoifferie.ch\/?s={search_term_string}"},"query-input":{"@type":"PropertyValueSpecification","valueRequired":true,"valueName":"search_term_string"}}],"inLanguage":"fr-FR"},{"@type":"Organization","@id":"https:\/\/www.lacoifferie.ch\/#organization","name":"La Coifferie par V\u00e9ronique Buchs - salon de coiffure \u00e0 Vevey","url":"https:\/\/www.lacoifferie.ch\/","logo":{"@type":"ImageObject","inLanguage":"fr-FR","@id":"https:\/\/www.lacoifferie.ch\/#\/schema\/logo\/image\/","url":"https:\/\/www.lacoifferie.ch\/new\/wp-content\/uploads\/2014\/09\/logo2017_black-1.png","contentUrl":"https:\/\/www.lacoifferie.ch\/new\/wp-content\/uploads\/2014\/09\/logo2017_black-1.png","width":376,"height":190,"caption":"La Coifferie par V\u00e9ronique Buchs - salon de coiffure \u00e0 Vevey"},"image":{"@id":"https:\/\/www.lacoifferie.ch\/#\/schema\/logo\/image\/"},"sameAs":["https:\/\/www.facebook.com\/lacoifferievevey","https:\/\/www.instagram.com\/lacoifferievevey\/"]},{"@type":"Person","@id":"https:\/\/www.lacoifferie.ch\/#\/schema\/person\/f29f7fa0af92315442d1c512255e9c38","name":"Luca Carmagnola","image":{"@type":"ImageObject","inLanguage":"fr-FR","@id":"https:\/\/www.lacoifferie.ch\/#\/schema\/person\/image\/","url":"https:\/\/secure.gravatar.com\/avatar\/774b97a236576c6cd100e82452aeb7f3a9fcfe500434645d2ad3dda557f6980e?s=96&d=mm&r=g","contentUrl":"https:\/\/secure.gravatar.com\/avatar\/774b97a236576c6cd100e82452aeb7f3a9fcfe500434645d2ad3dda557f6980e?s=96&d=mm&r=g","caption":"Luca Carmagnola"},"url":"https:\/\/www.lacoifferie.ch\/?author=3"}]}},"_links":{"self":[{"href":"https:\/\/www.lacoifferie.ch\/index.php?rest_route=\/wp\/v2\/posts\/2108","targetHints":{"allow":["GET"]}}],"collection":[{"href":"https:\/\/www.lacoifferie.ch\/index.php?rest_route=\/wp\/v2\/posts"}],"about":[{"href":"https:\/\/www.lacoifferie.ch\/index.php?rest_route=\/wp\/v2\/types\/post"}],"author":[{"embeddable":true,"href":"https:\/\/www.lacoifferie.ch\/index.php?rest_route=\/wp\/v2\/users\/3"}],"replies":[{"embeddable":true,"href":"https:\/\/www.lacoifferie.ch\/index.php?rest_route=%2Fwp%2Fv2%2Fcomments&post=2108"}],"version-history":[{"count":0,"href":"https:\/\/www.lacoifferie.ch\/index.php?rest_route=\/wp\/v2\/posts\/2108\/revisions"}],"wp:attachment":[{"href":"https:\/\/www.lacoifferie.ch\/index.php?rest_route=%2Fwp%2Fv2%2Fmedia&parent=2108"}],"wp:term":[{"taxonomy":"category","embeddable":true,"href":"https:\/\/www.lacoifferie.ch\/index.php?rest_route=%2Fwp%2Fv2%2Fcategories&post=2108"},{"taxonomy":"post_tag","embeddable":true,"href":"https:\/\/www.lacoifferie.ch\/index.php?rest_route=%2Fwp%2Fv2%2Ftags&post=2108"}],"curies":[{"name":"wp","href":"https:\/\/api.w.org\/{rel}","templated":true}]}}