{"id":2186,"date":"2013-03-14T09:55:06","date_gmt":"2013-03-14T08:55:06","guid":{"rendered":"http:\/\/www.lacoifferie.ch\/site\/?p=2186"},"modified":"2014-08-30T00:21:13","modified_gmt":"2014-08-29T22:21:13","slug":"rideau","status":"publish","type":"post","link":"https:\/\/www.lacoifferie.ch\/?p=2186","title":{"rendered":"Un rideau se baisse et un autre se l\u00e8ve &#8230;"},"content":{"rendered":"<p>Ch\u00e8re cliente,<br \/>\nCher client,<\/p>\n<p>Si <strong><em>La Coifferie<\/em><\/strong> a l\u2019honneur et le grand plaisir de vous compter parmi ses fid\u00e8les clientes et clients, elle ne pourrait exister sans une \u00e9quipe de collaboratrices qui s\u2019efforcent de mettre tout en \u0153uvre afin de vous donner satisfaction.<\/p>\n<p>C\u2019est dans cette perspective que, depuis cinq ans, notre collaboratrice <strong>Adeline<\/strong> allie \u00e9nergie et exp\u00e9rience. Aussi, c\u2019est avec grand regret mais n\u00e9anmoins tous nos v\u0153ux pour la suite de sa carri\u00e8re professionnelle qu\u2019Adeline quittera\u00a0<strong><em>La Coifferie<\/em><\/strong> <span style=\"text-decoration: underline;\">le 30 avril prochain<\/span> pour d\u2019autres horizons.<\/p>\n<p>C\u2019est ainsi qu\u2019un rideau se baisse et qu\u2019un autre se l\u00e8ve pour accueillir <strong>St\u00e9phanie<\/strong> qui rejoindra notre \u00e9quipe <span style=\"text-decoration: underline;\">le 1<sup>er<\/sup> mai<\/span>, avec \u00e0 son actif 15 ans d\u2019exp\u00e9rience et pour seul objectif\u00a0: vous donner satisfaction.<\/p>\n<p>Avec nos meilleures messages et en vous remerciant pour votre fid\u00e9lit\u00e9.<\/p>\n<p>La Coifferie<\/p>\n<p><a href=\"http:\/\/www.lacoifferie.ch\/new\/wp-content\/uploads\/2013\/03\/adeline-stephanie.jpg\"><img loading=\"lazy\" decoding=\"async\" class=\"aligncenter  wp-image-17830\" src=\"http:\/\/www.lacoifferie.ch\/new\/wp-content\/uploads\/2013\/03\/adeline-stephanie.jpg\" alt=\"adeline-stephanie\" width=\"549\" height=\"408\" srcset=\"https:\/\/www.lacoifferie.ch\/new\/wp-content\/uploads\/2013\/03\/adeline-stephanie.jpg 808w, https:\/\/www.lacoifferie.ch\/new\/wp-content\/uploads\/2013\/03\/adeline-stephanie-300x222.jpg 300w\" sizes=\"auto, (max-width: 549px) 100vw, 549px\" \/><\/a><\/p>\n<p>&nbsp;<\/p>\n","protected":false},"excerpt":{"rendered":"<p>Ch\u00e8re cliente, Cher client, Si La Coifferie a l\u2019honneur et le grand plaisir de vous compter parmi ses fid\u00e8les clientes et clients, elle ne pourrait exister sans une \u00e9quipe de collaboratrices qui s\u2019efforcent de mettre tout en \u0153uvre afin de vous donner satisfaction. C\u2019est dans&#8230;<\/p>\n","protected":false},"author":3,"featured_media":2187,"comment_status":"open","ping_status":"open","sticky":false,"template":"","format":"standard","meta":{"footnotes":""},"categories":[107,157,104,221,201,222],"tags":[219,138,133,134,137,97],"class_list":["post-2186","post","type-post","status-publish","format-standard","has-post-thumbnail","hentry","category-actualite","category-blog-2","category-blog-la-coifferie","category-coifferie-7","category-salo","category-team-5","tag-219","tag-buchs","tag-la-coifferie-2","tag-team","tag-veronique","tag-vevey"],"yoast_head":"<!-- This site is optimized with the Yoast SEO plugin v27.1.1 - https:\/\/yoast.com\/product\/yoast-seo-wordpress\/ -->\n<title>Un rideau se baisse et un autre se l\u00e8ve ... - La Coifferie par V\u00e9ronique Buchs - salon de coiffure \u00e0 Vevey<\/title>\n<meta name=\"robots\" content=\"index, follow, max-snippet:-1, max-image-preview:large, max-video-preview:-1\" \/>\n<link rel=\"canonical\" href=\"https:\/\/www.lacoifferie.ch\/?p=2186\" \/>\n<meta property=\"og:locale\" content=\"fr_FR\" \/>\n<meta property=\"og:type\" content=\"article\" \/>\n<meta property=\"og:title\" content=\"Un rideau se baisse et un autre se l\u00e8ve ... - La Coifferie par V\u00e9ronique Buchs - salon de coiffure \u00e0 Vevey\" \/>\n<meta property=\"og:description\" content=\"Ch\u00e8re cliente, Cher client, Si La Coifferie a l\u2019honneur et le grand plaisir de vous compter parmi ses fid\u00e8les clientes et clients, elle ne pourrait exister sans une \u00e9quipe de collaboratrices qui s\u2019efforcent de mettre tout en \u0153uvre afin de vous donner satisfaction. C\u2019est dans...\" \/>\n<meta property=\"og:url\" content=\"https:\/\/www.lacoifferie.ch\/?p=2186\" \/>\n<meta property=\"og:site_name\" content=\"La Coifferie par V\u00e9ronique Buchs - salon de coiffure \u00e0 Vevey\" \/>\n<meta property=\"article:publisher\" content=\"https:\/\/www.facebook.com\/lacoifferievevey\" \/>\n<meta property=\"article:published_time\" content=\"2013-03-14T08:55:06+00:00\" \/>\n<meta property=\"article:modified_time\" content=\"2014-08-29T22:21:13+00:00\" \/>\n<meta name=\"author\" content=\"Luca Carmagnola\" \/>\n<meta name=\"twitter:card\" content=\"summary_large_image\" \/>\n<meta name=\"twitter:label1\" content=\"\u00c9crit par\" \/>\n\t<meta name=\"twitter:data1\" content=\"Luca Carmagnola\" \/>\n\t<meta name=\"twitter:label2\" content=\"Dur\u00e9e de lecture estim\u00e9e\" \/>\n\t<meta name=\"twitter:data2\" content=\"1 minute\" \/>\n<script type=\"application\/ld+json\" class=\"yoast-schema-graph\">{\"@context\":\"https:\/\/schema.org\",\"@graph\":[{\"@type\":\"Article\",\"@id\":\"https:\/\/www.lacoifferie.ch\/?p=2186#article\",\"isPartOf\":{\"@id\":\"https:\/\/www.lacoifferie.ch\/?p=2186\"},\"author\":{\"name\":\"Luca Carmagnola\",\"@id\":\"https:\/\/www.lacoifferie.ch\/#\/schema\/person\/f29f7fa0af92315442d1c512255e9c38\"},\"headline\":\"Un rideau se baisse et un autre se l\u00e8ve &#8230;\",\"datePublished\":\"2013-03-14T08:55:06+00:00\",\"dateModified\":\"2014-08-29T22:21:13+00:00\",\"mainEntityOfPage\":{\"@id\":\"https:\/\/www.lacoifferie.ch\/?p=2186\"},\"wordCount\":162,\"commentCount\":0,\"publisher\":{\"@id\":\"https:\/\/www.lacoifferie.ch\/#organization\"},\"image\":{\"@id\":\"https:\/\/www.lacoifferie.ch\/?p=2186#primaryimage\"},\"thumbnailUrl\":\"\",\"keywords\":[\"2013\",\"buchs\",\"la coifferie\",\"team\",\"v\u00e9ronique\",\"vevey\"],\"articleSection\":[\"Actualit\u00e9\",\"Blog\",\"Blog\",\"La Coifferie\",\"Le Salon\",\"Le Team\"],\"inLanguage\":\"fr-FR\",\"potentialAction\":[{\"@type\":\"CommentAction\",\"name\":\"Comment\",\"target\":[\"https:\/\/www.lacoifferie.ch\/?p=2186#respond\"]}]},{\"@type\":\"WebPage\",\"@id\":\"https:\/\/www.lacoifferie.ch\/?p=2186\",\"url\":\"https:\/\/www.lacoifferie.ch\/?p=2186\",\"name\":\"Un rideau se baisse et un autre se l\u00e8ve ... - La Coifferie par V\u00e9ronique Buchs - salon de coiffure \u00e0 Vevey\",\"isPartOf\":{\"@id\":\"https:\/\/www.lacoifferie.ch\/#website\"},\"primaryImageOfPage\":{\"@id\":\"https:\/\/www.lacoifferie.ch\/?p=2186#primaryimage\"},\"image\":{\"@id\":\"https:\/\/www.lacoifferie.ch\/?p=2186#primaryimage\"},\"thumbnailUrl\":\"\",\"datePublished\":\"2013-03-14T08:55:06+00:00\",\"dateModified\":\"2014-08-29T22:21:13+00:00\",\"breadcrumb\":{\"@id\":\"https:\/\/www.lacoifferie.ch\/?p=2186#breadcrumb\"},\"inLanguage\":\"fr-FR\",\"potentialAction\":[{\"@type\":\"ReadAction\",\"target\":[\"https:\/\/www.lacoifferie.ch\/?p=2186\"]}]},{\"@type\":\"ImageObject\",\"inLanguage\":\"fr-FR\",\"@id\":\"https:\/\/www.lacoifferie.ch\/?p=2186#primaryimage\",\"url\":\"\",\"contentUrl\":\"\"},{\"@type\":\"BreadcrumbList\",\"@id\":\"https:\/\/www.lacoifferie.ch\/?p=2186#breadcrumb\",\"itemListElement\":[{\"@type\":\"ListItem\",\"position\":1,\"name\":\"Accueil\",\"item\":\"https:\/\/www.lacoifferie.ch\/\"},{\"@type\":\"ListItem\",\"position\":2,\"name\":\"Un rideau se baisse et un autre se l\u00e8ve &#8230;\"}]},{\"@type\":\"WebSite\",\"@id\":\"https:\/\/www.lacoifferie.ch\/#website\",\"url\":\"https:\/\/www.lacoifferie.ch\/\",\"name\":\"La Coifferie par V\u00e9ronique Buchs - salon de coiffure \u00e0 Vevey\",\"description\":\"Pour votre bien \u00eatre ...\",\"publisher\":{\"@id\":\"https:\/\/www.lacoifferie.ch\/#organization\"},\"potentialAction\":[{\"@type\":\"SearchAction\",\"target\":{\"@type\":\"EntryPoint\",\"urlTemplate\":\"https:\/\/www.lacoifferie.ch\/?s={search_term_string}\"},\"query-input\":{\"@type\":\"PropertyValueSpecification\",\"valueRequired\":true,\"valueName\":\"search_term_string\"}}],\"inLanguage\":\"fr-FR\"},{\"@type\":\"Organization\",\"@id\":\"https:\/\/www.lacoifferie.ch\/#organization\",\"name\":\"La Coifferie par V\u00e9ronique Buchs - salon de coiffure \u00e0 Vevey\",\"url\":\"https:\/\/www.lacoifferie.ch\/\",\"logo\":{\"@type\":\"ImageObject\",\"inLanguage\":\"fr-FR\",\"@id\":\"https:\/\/www.lacoifferie.ch\/#\/schema\/logo\/image\/\",\"url\":\"https:\/\/www.lacoifferie.ch\/new\/wp-content\/uploads\/2014\/09\/logo2017_black-1.png\",\"contentUrl\":\"https:\/\/www.lacoifferie.ch\/new\/wp-content\/uploads\/2014\/09\/logo2017_black-1.png\",\"width\":376,\"height\":190,\"caption\":\"La Coifferie par V\u00e9ronique Buchs - salon de coiffure \u00e0 Vevey\"},\"image\":{\"@id\":\"https:\/\/www.lacoifferie.ch\/#\/schema\/logo\/image\/\"},\"sameAs\":[\"https:\/\/www.facebook.com\/lacoifferievevey\",\"https:\/\/www.instagram.com\/lacoifferievevey\/\"]},{\"@type\":\"Person\",\"@id\":\"https:\/\/www.lacoifferie.ch\/#\/schema\/person\/f29f7fa0af92315442d1c512255e9c38\",\"name\":\"Luca Carmagnola\",\"image\":{\"@type\":\"ImageObject\",\"inLanguage\":\"fr-FR\",\"@id\":\"https:\/\/www.lacoifferie.ch\/#\/schema\/person\/image\/\",\"url\":\"https:\/\/secure.gravatar.com\/avatar\/774b97a236576c6cd100e82452aeb7f3a9fcfe500434645d2ad3dda557f6980e?s=96&d=mm&r=g\",\"contentUrl\":\"https:\/\/secure.gravatar.com\/avatar\/774b97a236576c6cd100e82452aeb7f3a9fcfe500434645d2ad3dda557f6980e?s=96&d=mm&r=g\",\"caption\":\"Luca Carmagnola\"},\"url\":\"https:\/\/www.lacoifferie.ch\/?author=3\"}]}<\/script>\n<!-- \/ Yoast SEO plugin. -->","yoast_head_json":{"title":"Un rideau se baisse et un autre se l\u00e8ve ... - La Coifferie par V\u00e9ronique Buchs - salon de coiffure \u00e0 Vevey","robots":{"index":"index","follow":"follow","max-snippet":"max-snippet:-1","max-image-preview":"max-image-preview:large","max-video-preview":"max-video-preview:-1"},"canonical":"https:\/\/www.lacoifferie.ch\/?p=2186","og_locale":"fr_FR","og_type":"article","og_title":"Un rideau se baisse et un autre se l\u00e8ve ... - La Coifferie par V\u00e9ronique Buchs - salon de coiffure \u00e0 Vevey","og_description":"Ch\u00e8re cliente, Cher client, Si La Coifferie a l\u2019honneur et le grand plaisir de vous compter parmi ses fid\u00e8les clientes et clients, elle ne pourrait exister sans une \u00e9quipe de collaboratrices qui s\u2019efforcent de mettre tout en \u0153uvre afin de vous donner satisfaction. C\u2019est dans...","og_url":"https:\/\/www.lacoifferie.ch\/?p=2186","og_site_name":"La Coifferie par V\u00e9ronique Buchs - salon de coiffure \u00e0 Vevey","article_publisher":"https:\/\/www.facebook.com\/lacoifferievevey","article_published_time":"2013-03-14T08:55:06+00:00","article_modified_time":"2014-08-29T22:21:13+00:00","author":"Luca Carmagnola","twitter_card":"summary_large_image","twitter_misc":{"\u00c9crit par":"Luca Carmagnola","Dur\u00e9e de lecture estim\u00e9e":"1 minute"},"schema":{"@context":"https:\/\/schema.org","@graph":[{"@type":"Article","@id":"https:\/\/www.lacoifferie.ch\/?p=2186#article","isPartOf":{"@id":"https:\/\/www.lacoifferie.ch\/?p=2186"},"author":{"name":"Luca Carmagnola","@id":"https:\/\/www.lacoifferie.ch\/#\/schema\/person\/f29f7fa0af92315442d1c512255e9c38"},"headline":"Un rideau se baisse et un autre se l\u00e8ve &#8230;","datePublished":"2013-03-14T08:55:06+00:00","dateModified":"2014-08-29T22:21:13+00:00","mainEntityOfPage":{"@id":"https:\/\/www.lacoifferie.ch\/?p=2186"},"wordCount":162,"commentCount":0,"publisher":{"@id":"https:\/\/www.lacoifferie.ch\/#organization"},"image":{"@id":"https:\/\/www.lacoifferie.ch\/?p=2186#primaryimage"},"thumbnailUrl":"","keywords":["2013","buchs","la coifferie","team","v\u00e9ronique","vevey"],"articleSection":["Actualit\u00e9","Blog","Blog","La Coifferie","Le Salon","Le Team"],"inLanguage":"fr-FR","potentialAction":[{"@type":"CommentAction","name":"Comment","target":["https:\/\/www.lacoifferie.ch\/?p=2186#respond"]}]},{"@type":"WebPage","@id":"https:\/\/www.lacoifferie.ch\/?p=2186","url":"https:\/\/www.lacoifferie.ch\/?p=2186","name":"Un rideau se baisse et un autre se l\u00e8ve ... - La Coifferie par V\u00e9ronique Buchs - salon de coiffure \u00e0 Vevey","isPartOf":{"@id":"https:\/\/www.lacoifferie.ch\/#website"},"primaryImageOfPage":{"@id":"https:\/\/www.lacoifferie.ch\/?p=2186#primaryimage"},"image":{"@id":"https:\/\/www.lacoifferie.ch\/?p=2186#primaryimage"},"thumbnailUrl":"","datePublished":"2013-03-14T08:55:06+00:00","dateModified":"2014-08-29T22:21:13+00:00","breadcrumb":{"@id":"https:\/\/www.lacoifferie.ch\/?p=2186#breadcrumb"},"inLanguage":"fr-FR","potentialAction":[{"@type":"ReadAction","target":["https:\/\/www.lacoifferie.ch\/?p=2186"]}]},{"@type":"ImageObject","inLanguage":"fr-FR","@id":"https:\/\/www.lacoifferie.ch\/?p=2186#primaryimage","url":"","contentUrl":""},{"@type":"BreadcrumbList","@id":"https:\/\/www.lacoifferie.ch\/?p=2186#breadcrumb","itemListElement":[{"@type":"ListItem","position":1,"name":"Accueil","item":"https:\/\/www.lacoifferie.ch\/"},{"@type":"ListItem","position":2,"name":"Un rideau se baisse et un autre se l\u00e8ve &#8230;"}]},{"@type":"WebSite","@id":"https:\/\/www.lacoifferie.ch\/#website","url":"https:\/\/www.lacoifferie.ch\/","name":"La Coifferie par V\u00e9ronique Buchs - salon de coiffure \u00e0 Vevey","description":"Pour votre bien \u00eatre ...","publisher":{"@id":"https:\/\/www.lacoifferie.ch\/#organization"},"potentialAction":[{"@type":"SearchAction","target":{"@type":"EntryPoint","urlTemplate":"https:\/\/www.lacoifferie.ch\/?s={search_term_string}"},"query-input":{"@type":"PropertyValueSpecification","valueRequired":true,"valueName":"search_term_string"}}],"inLanguage":"fr-FR"},{"@type":"Organization","@id":"https:\/\/www.lacoifferie.ch\/#organization","name":"La Coifferie par V\u00e9ronique Buchs - salon de coiffure \u00e0 Vevey","url":"https:\/\/www.lacoifferie.ch\/","logo":{"@type":"ImageObject","inLanguage":"fr-FR","@id":"https:\/\/www.lacoifferie.ch\/#\/schema\/logo\/image\/","url":"https:\/\/www.lacoifferie.ch\/new\/wp-content\/uploads\/2014\/09\/logo2017_black-1.png","contentUrl":"https:\/\/www.lacoifferie.ch\/new\/wp-content\/uploads\/2014\/09\/logo2017_black-1.png","width":376,"height":190,"caption":"La Coifferie par V\u00e9ronique Buchs - salon de coiffure \u00e0 Vevey"},"image":{"@id":"https:\/\/www.lacoifferie.ch\/#\/schema\/logo\/image\/"},"sameAs":["https:\/\/www.facebook.com\/lacoifferievevey","https:\/\/www.instagram.com\/lacoifferievevey\/"]},{"@type":"Person","@id":"https:\/\/www.lacoifferie.ch\/#\/schema\/person\/f29f7fa0af92315442d1c512255e9c38","name":"Luca Carmagnola","image":{"@type":"ImageObject","inLanguage":"fr-FR","@id":"https:\/\/www.lacoifferie.ch\/#\/schema\/person\/image\/","url":"https:\/\/secure.gravatar.com\/avatar\/774b97a236576c6cd100e82452aeb7f3a9fcfe500434645d2ad3dda557f6980e?s=96&d=mm&r=g","contentUrl":"https:\/\/secure.gravatar.com\/avatar\/774b97a236576c6cd100e82452aeb7f3a9fcfe500434645d2ad3dda557f6980e?s=96&d=mm&r=g","caption":"Luca Carmagnola"},"url":"https:\/\/www.lacoifferie.ch\/?author=3"}]}},"_links":{"self":[{"href":"https:\/\/www.lacoifferie.ch\/index.php?rest_route=\/wp\/v2\/posts\/2186","targetHints":{"allow":["GET"]}}],"collection":[{"href":"https:\/\/www.lacoifferie.ch\/index.php?rest_route=\/wp\/v2\/posts"}],"about":[{"href":"https:\/\/www.lacoifferie.ch\/index.php?rest_route=\/wp\/v2\/types\/post"}],"author":[{"embeddable":true,"href":"https:\/\/www.lacoifferie.ch\/index.php?rest_route=\/wp\/v2\/users\/3"}],"replies":[{"embeddable":true,"href":"https:\/\/www.lacoifferie.ch\/index.php?rest_route=%2Fwp%2Fv2%2Fcomments&post=2186"}],"version-history":[{"count":1,"href":"https:\/\/www.lacoifferie.ch\/index.php?rest_route=\/wp\/v2\/posts\/2186\/revisions"}],"predecessor-version":[{"id":17831,"href":"https:\/\/www.lacoifferie.ch\/index.php?rest_route=\/wp\/v2\/posts\/2186\/revisions\/17831"}],"wp:featuredmedia":[{"embeddable":true,"href":"https:\/\/www.lacoifferie.ch\/index.php?rest_route=\/"}],"wp:attachment":[{"href":"https:\/\/www.lacoifferie.ch\/index.php?rest_route=%2Fwp%2Fv2%2Fmedia&parent=2186"}],"wp:term":[{"taxonomy":"category","embeddable":true,"href":"https:\/\/www.lacoifferie.ch\/index.php?rest_route=%2Fwp%2Fv2%2Fcategories&post=2186"},{"taxonomy":"post_tag","embeddable":true,"href":"https:\/\/www.lacoifferie.ch\/index.php?rest_route=%2Fwp%2Fv2%2Ftags&post=2186"}],"curies":[{"name":"wp","href":"https:\/\/api.w.org\/{rel}","templated":true}]}}