{"id":2440,"date":"2013-09-29T14:35:31","date_gmt":"2013-09-29T12:35:31","guid":{"rendered":"http:\/\/www.lacoifferie.ch\/site\/?p=2440"},"modified":"2014-08-30T00:35:57","modified_gmt":"2014-08-29T22:35:57","slug":"suivez-la-soiree-gala-colorzoom-2013-et-soutenez-vero-en-direct-de-los-angeles-2","status":"publish","type":"post","link":"https:\/\/www.lacoifferie.ch\/?p=2440","title":{"rendered":"Suivez la soir\u00e9e Gala ColorZoom 2013 et soutenez V\u00e9ro en direct de Los Angeles !!!"},"content":{"rendered":"<p>Bonjour \u00e0 toutes et \u00e0 tous,<\/p>\n<p>Comme vous savez, on s\u2019approche du <strong>Color Zoom Global Event \u00e0 Los Angeles<\/strong>.<br \/>\nCette ann\u00e9e, pour la premi\u00e8re fois, on a la possibilit\u00e9 de voir la soir\u00e9e de gala ainsi que les gagnants en direct !<strong> Tout le monde peut <a title=\"Se connecter\" href=\"http:\/\/www.goldwellLIVE.com\" target=\"_blank\">se connecter<\/a><\/strong> et regarder cet \u00e9v\u00e9nement spectaculaire <strong>en direct<\/strong> !!!<\/p>\n<h3 style=\"text-align: center;\"><strong>Lundi, 7 octobre 2013 \u00e0 05h00<br \/>\nSoir\u00e9e de GALA &amp; AWARDS<\/strong><\/h3>\n<p style=\"text-align: center;\"><strong>(et oui, c&rsquo;est t\u00f4t MAIS \u00c7A VAUT LA PEINE, non ?<\/strong>)<\/p>\n\n\t\t<style type=\"text\/css\">\n\t\t\t#gallery-1 {\n\t\t\t\tmargin: auto;\n\t\t\t}\n\t\t\t#gallery-1 .gallery-item {\n\t\t\t\tfloat: left;\n\t\t\t\tmargin-top: 10px;\n\t\t\t\ttext-align: center;\n\t\t\t\twidth: 33%;\n\t\t\t}\n\t\t\t#gallery-1 img {\n\t\t\t\tborder: 2px solid #cfcfcf;\n\t\t\t}\n\t\t\t#gallery-1 .gallery-caption {\n\t\t\t\tmargin-left: 0;\n\t\t\t}\n\t\t\t\/* see gallery_shortcode() in wp-includes\/media.php *\/\n\t\t<\/style>\n\t\t<div id='gallery-1' class='gallery galleryid-2440 gallery-columns-3 gallery-size-thumbnail'><dl class='gallery-item'>\n\t\t\t<dt class='gallery-icon portrait'>\n\t\t\t\t<a href='https:\/\/www.lacoifferie.ch\/new\/wp-content\/uploads\/2013\/09\/Webcast-01.jpg'><img loading=\"lazy\" decoding=\"async\" width=\"150\" height=\"150\" src=\"https:\/\/www.lacoifferie.ch\/new\/wp-content\/uploads\/2013\/09\/Webcast-01-150x150.jpg\" class=\"attachment-thumbnail size-thumbnail\" alt=\"\" srcset=\"https:\/\/www.lacoifferie.ch\/new\/wp-content\/uploads\/2013\/09\/Webcast-01-150x150.jpg 150w, https:\/\/www.lacoifferie.ch\/new\/wp-content\/uploads\/2013\/09\/Webcast-01-85x85.jpg 85w, https:\/\/www.lacoifferie.ch\/new\/wp-content\/uploads\/2013\/09\/Webcast-01-550x550.jpg 550w\" sizes=\"auto, (max-width: 150px) 100vw, 150px\" \/><\/a>\n\t\t\t<\/dt><\/dl><dl class='gallery-item'>\n\t\t\t<dt class='gallery-icon landscape'>\n\t\t\t\t<a href='https:\/\/www.lacoifferie.ch\/new\/wp-content\/uploads\/2013\/09\/Webcast-02.jpg'><img loading=\"lazy\" decoding=\"async\" width=\"150\" height=\"150\" src=\"https:\/\/www.lacoifferie.ch\/new\/wp-content\/uploads\/2013\/09\/Webcast-02-150x150.jpg\" class=\"attachment-thumbnail size-thumbnail\" alt=\"\" srcset=\"https:\/\/www.lacoifferie.ch\/new\/wp-content\/uploads\/2013\/09\/Webcast-02-150x150.jpg 150w, https:\/\/www.lacoifferie.ch\/new\/wp-content\/uploads\/2013\/09\/Webcast-02-85x85.jpg 85w, https:\/\/www.lacoifferie.ch\/new\/wp-content\/uploads\/2013\/09\/Webcast-02-550x550.jpg 550w\" sizes=\"auto, (max-width: 150px) 100vw, 150px\" \/><\/a>\n\t\t\t<\/dt><\/dl><dl class='gallery-item'>\n\t\t\t<dt class='gallery-icon landscape'>\n\t\t\t\t<a href='https:\/\/www.lacoifferie.ch\/new\/wp-content\/uploads\/2013\/09\/Webcast-031.jpg'><img loading=\"lazy\" decoding=\"async\" width=\"150\" height=\"150\" src=\"https:\/\/www.lacoifferie.ch\/new\/wp-content\/uploads\/2013\/09\/Webcast-031-150x150.jpg\" class=\"attachment-thumbnail size-thumbnail\" alt=\"\" srcset=\"https:\/\/www.lacoifferie.ch\/new\/wp-content\/uploads\/2013\/09\/Webcast-031-150x150.jpg 150w, https:\/\/www.lacoifferie.ch\/new\/wp-content\/uploads\/2013\/09\/Webcast-031-85x85.jpg 85w, https:\/\/www.lacoifferie.ch\/new\/wp-content\/uploads\/2013\/09\/Webcast-031-550x550.jpg 550w\" sizes=\"auto, (max-width: 150px) 100vw, 150px\" \/><\/a>\n\t\t\t<\/dt><\/dl><br style=\"clear: both\" \/>\n\t\t<\/div>\n\n","protected":false},"excerpt":{"rendered":"<p>Bonjour \u00e0 toutes et \u00e0 tous, Comme vous savez, on s\u2019approche du Color Zoom Global Event \u00e0 Los Angeles. Cette ann\u00e9e, pour la premi\u00e8re fois, on a la possibilit\u00e9 de voir la soir\u00e9e de gala ainsi que les gagnants en direct ! Tout le monde&#8230;<\/p>\n","protected":false},"author":3,"featured_media":0,"comment_status":"open","ping_status":"open","sticky":false,"template":"","format":"standard","meta":{"footnotes":""},"categories":[104,157,265,115,267,201,212],"tags":[138,150,142,141,133,151,134,140,137,97],"class_list":["post-2440","post","type-post","status-publish","format-standard","hentry","category-blog-la-coifferie","category-blog-2","category-colorzoom-2-6","category-goldwell","category-coifferie-18","category-salo","category-creations","tag-buchs","tag-challenge-2013","tag-colorzoom-2","tag-goldwell-2","tag-la-coifferie-2","tag-los-angeles","tag-team","tag-tendances","tag-veronique","tag-vevey"],"yoast_head":"<!-- This site is optimized with the Yoast SEO plugin v27.1.1 - https:\/\/yoast.com\/product\/yoast-seo-wordpress\/ -->\n<title>Suivez la soir\u00e9e Gala ColorZoom 2013 et soutenez V\u00e9ro en direct de Los Angeles !!! - La Coifferie par V\u00e9ronique Buchs - salon de coiffure \u00e0 Vevey<\/title>\n<meta name=\"robots\" content=\"index, follow, max-snippet:-1, max-image-preview:large, max-video-preview:-1\" \/>\n<link rel=\"canonical\" href=\"https:\/\/www.lacoifferie.ch\/?p=2440\" \/>\n<meta property=\"og:locale\" content=\"fr_FR\" \/>\n<meta property=\"og:type\" content=\"article\" \/>\n<meta property=\"og:title\" content=\"Suivez la soir\u00e9e Gala ColorZoom 2013 et soutenez V\u00e9ro en direct de Los Angeles !!! - La Coifferie par V\u00e9ronique Buchs - salon de coiffure \u00e0 Vevey\" \/>\n<meta property=\"og:description\" content=\"Bonjour \u00e0 toutes et \u00e0 tous, Comme vous savez, on s\u2019approche du Color Zoom Global Event \u00e0 Los Angeles. Cette ann\u00e9e, pour la premi\u00e8re fois, on a la possibilit\u00e9 de voir la soir\u00e9e de gala ainsi que les gagnants en direct ! Tout le monde...\" \/>\n<meta property=\"og:url\" content=\"https:\/\/www.lacoifferie.ch\/?p=2440\" \/>\n<meta property=\"og:site_name\" content=\"La Coifferie par V\u00e9ronique Buchs - salon de coiffure \u00e0 Vevey\" \/>\n<meta property=\"article:publisher\" content=\"https:\/\/www.facebook.com\/lacoifferievevey\" \/>\n<meta property=\"article:published_time\" content=\"2013-09-29T12:35:31+00:00\" \/>\n<meta property=\"article:modified_time\" content=\"2014-08-29T22:35:57+00:00\" \/>\n<meta property=\"og:image\" content=\"https:\/\/www.lacoifferie.ch\/new\/wp-content\/uploads\/2013\/09\/Webcast-01-150x150.jpg\" \/>\n<meta name=\"author\" content=\"Luca Carmagnola\" \/>\n<meta name=\"twitter:card\" content=\"summary_large_image\" \/>\n<meta name=\"twitter:label1\" content=\"\u00c9crit par\" \/>\n\t<meta name=\"twitter:data1\" content=\"Luca Carmagnola\" \/>\n<script type=\"application\/ld+json\" class=\"yoast-schema-graph\">{\"@context\":\"https:\/\/schema.org\",\"@graph\":[{\"@type\":\"Article\",\"@id\":\"https:\/\/www.lacoifferie.ch\/?p=2440#article\",\"isPartOf\":{\"@id\":\"https:\/\/www.lacoifferie.ch\/?p=2440\"},\"author\":{\"name\":\"Luca Carmagnola\",\"@id\":\"https:\/\/www.lacoifferie.ch\/#\/schema\/person\/f29f7fa0af92315442d1c512255e9c38\"},\"headline\":\"Suivez la soir\u00e9e Gala ColorZoom 2013 et soutenez V\u00e9ro en direct de Los Angeles !!!\",\"datePublished\":\"2013-09-29T12:35:31+00:00\",\"dateModified\":\"2014-08-29T22:35:57+00:00\",\"mainEntityOfPage\":{\"@id\":\"https:\/\/www.lacoifferie.ch\/?p=2440\"},\"wordCount\":96,\"commentCount\":0,\"publisher\":{\"@id\":\"https:\/\/www.lacoifferie.ch\/#organization\"},\"keywords\":[\"buchs\",\"challenge 2013\",\"colorzoom\",\"goldwell\",\"la coifferie\",\"Los Angeles\",\"team\",\"tendances\",\"v\u00e9ronique\",\"vevey\"],\"articleSection\":[\"Blog\",\"Blog\",\"Colorzoom\",\"Goldwell\",\"La Coifferie\",\"Le Salon\",\"Les Cr\u00e9ations\"],\"inLanguage\":\"fr-FR\",\"potentialAction\":[{\"@type\":\"CommentAction\",\"name\":\"Comment\",\"target\":[\"https:\/\/www.lacoifferie.ch\/?p=2440#respond\"]}]},{\"@type\":\"WebPage\",\"@id\":\"https:\/\/www.lacoifferie.ch\/?p=2440\",\"url\":\"https:\/\/www.lacoifferie.ch\/?p=2440\",\"name\":\"Suivez la soir\u00e9e Gala ColorZoom 2013 et soutenez V\u00e9ro en direct de Los Angeles !!! - La Coifferie par V\u00e9ronique Buchs - salon de coiffure \u00e0 Vevey\",\"isPartOf\":{\"@id\":\"https:\/\/www.lacoifferie.ch\/#website\"},\"datePublished\":\"2013-09-29T12:35:31+00:00\",\"dateModified\":\"2014-08-29T22:35:57+00:00\",\"breadcrumb\":{\"@id\":\"https:\/\/www.lacoifferie.ch\/?p=2440#breadcrumb\"},\"inLanguage\":\"fr-FR\",\"potentialAction\":[{\"@type\":\"ReadAction\",\"target\":[\"https:\/\/www.lacoifferie.ch\/?p=2440\"]}]},{\"@type\":\"BreadcrumbList\",\"@id\":\"https:\/\/www.lacoifferie.ch\/?p=2440#breadcrumb\",\"itemListElement\":[{\"@type\":\"ListItem\",\"position\":1,\"name\":\"Accueil\",\"item\":\"https:\/\/www.lacoifferie.ch\/\"},{\"@type\":\"ListItem\",\"position\":2,\"name\":\"Suivez la soir\u00e9e Gala ColorZoom 2013 et soutenez V\u00e9ro en direct de Los Angeles !!!\"}]},{\"@type\":\"WebSite\",\"@id\":\"https:\/\/www.lacoifferie.ch\/#website\",\"url\":\"https:\/\/www.lacoifferie.ch\/\",\"name\":\"La Coifferie par V\u00e9ronique Buchs - salon de coiffure \u00e0 Vevey\",\"description\":\"Pour votre bien \u00eatre ...\",\"publisher\":{\"@id\":\"https:\/\/www.lacoifferie.ch\/#organization\"},\"potentialAction\":[{\"@type\":\"SearchAction\",\"target\":{\"@type\":\"EntryPoint\",\"urlTemplate\":\"https:\/\/www.lacoifferie.ch\/?s={search_term_string}\"},\"query-input\":{\"@type\":\"PropertyValueSpecification\",\"valueRequired\":true,\"valueName\":\"search_term_string\"}}],\"inLanguage\":\"fr-FR\"},{\"@type\":\"Organization\",\"@id\":\"https:\/\/www.lacoifferie.ch\/#organization\",\"name\":\"La Coifferie par V\u00e9ronique Buchs - salon de coiffure \u00e0 Vevey\",\"url\":\"https:\/\/www.lacoifferie.ch\/\",\"logo\":{\"@type\":\"ImageObject\",\"inLanguage\":\"fr-FR\",\"@id\":\"https:\/\/www.lacoifferie.ch\/#\/schema\/logo\/image\/\",\"url\":\"https:\/\/www.lacoifferie.ch\/new\/wp-content\/uploads\/2014\/09\/logo2017_black-1.png\",\"contentUrl\":\"https:\/\/www.lacoifferie.ch\/new\/wp-content\/uploads\/2014\/09\/logo2017_black-1.png\",\"width\":376,\"height\":190,\"caption\":\"La Coifferie par V\u00e9ronique Buchs - salon de coiffure \u00e0 Vevey\"},\"image\":{\"@id\":\"https:\/\/www.lacoifferie.ch\/#\/schema\/logo\/image\/\"},\"sameAs\":[\"https:\/\/www.facebook.com\/lacoifferievevey\",\"https:\/\/www.instagram.com\/lacoifferievevey\/\"]},{\"@type\":\"Person\",\"@id\":\"https:\/\/www.lacoifferie.ch\/#\/schema\/person\/f29f7fa0af92315442d1c512255e9c38\",\"name\":\"Luca Carmagnola\",\"image\":{\"@type\":\"ImageObject\",\"inLanguage\":\"fr-FR\",\"@id\":\"https:\/\/www.lacoifferie.ch\/#\/schema\/person\/image\/\",\"url\":\"https:\/\/secure.gravatar.com\/avatar\/774b97a236576c6cd100e82452aeb7f3a9fcfe500434645d2ad3dda557f6980e?s=96&d=mm&r=g\",\"contentUrl\":\"https:\/\/secure.gravatar.com\/avatar\/774b97a236576c6cd100e82452aeb7f3a9fcfe500434645d2ad3dda557f6980e?s=96&d=mm&r=g\",\"caption\":\"Luca Carmagnola\"},\"url\":\"https:\/\/www.lacoifferie.ch\/?author=3\"}]}<\/script>\n<!-- \/ Yoast SEO plugin. -->","yoast_head_json":{"title":"Suivez la soir\u00e9e Gala ColorZoom 2013 et soutenez V\u00e9ro en direct de Los Angeles !!! - La Coifferie par V\u00e9ronique Buchs - salon de coiffure \u00e0 Vevey","robots":{"index":"index","follow":"follow","max-snippet":"max-snippet:-1","max-image-preview":"max-image-preview:large","max-video-preview":"max-video-preview:-1"},"canonical":"https:\/\/www.lacoifferie.ch\/?p=2440","og_locale":"fr_FR","og_type":"article","og_title":"Suivez la soir\u00e9e Gala ColorZoom 2013 et soutenez V\u00e9ro en direct de Los Angeles !!! - La Coifferie par V\u00e9ronique Buchs - salon de coiffure \u00e0 Vevey","og_description":"Bonjour \u00e0 toutes et \u00e0 tous, Comme vous savez, on s\u2019approche du Color Zoom Global Event \u00e0 Los Angeles. Cette ann\u00e9e, pour la premi\u00e8re fois, on a la possibilit\u00e9 de voir la soir\u00e9e de gala ainsi que les gagnants en direct ! Tout le monde...","og_url":"https:\/\/www.lacoifferie.ch\/?p=2440","og_site_name":"La Coifferie par V\u00e9ronique Buchs - salon de coiffure \u00e0 Vevey","article_publisher":"https:\/\/www.facebook.com\/lacoifferievevey","article_published_time":"2013-09-29T12:35:31+00:00","article_modified_time":"2014-08-29T22:35:57+00:00","og_image":[{"url":"https:\/\/www.lacoifferie.ch\/new\/wp-content\/uploads\/2013\/09\/Webcast-01-150x150.jpg","type":"","width":"","height":""}],"author":"Luca Carmagnola","twitter_card":"summary_large_image","twitter_misc":{"\u00c9crit par":"Luca Carmagnola"},"schema":{"@context":"https:\/\/schema.org","@graph":[{"@type":"Article","@id":"https:\/\/www.lacoifferie.ch\/?p=2440#article","isPartOf":{"@id":"https:\/\/www.lacoifferie.ch\/?p=2440"},"author":{"name":"Luca Carmagnola","@id":"https:\/\/www.lacoifferie.ch\/#\/schema\/person\/f29f7fa0af92315442d1c512255e9c38"},"headline":"Suivez la soir\u00e9e Gala ColorZoom 2013 et soutenez V\u00e9ro en direct de Los Angeles !!!","datePublished":"2013-09-29T12:35:31+00:00","dateModified":"2014-08-29T22:35:57+00:00","mainEntityOfPage":{"@id":"https:\/\/www.lacoifferie.ch\/?p=2440"},"wordCount":96,"commentCount":0,"publisher":{"@id":"https:\/\/www.lacoifferie.ch\/#organization"},"keywords":["buchs","challenge 2013","colorzoom","goldwell","la coifferie","Los Angeles","team","tendances","v\u00e9ronique","vevey"],"articleSection":["Blog","Blog","Colorzoom","Goldwell","La Coifferie","Le Salon","Les Cr\u00e9ations"],"inLanguage":"fr-FR","potentialAction":[{"@type":"CommentAction","name":"Comment","target":["https:\/\/www.lacoifferie.ch\/?p=2440#respond"]}]},{"@type":"WebPage","@id":"https:\/\/www.lacoifferie.ch\/?p=2440","url":"https:\/\/www.lacoifferie.ch\/?p=2440","name":"Suivez la soir\u00e9e Gala ColorZoom 2013 et soutenez V\u00e9ro en direct de Los Angeles !!! - La Coifferie par V\u00e9ronique Buchs - salon de coiffure \u00e0 Vevey","isPartOf":{"@id":"https:\/\/www.lacoifferie.ch\/#website"},"datePublished":"2013-09-29T12:35:31+00:00","dateModified":"2014-08-29T22:35:57+00:00","breadcrumb":{"@id":"https:\/\/www.lacoifferie.ch\/?p=2440#breadcrumb"},"inLanguage":"fr-FR","potentialAction":[{"@type":"ReadAction","target":["https:\/\/www.lacoifferie.ch\/?p=2440"]}]},{"@type":"BreadcrumbList","@id":"https:\/\/www.lacoifferie.ch\/?p=2440#breadcrumb","itemListElement":[{"@type":"ListItem","position":1,"name":"Accueil","item":"https:\/\/www.lacoifferie.ch\/"},{"@type":"ListItem","position":2,"name":"Suivez la soir\u00e9e Gala ColorZoom 2013 et soutenez V\u00e9ro en direct de Los Angeles !!!"}]},{"@type":"WebSite","@id":"https:\/\/www.lacoifferie.ch\/#website","url":"https:\/\/www.lacoifferie.ch\/","name":"La Coifferie par V\u00e9ronique Buchs - salon de coiffure \u00e0 Vevey","description":"Pour votre bien \u00eatre ...","publisher":{"@id":"https:\/\/www.lacoifferie.ch\/#organization"},"potentialAction":[{"@type":"SearchAction","target":{"@type":"EntryPoint","urlTemplate":"https:\/\/www.lacoifferie.ch\/?s={search_term_string}"},"query-input":{"@type":"PropertyValueSpecification","valueRequired":true,"valueName":"search_term_string"}}],"inLanguage":"fr-FR"},{"@type":"Organization","@id":"https:\/\/www.lacoifferie.ch\/#organization","name":"La Coifferie par V\u00e9ronique Buchs - salon de coiffure \u00e0 Vevey","url":"https:\/\/www.lacoifferie.ch\/","logo":{"@type":"ImageObject","inLanguage":"fr-FR","@id":"https:\/\/www.lacoifferie.ch\/#\/schema\/logo\/image\/","url":"https:\/\/www.lacoifferie.ch\/new\/wp-content\/uploads\/2014\/09\/logo2017_black-1.png","contentUrl":"https:\/\/www.lacoifferie.ch\/new\/wp-content\/uploads\/2014\/09\/logo2017_black-1.png","width":376,"height":190,"caption":"La Coifferie par V\u00e9ronique Buchs - salon de coiffure \u00e0 Vevey"},"image":{"@id":"https:\/\/www.lacoifferie.ch\/#\/schema\/logo\/image\/"},"sameAs":["https:\/\/www.facebook.com\/lacoifferievevey","https:\/\/www.instagram.com\/lacoifferievevey\/"]},{"@type":"Person","@id":"https:\/\/www.lacoifferie.ch\/#\/schema\/person\/f29f7fa0af92315442d1c512255e9c38","name":"Luca Carmagnola","image":{"@type":"ImageObject","inLanguage":"fr-FR","@id":"https:\/\/www.lacoifferie.ch\/#\/schema\/person\/image\/","url":"https:\/\/secure.gravatar.com\/avatar\/774b97a236576c6cd100e82452aeb7f3a9fcfe500434645d2ad3dda557f6980e?s=96&d=mm&r=g","contentUrl":"https:\/\/secure.gravatar.com\/avatar\/774b97a236576c6cd100e82452aeb7f3a9fcfe500434645d2ad3dda557f6980e?s=96&d=mm&r=g","caption":"Luca Carmagnola"},"url":"https:\/\/www.lacoifferie.ch\/?author=3"}]}},"_links":{"self":[{"href":"https:\/\/www.lacoifferie.ch\/index.php?rest_route=\/wp\/v2\/posts\/2440","targetHints":{"allow":["GET"]}}],"collection":[{"href":"https:\/\/www.lacoifferie.ch\/index.php?rest_route=\/wp\/v2\/posts"}],"about":[{"href":"https:\/\/www.lacoifferie.ch\/index.php?rest_route=\/wp\/v2\/types\/post"}],"author":[{"embeddable":true,"href":"https:\/\/www.lacoifferie.ch\/index.php?rest_route=\/wp\/v2\/users\/3"}],"replies":[{"embeddable":true,"href":"https:\/\/www.lacoifferie.ch\/index.php?rest_route=%2Fwp%2Fv2%2Fcomments&post=2440"}],"version-history":[{"count":1,"href":"https:\/\/www.lacoifferie.ch\/index.php?rest_route=\/wp\/v2\/posts\/2440\/revisions"}],"predecessor-version":[{"id":17905,"href":"https:\/\/www.lacoifferie.ch\/index.php?rest_route=\/wp\/v2\/posts\/2440\/revisions\/17905"}],"wp:attachment":[{"href":"https:\/\/www.lacoifferie.ch\/index.php?rest_route=%2Fwp%2Fv2%2Fmedia&parent=2440"}],"wp:term":[{"taxonomy":"category","embeddable":true,"href":"https:\/\/www.lacoifferie.ch\/index.php?rest_route=%2Fwp%2Fv2%2Fcategories&post=2440"},{"taxonomy":"post_tag","embeddable":true,"href":"https:\/\/www.lacoifferie.ch\/index.php?rest_route=%2Fwp%2Fv2%2Ftags&post=2440"}],"curies":[{"name":"wp","href":"https:\/\/api.w.org\/{rel}","templated":true}]}}